{"id":9485,"date":"2012-08-18T09:58:33","date_gmt":"2012-08-18T07:58:33","guid":{"rendered":"http:\/\/www.damianzimmermann.de\/blog\/?p=9485"},"modified":"2019-03-25T22:59:49","modified_gmt":"2019-03-25T21:59:49","slug":"gute-aussichten_mustererkennung-in-koln","status":"publish","type":"post","link":"https:\/\/www.damianzimmermann.de\/blog\/gute-aussichten_mustererkennung-in-koln\/","title":{"rendered":"&#8222;Gute aussichten: Mustererkennung&#8220;"},"content":{"rendered":"<p>Bereits seit 2004 zeichnet der Wettbewerb &#8222;Gute Aussichten&#8220;, der von <strong>Josefine Raab<\/strong> und <strong>Stefan Becht<\/strong> ins Leben gerufen wurde, die besten deutschen Fotografie-Abschlussarbeiten aus und pr\u00e4sentiert diese in Ausstellungen im In- und Ausland. Dar\u00fcber hinaus h\u00e4lt &#8222;Gute Aussichten&#8220; den Kontakt zu den Preistr\u00e4gern und versucht sie auch nach dem Wettbewerb zu f\u00f6rdern und zu unterst\u00fctzen.<\/p>\n<p>Vor diesem Hintergrund ist auch die aktuelle Ausstellung &#8222;gute aussichten_mustererkennung&#8220; im <strong>Museum f\u00fcr Angewandte Kunst K\u00f6ln<\/strong> (MAKK) zu verstehen. MAKK-Leiterin Petra Hesse wollte &#8222;Gute Aussichten&#8220; nur zeigen, wenn sich die Ausstellung inhaltlich mit dem K\u00f6lner Jahr der Architektur auseinandersetzt. Kuratorin Wibke von Bonin w\u00e4hlte deshalb aus den bisherigen Siegern von 2004 bis 2011 zw\u00f6lf Fotografen wie <strong>Georg Br\u00fcckmann<\/strong>, <strong>Philipp Goldbach<\/strong>, <strong>Shigeru Takato<\/strong> und <strong>Franziska Zacharias<\/strong> aus, die sich im weitesten Sinne mit Architektur, Strukturen und Muster auseinandersetzen. Das Ergebnis ist nun bis zum 14. Oktober zu sehen.<\/p>\n<p>Meine ausf\u00fchrliche Besprechung, die heute im K\u00f6lner Stadt-Anzeiger erschienen ist, gibt es <a href=\"https:\/\/www.damianzimmermann.de\/blog\/wp-content\/uploads\/gute-aussichten_mustererkennung.pdf\" target=\"_blank\" rel=\"noopener noreferrer\">hier<\/a> als PDF. Entschuldigt bitte die falsche Bildzeile unter Georg Br\u00fcckmanns &#8222;in situ&#8220;-Bild &#8211; da ist in der Redaktion wohl etwas schief gelaufen.<\/p>\n<p>Link: <a href=\"http:\/\/www.guteaussichten.org\/index.php?id=458\" target=\"_blank\" rel=\"noopener noreferrer\">gute aussichten_mustererkennung<\/a><\/p>\n\n\t\t<style type=\"text\/css\">\n\t\t\t#gallery-1 {\n\t\t\t\tmargin: auto;\n\t\t\t}\n\t\t\t#gallery-1 .gallery-item {\n\t\t\t\tfloat: left;\n\t\t\t\tmargin-top: 10px;\n\t\t\t\ttext-align: center;\n\t\t\t\twidth: 100%;\n\t\t\t}\n\t\t\t#gallery-1 img {\n\t\t\t\tborder: 2px solid #cfcfcf;\n\t\t\t}\n\t\t\t#gallery-1 .gallery-caption {\n\t\t\t\tmargin-left: 0;\n\t\t\t}\n\t\t\t\/* see gallery_shortcode() in wp-includes\/media.php *\/\n\t\t<\/style>\n\t\t<div id='gallery-1' class='gallery galleryid-9485 gallery-columns-1 gallery-size-large'><dl class='gallery-item'>\n\t\t\t<dt class='gallery-icon portrait'>\n\t\t\t\t<img loading=\"lazy\" decoding=\"async\" width=\"600\" height=\"900\" src=\"https:\/\/www.damianzimmermann.de\/blog\/wp-content\/uploads\/06_Lorenz_Axiom_8.jpg\" class=\"attachment-large size-large\" alt=\"\" aria-describedby=\"gallery-1-9505\" srcset=\"https:\/\/www.damianzimmermann.de\/blog\/wp-content\/uploads\/06_Lorenz_Axiom_8.jpg 600w, https:\/\/www.damianzimmermann.de\/blog\/wp-content\/uploads\/06_Lorenz_Axiom_8-100x150.jpg 100w, https:\/\/www.damianzimmermann.de\/blog\/wp-content\/uploads\/06_Lorenz_Axiom_8-266x400.jpg 266w\" sizes=\"auto, (max-width: 600px) 100vw, 600px\" \/>\n\t\t\t<\/dt>\n\t\t\t\t<dd class='wp-caption-text gallery-caption' id='gallery-1-9505'>\n\t\t\t\tTamara Lorenz, aus der Serie &#8222;Axiome&#8220;\n\t\t\t\t<\/dd><\/dl><br style=\"clear: both\" \/><dl class='gallery-item'>\n\t\t\t<dt class='gallery-icon landscape'>\n\t\t\t\t<img loading=\"lazy\" decoding=\"async\" width=\"620\" height=\"620\" src=\"https:\/\/www.damianzimmermann.de\/blog\/wp-content\/uploads\/03_Kaelberer.jpg\" class=\"attachment-large size-large\" alt=\"\" aria-describedby=\"gallery-1-9502\" srcset=\"https:\/\/www.damianzimmermann.de\/blog\/wp-content\/uploads\/03_Kaelberer.jpg 900w, https:\/\/www.damianzimmermann.de\/blog\/wp-content\/uploads\/03_Kaelberer-150x150.jpg 150w, https:\/\/www.damianzimmermann.de\/blog\/wp-content\/uploads\/03_Kaelberer-400x400.jpg 400w\" sizes=\"auto, (max-width: 620px) 100vw, 620px\" \/>\n\t\t\t<\/dt>\n\t\t\t\t<dd class='wp-caption-text gallery-caption' id='gallery-1-9502'>\n\t\t\t\tSonja K\u00e4lberer, aus der Serie &#8222;bel composto&#8220;\n\t\t\t\t<\/dd><\/dl><br style=\"clear: both\" \/><dl class='gallery-item'>\n\t\t\t<dt class='gallery-icon portrait'>\n\t\t\t\t<img loading=\"lazy\" decoding=\"async\" width=\"620\" height=\"720\" src=\"https:\/\/www.damianzimmermann.de\/blog\/wp-content\/uploads\/08_Wollnik_11f01.jpg\" class=\"attachment-large size-large\" alt=\"\" aria-describedby=\"gallery-1-9507\" srcset=\"https:\/\/www.damianzimmermann.de\/blog\/wp-content\/uploads\/08_Wollnik_11f01.jpg 775w, https:\/\/www.damianzimmermann.de\/blog\/wp-content\/uploads\/08_Wollnik_11f01-129x150.jpg 129w, https:\/\/www.damianzimmermann.de\/blog\/wp-content\/uploads\/08_Wollnik_11f01-344x400.jpg 344w\" sizes=\"auto, (max-width: 620px) 100vw, 620px\" \/>\n\t\t\t<\/dt>\n\t\t\t\t<dd class='wp-caption-text gallery-caption' id='gallery-1-9507'>\n\t\t\t\tNicolas Wollnik, aus der Serie &#8222;Constructures&#8220;\n\t\t\t\t<\/dd><\/dl><br style=\"clear: both\" \/><dl class='gallery-item'>\n\t\t\t<dt class='gallery-icon landscape'>\n\t\t\t\t<img loading=\"lazy\" decoding=\"async\" width=\"620\" height=\"497\" src=\"https:\/\/www.damianzimmermann.de\/blog\/wp-content\/uploads\/07_Hoppe_1.jpg\" class=\"attachment-large size-large\" alt=\"\" aria-describedby=\"gallery-1-9506\" srcset=\"https:\/\/www.damianzimmermann.de\/blog\/wp-content\/uploads\/07_Hoppe_1.jpg 900w, https:\/\/www.damianzimmermann.de\/blog\/wp-content\/uploads\/07_Hoppe_1-187x150.jpg 187w, https:\/\/www.damianzimmermann.de\/blog\/wp-content\/uploads\/07_Hoppe_1-400x320.jpg 400w\" sizes=\"auto, (max-width: 620px) 100vw, 620px\" \/>\n\t\t\t<\/dt>\n\t\t\t\t<dd class='wp-caption-text gallery-caption' id='gallery-1-9506'>\n\t\t\t\tMargret Hoppe, aus der Serie &#8222;Observer l&#8217;Espace&#8220;\n\t\t\t\t<\/dd><\/dl><br style=\"clear: both\" \/><dl class='gallery-item'>\n\t\t\t<dt class='gallery-icon landscape'>\n\t\t\t\t<img loading=\"lazy\" decoding=\"async\" width=\"620\" height=\"422\" src=\"https:\/\/www.damianzimmermann.de\/blog\/wp-content\/uploads\/05_Zacharias_le_noir_familie_3.jpg\" class=\"attachment-large size-large\" alt=\"\" aria-describedby=\"gallery-1-9504\" srcset=\"https:\/\/www.damianzimmermann.de\/blog\/wp-content\/uploads\/05_Zacharias_le_noir_familie_3.jpg 900w, https:\/\/www.damianzimmermann.de\/blog\/wp-content\/uploads\/05_Zacharias_le_noir_familie_3-200x136.jpg 200w, https:\/\/www.damianzimmermann.de\/blog\/wp-content\/uploads\/05_Zacharias_le_noir_familie_3-400x272.jpg 400w\" sizes=\"auto, (max-width: 620px) 100vw, 620px\" \/>\n\t\t\t<\/dt>\n\t\t\t\t<dd class='wp-caption-text gallery-caption' id='gallery-1-9504'>\n\t\t\t\tFranziska Zacharias, aus der Serie &#8222;le noir familie&#8220;\n\t\t\t\t<\/dd><\/dl><br style=\"clear: both\" \/><dl class='gallery-item'>\n\t\t\t<dt class='gallery-icon landscape'>\n\t\t\t\t<img loading=\"lazy\" decoding=\"async\" width=\"620\" height=\"462\" src=\"https:\/\/www.damianzimmermann.de\/blog\/wp-content\/uploads\/01_Brueckmann_Isokon.jpg\" class=\"attachment-large size-large\" alt=\"\" aria-describedby=\"gallery-1-9500\" srcset=\"https:\/\/www.damianzimmermann.de\/blog\/wp-content\/uploads\/01_Brueckmann_Isokon.jpg 900w, https:\/\/www.damianzimmermann.de\/blog\/wp-content\/uploads\/01_Brueckmann_Isokon-200x149.jpg 200w, https:\/\/www.damianzimmermann.de\/blog\/wp-content\/uploads\/01_Brueckmann_Isokon-400x298.jpg 400w\" sizes=\"auto, (max-width: 620px) 100vw, 620px\" \/>\n\t\t\t<\/dt>\n\t\t\t\t<dd class='wp-caption-text gallery-caption' id='gallery-1-9500'>\n\t\t\t\tGeorg Br\u00fcckmann, aus der Serie &#8222;in situ&#8220;\n\t\t\t\t<\/dd><\/dl><br style=\"clear: both\" \/><dl class='gallery-item'>\n\t\t\t<dt class='gallery-icon landscape'>\n\t\t\t\t<img loading=\"lazy\" decoding=\"async\" width=\"620\" height=\"496\" src=\"https:\/\/www.damianzimmermann.de\/blog\/wp-content\/uploads\/02_Goldbach_Kiel.jpg\" class=\"attachment-large size-large\" alt=\"\" aria-describedby=\"gallery-1-9501\" srcset=\"https:\/\/www.damianzimmermann.de\/blog\/wp-content\/uploads\/02_Goldbach_Kiel.jpg 900w, https:\/\/www.damianzimmermann.de\/blog\/wp-content\/uploads\/02_Goldbach_Kiel-187x150.jpg 187w, https:\/\/www.damianzimmermann.de\/blog\/wp-content\/uploads\/02_Goldbach_Kiel-400x320.jpg 400w\" sizes=\"auto, (max-width: 620px) 100vw, 620px\" \/>\n\t\t\t<\/dt>\n\t\t\t\t<dd class='wp-caption-text gallery-caption' id='gallery-1-9501'>\n\t\t\t\tPhilipp Goldbach, aus der Serie &#8222;Tafelbilder&#8220;\n\t\t\t\t<\/dd><\/dl><br style=\"clear: both\" \/><dl class='gallery-item'>\n\t\t\t<dt class='gallery-icon landscape'>\n\t\t\t\t<img loading=\"lazy\" decoding=\"async\" width=\"620\" height=\"490\" src=\"https:\/\/www.damianzimmermann.de\/blog\/wp-content\/uploads\/04_Takato_Koeln_IV.jpg\" class=\"attachment-large size-large\" alt=\"\" aria-describedby=\"gallery-1-9503\" srcset=\"https:\/\/www.damianzimmermann.de\/blog\/wp-content\/uploads\/04_Takato_Koeln_IV.jpg 900w, https:\/\/www.damianzimmermann.de\/blog\/wp-content\/uploads\/04_Takato_Koeln_IV-189x150.jpg 189w, https:\/\/www.damianzimmermann.de\/blog\/wp-content\/uploads\/04_Takato_Koeln_IV-400x316.jpg 400w\" sizes=\"auto, (max-width: 620px) 100vw, 620px\" \/>\n\t\t\t<\/dt>\n\t\t\t\t<dd class='wp-caption-text gallery-caption' id='gallery-1-9503'>\n\t\t\t\tShigeru Takato, aus der Serie &#8222;Television Studios&#8220;\n\t\t\t\t<\/dd><\/dl><br style=\"clear: both\" \/>\n\t\t<\/div>\n\n","protected":false},"excerpt":{"rendered":"<p>Bereits seit 2004 zeichnet der Wettbewerb &#8222;Gute Aussichten&#8220;, der von Josefine Raab und Stefan Becht ins Leben gerufen wurde, die besten deutschen Fotografie-Abschlussarbeiten aus und pr\u00e4sentiert diese in&#8230;<\/p>\n","protected":false},"author":1,"featured_media":9503,"comment_status":"closed","ping_status":"open","sticky":false,"template":"","format":"standard","meta":{"footnotes":""},"categories":[6],"tags":[856,853,851,854,855,852],"class_list":["post-9485","post","type-post","status-publish","format-standard","has-post-thumbnail","hentry","category-ausstellungen","tag-franziska-zacharias","tag-georg-bruckmann","tag-josefine-raab","tag-philipp-goldbach","tag-shigeru-takato","tag-stefan-becht"],"_links":{"self":[{"href":"https:\/\/www.damianzimmermann.de\/blog\/wp-json\/wp\/v2\/posts\/9485","targetHints":{"allow":["GET"]}}],"collection":[{"href":"https:\/\/www.damianzimmermann.de\/blog\/wp-json\/wp\/v2\/posts"}],"about":[{"href":"https:\/\/www.damianzimmermann.de\/blog\/wp-json\/wp\/v2\/types\/post"}],"author":[{"embeddable":true,"href":"https:\/\/www.damianzimmermann.de\/blog\/wp-json\/wp\/v2\/users\/1"}],"replies":[{"embeddable":true,"href":"https:\/\/www.damianzimmermann.de\/blog\/wp-json\/wp\/v2\/comments?post=9485"}],"version-history":[{"count":41,"href":"https:\/\/www.damianzimmermann.de\/blog\/wp-json\/wp\/v2\/posts\/9485\/revisions"}],"predecessor-version":[{"id":20431,"href":"https:\/\/www.damianzimmermann.de\/blog\/wp-json\/wp\/v2\/posts\/9485\/revisions\/20431"}],"wp:featuredmedia":[{"embeddable":true,"href":"https:\/\/www.damianzimmermann.de\/blog\/wp-json\/wp\/v2\/media\/9503"}],"wp:attachment":[{"href":"https:\/\/www.damianzimmermann.de\/blog\/wp-json\/wp\/v2\/media?parent=9485"}],"wp:term":[{"taxonomy":"category","embeddable":true,"href":"https:\/\/www.damianzimmermann.de\/blog\/wp-json\/wp\/v2\/categories?post=9485"},{"taxonomy":"post_tag","embeddable":true,"href":"https:\/\/www.damianzimmermann.de\/blog\/wp-json\/wp\/v2\/tags?post=9485"}],"curies":[{"name":"wp","href":"https:\/\/api.w.org\/{rel}","templated":true}]}}