{"id":9453,"date":"2012-08-10T08:00:58","date_gmt":"2012-08-10T07:00:58","guid":{"rendered":"http:\/\/www.damianzimmermann.de\/blog\/?p=9453"},"modified":"2019-03-25T23:01:05","modified_gmt":"2019-03-25T22:01:05","slug":"beitrag-in-den-bdk-mitteilungen","status":"publish","type":"post","link":"https:\/\/www.damianzimmermann.de\/blog\/beitrag-in-den-bdk-mitteilungen\/","title":{"rendered":"Beitrag in den &#8222;BDK Mitteilungen&#8220;"},"content":{"rendered":"<p>\u00dcber mein j\u00fcngstes <strong>Kultur &amp; Schule<\/strong>-Projekt am Europagymnasium Kerpen und die wunderbaren Ergebnisse, den der dortige Kunst-LK von <strong>Anna-Maria Loffredo<\/strong> zustande gebracht hat, habe ich ja bereits <a href=\"https:\/\/www.damianzimmermann.de\/blog\/?p=8053\" target=\"_blank\" rel=\"noopener noreferrer\">berichtet<\/a>.<\/p>\n<p>Nun hat der Fachverband f\u00fcr Kunstp\u00e4dagogik in seiner neuesten Ausgabe der &#8222;BDK Mitteilungen&#8220; unseren gemeinsamen, f\u00fcnfseitigen Bericht \u00fcber die (au\u00dfer)unterrichtliche Kooperation ver\u00f6ffentlicht. Darin stellen wir unser Projekt &#8222;Eine schrecklich nette Familie?!&#8220; im Detail vor und gehen die einzelnen Unterrichtsschritte durch.<\/p>\n<p>Den gesamten Artikel gibt es <a href=\"https:\/\/www.damianzimmermann.de\/blog\/wp-content\/uploads\/BDK_Heft_3_2012-S19-23.pdf\" target=\"_blank\" rel=\"noopener noreferrer\">hier<\/a> als PDF.<\/p>\n<p>Link: <a href=\"http:\/\/www.bdk-online.info\/blog\/2012\/07\/23\/bdk-mitteilungen-32012\/#more-2877\" target=\"_blank\" rel=\"noopener noreferrer\">BDK<\/a><\/p>\n\n\t\t<style type=\"text\/css\">\n\t\t\t#gallery-1 {\n\t\t\t\tmargin: auto;\n\t\t\t}\n\t\t\t#gallery-1 .gallery-item {\n\t\t\t\tfloat: left;\n\t\t\t\tmargin-top: 10px;\n\t\t\t\ttext-align: center;\n\t\t\t\twidth: 100%;\n\t\t\t}\n\t\t\t#gallery-1 img {\n\t\t\t\tborder: 2px solid #cfcfcf;\n\t\t\t}\n\t\t\t#gallery-1 .gallery-caption {\n\t\t\t\tmargin-left: 0;\n\t\t\t}\n\t\t\t\/* see gallery_shortcode() in wp-includes\/media.php *\/\n\t\t<\/style>\n\t\t<div id='gallery-1' class='gallery galleryid-9453 gallery-columns-1 gallery-size-large'><dl class='gallery-item'>\n\t\t\t<dt class='gallery-icon portrait'>\n\t\t\t\t<img loading=\"lazy\" decoding=\"async\" width=\"439\" height=\"621\" src=\"https:\/\/www.damianzimmermann.de\/blog\/wp-content\/uploads\/BDK-Mitteilungen_3_2012.jpg\" class=\"attachment-large size-large\" alt=\"\" aria-describedby=\"gallery-1-9465\" srcset=\"https:\/\/www.damianzimmermann.de\/blog\/wp-content\/uploads\/BDK-Mitteilungen_3_2012.jpg 439w, https:\/\/www.damianzimmermann.de\/blog\/wp-content\/uploads\/BDK-Mitteilungen_3_2012-106x150.jpg 106w, https:\/\/www.damianzimmermann.de\/blog\/wp-content\/uploads\/BDK-Mitteilungen_3_2012-282x400.jpg 282w\" sizes=\"auto, (max-width: 439px) 100vw, 439px\" \/>\n\t\t\t<\/dt>\n\t\t\t\t<dd class='wp-caption-text gallery-caption' id='gallery-1-9465'>\n\t\t\t\tBDK Mitteilungen 3\/2012 &#8211; Cover\n\t\t\t\t<\/dd><\/dl><br style=\"clear: both\" \/><dl class='gallery-item'>\n\t\t\t<dt class='gallery-icon portrait'>\n\t\t\t\t<img loading=\"lazy\" decoding=\"async\" width=\"601\" height=\"850\" src=\"https:\/\/www.damianzimmermann.de\/blog\/wp-content\/uploads\/BDK1.jpg\" class=\"attachment-large size-large\" alt=\"\" aria-describedby=\"gallery-1-9464\" srcset=\"https:\/\/www.damianzimmermann.de\/blog\/wp-content\/uploads\/BDK1.jpg 601w, https:\/\/www.damianzimmermann.de\/blog\/wp-content\/uploads\/BDK1-106x150.jpg 106w, https:\/\/www.damianzimmermann.de\/blog\/wp-content\/uploads\/BDK1-282x400.jpg 282w\" sizes=\"auto, (max-width: 601px) 100vw, 601px\" \/>\n\t\t\t<\/dt>\n\t\t\t\t<dd class='wp-caption-text gallery-caption' id='gallery-1-9464'>\n\t\t\t\tAnna Maria Loffredo &#038; Damian Zimmermann: &#8222;Eine schrecklich nette Familie?! Bericht \u00fcber eine (au\u00dfer)unterrichtliche Kooperation in einem Leistungskurs 12 zu fotogra\ufb01schen Gruppenportr\u00e4ts&#8220; erschienen in &#8222;BDK Mitteilungen 3\/2012&#8220;\n\t\t\t\t<\/dd><\/dl><br style=\"clear: both\" \/>\n\t\t<\/div>\n\n","protected":false},"excerpt":{"rendered":"<p>\u00dcber mein j\u00fcngstes Kultur &amp; Schule-Projekt am Europagymnasium Kerpen und die wunderbaren Ergebnisse, den der dortige Kunst-LK von Anna-Maria Loffredo zustande gebracht hat, habe ich ja bereits berichtet&#8230;.<\/p>\n","protected":false},"author":1,"featured_media":9465,"comment_status":"closed","ping_status":"open","sticky":false,"template":"","format":"standard","meta":{"footnotes":""},"categories":[1161],"tags":[659,214],"class_list":["post-9453","post","type-post","status-publish","format-standard","has-post-thumbnail","hentry","category-bildung","tag-anna-maria-loffredo","tag-kultur-schule"],"_links":{"self":[{"href":"https:\/\/www.damianzimmermann.de\/blog\/wp-json\/wp\/v2\/posts\/9453","targetHints":{"allow":["GET"]}}],"collection":[{"href":"https:\/\/www.damianzimmermann.de\/blog\/wp-json\/wp\/v2\/posts"}],"about":[{"href":"https:\/\/www.damianzimmermann.de\/blog\/wp-json\/wp\/v2\/types\/post"}],"author":[{"embeddable":true,"href":"https:\/\/www.damianzimmermann.de\/blog\/wp-json\/wp\/v2\/users\/1"}],"replies":[{"embeddable":true,"href":"https:\/\/www.damianzimmermann.de\/blog\/wp-json\/wp\/v2\/comments?post=9453"}],"version-history":[{"count":30,"href":"https:\/\/www.damianzimmermann.de\/blog\/wp-json\/wp\/v2\/posts\/9453\/revisions"}],"predecessor-version":[{"id":20432,"href":"https:\/\/www.damianzimmermann.de\/blog\/wp-json\/wp\/v2\/posts\/9453\/revisions\/20432"}],"wp:featuredmedia":[{"embeddable":true,"href":"https:\/\/www.damianzimmermann.de\/blog\/wp-json\/wp\/v2\/media\/9465"}],"wp:attachment":[{"href":"https:\/\/www.damianzimmermann.de\/blog\/wp-json\/wp\/v2\/media?parent=9453"}],"wp:term":[{"taxonomy":"category","embeddable":true,"href":"https:\/\/www.damianzimmermann.de\/blog\/wp-json\/wp\/v2\/categories?post=9453"},{"taxonomy":"post_tag","embeddable":true,"href":"https:\/\/www.damianzimmermann.de\/blog\/wp-json\/wp\/v2\/tags?post=9453"}],"curies":[{"name":"wp","href":"https:\/\/api.w.org\/{rel}","templated":true}]}}