{"id":9067,"date":"2012-07-02T15:24:40","date_gmt":"2012-07-02T14:24:40","guid":{"rendered":"http:\/\/www.damianzimmermann.de\/blog\/?p=9067"},"modified":"2019-03-25T23:16:58","modified_gmt":"2019-03-25T22:16:58","slug":"interview-mit-markus-schaden","status":"publish","type":"post","link":"https:\/\/www.damianzimmermann.de\/blog\/interview-mit-markus-schaden\/","title":{"rendered":"Interview mit Markus Schaden"},"content":{"rendered":"<p>In der Doppelausgabe Juli\/August der Photonews ist mein Interview mit dem K\u00f6lner Fotobuchh\u00e4ndler und -verleger <strong>Markus Schaden<\/strong> erschienen. Der hat vor einigen Wochen die Szene \u00fcberrascht, indem er bekannt gegeben hat, dass er sein Ladengesch\u00e4ft schlie\u00dfen will. Als ich nach seinen Beweggr\u00fcnden fragte, lieferte er mir eine komplexe Analyse des internationalen Fotobuchmarktes, zeichnete zur Verbildlichung zwei riesige Mindmaps und erkl\u00e4rte, welche Vorteile das Medium eBook auch f\u00fcr das gedruckte Fotobuch haben k\u00f6nnte. Und nach fast zwei Stunden war mir klar: Seine &#8222;Mission Fotobuch&#8220; bleibt.<\/p>\n<p>Das komplette Interview gibt es <a href=\"https:\/\/www.damianzimmermann.de\/blog\/wp-content\/uploads\/Photonews-7-8_12-Seite-22-23-Schaden-Interview.pdf\" target=\"_blank\" rel=\"noopener noreferrer\">hier<\/a> als PDF.<\/p>\n<p>Link: <a href=\"http:\/\/www.schaden.com\/index.php\" target=\"_blank\" rel=\"noopener noreferrer\">Schaden.com<\/a><\/p>\n\n\t\t<style type=\"text\/css\">\n\t\t\t#gallery-1 {\n\t\t\t\tmargin: auto;\n\t\t\t}\n\t\t\t#gallery-1 .gallery-item {\n\t\t\t\tfloat: left;\n\t\t\t\tmargin-top: 10px;\n\t\t\t\ttext-align: center;\n\t\t\t\twidth: 100%;\n\t\t\t}\n\t\t\t#gallery-1 img {\n\t\t\t\tborder: 2px solid #cfcfcf;\n\t\t\t}\n\t\t\t#gallery-1 .gallery-caption {\n\t\t\t\tmargin-left: 0;\n\t\t\t}\n\t\t\t\/* see gallery_shortcode() in wp-includes\/media.php *\/\n\t\t<\/style>\n\t\t<div id='gallery-1' class='gallery galleryid-9067 gallery-columns-1 gallery-size-large'><dl class='gallery-item'>\n\t\t\t<dt class='gallery-icon landscape'>\n\t\t\t\t<img loading=\"lazy\" decoding=\"async\" width=\"620\" height=\"420\" src=\"https:\/\/www.damianzimmermann.de\/blog\/wp-content\/uploads\/Markus-Schaden-01-2.jpg\" class=\"attachment-large size-large\" alt=\"\" aria-describedby=\"gallery-1-9100\" srcset=\"https:\/\/www.damianzimmermann.de\/blog\/wp-content\/uploads\/Markus-Schaden-01-2.jpg 900w, https:\/\/www.damianzimmermann.de\/blog\/wp-content\/uploads\/Markus-Schaden-01-2-200x135.jpg 200w, https:\/\/www.damianzimmermann.de\/blog\/wp-content\/uploads\/Markus-Schaden-01-2-400x270.jpg 400w\" sizes=\"auto, (max-width: 620px) 100vw, 620px\" \/>\n\t\t\t<\/dt>\n\t\t\t\t<dd class='wp-caption-text gallery-caption' id='gallery-1-9100'>\n\t\t\t\tMarkus Schaden 2011 in seinem Ladengesch\u00e4ft in der K\u00f6rnerstra\u00dfe in K\u00f6ln-Ehrenfeld \u00a9 Damian Zimmermann\n\t\t\t\t<\/dd><\/dl><br style=\"clear: both\" \/><dl class='gallery-item'>\n\t\t\t<dt class='gallery-icon landscape'>\n\t\t\t\t<img loading=\"lazy\" decoding=\"async\" width=\"620\" height=\"349\" src=\"https:\/\/www.damianzimmermann.de\/blog\/wp-content\/uploads\/Markus-Schaden-011.jpg\" class=\"attachment-large size-large\" alt=\"\" aria-describedby=\"gallery-1-9086\" srcset=\"https:\/\/www.damianzimmermann.de\/blog\/wp-content\/uploads\/Markus-Schaden-011.jpg 900w, https:\/\/www.damianzimmermann.de\/blog\/wp-content\/uploads\/Markus-Schaden-011-200x112.jpg 200w, https:\/\/www.damianzimmermann.de\/blog\/wp-content\/uploads\/Markus-Schaden-011-400x224.jpg 400w\" sizes=\"auto, (max-width: 620px) 100vw, 620px\" \/>\n\t\t\t<\/dt>\n\t\t\t\t<dd class='wp-caption-text gallery-caption' id='gallery-1-9086'>\n\t\t\t\tMarkus Schaden vor der Ed van der Elsken-Wandinstallation in der Visual Gallery auf der Photokina 2010 \u00a9 Damian Zimmermann\n\t\t\t\t<\/dd><\/dl><br style=\"clear: both\" \/><dl class='gallery-item'>\n\t\t\t<dt class='gallery-icon landscape'>\n\t\t\t\t<img loading=\"lazy\" decoding=\"async\" width=\"620\" height=\"620\" src=\"https:\/\/www.damianzimmermann.de\/blog\/wp-content\/uploads\/Mindmap.JPG\" class=\"attachment-large size-large\" alt=\"\" aria-describedby=\"gallery-1-9088\" srcset=\"https:\/\/www.damianzimmermann.de\/blog\/wp-content\/uploads\/Mindmap.JPG 900w, https:\/\/www.damianzimmermann.de\/blog\/wp-content\/uploads\/Mindmap-150x150.jpg 150w, https:\/\/www.damianzimmermann.de\/blog\/wp-content\/uploads\/Mindmap-400x400.jpg 400w\" sizes=\"auto, (max-width: 620px) 100vw, 620px\" \/>\n\t\t\t<\/dt>\n\t\t\t\t<dd class='wp-caption-text gallery-caption' id='gallery-1-9088'>\n\t\t\t\tMindmap von Markus Schaden \u00a9 Markus Schaden\n\t\t\t\t<\/dd><\/dl><br style=\"clear: both\" \/><dl class='gallery-item'>\n\t\t\t<dt class='gallery-icon landscape'>\n\t\t\t\t<img loading=\"lazy\" decoding=\"async\" width=\"620\" height=\"620\" src=\"https:\/\/www.damianzimmermann.de\/blog\/wp-content\/uploads\/Mindmap4.JPG\" class=\"attachment-large size-large\" alt=\"\" aria-describedby=\"gallery-1-9089\" srcset=\"https:\/\/www.damianzimmermann.de\/blog\/wp-content\/uploads\/Mindmap4.JPG 900w, https:\/\/www.damianzimmermann.de\/blog\/wp-content\/uploads\/Mindmap4-150x150.jpg 150w, https:\/\/www.damianzimmermann.de\/blog\/wp-content\/uploads\/Mindmap4-400x400.jpg 400w\" sizes=\"auto, (max-width: 620px) 100vw, 620px\" \/>\n\t\t\t<\/dt>\n\t\t\t\t<dd class='wp-caption-text gallery-caption' id='gallery-1-9089'>\n\t\t\t\tDamian wahlweise vor oder hinter Mindmap von Markus Schaden \u00a9 Markus Schaden\n\t\t\t\t<\/dd><\/dl><br style=\"clear: both\" \/><dl class='gallery-item'>\n\t\t\t<dt class='gallery-icon landscape'>\n\t\t\t\t<img loading=\"lazy\" decoding=\"async\" width=\"620\" height=\"474\" src=\"https:\/\/www.damianzimmermann.de\/blog\/wp-content\/uploads\/Foto-4.JPG\" class=\"attachment-large size-large\" alt=\"\" aria-describedby=\"gallery-1-9085\" srcset=\"https:\/\/www.damianzimmermann.de\/blog\/wp-content\/uploads\/Foto-4.JPG 800w, https:\/\/www.damianzimmermann.de\/blog\/wp-content\/uploads\/Foto-4-196x150.jpg 196w, https:\/\/www.damianzimmermann.de\/blog\/wp-content\/uploads\/Foto-4-400x305.jpg 400w\" sizes=\"auto, (max-width: 620px) 100vw, 620px\" \/>\n\t\t\t<\/dt>\n\t\t\t\t<dd class='wp-caption-text gallery-caption' id='gallery-1-9085'>\n\t\t\t\tWill Markus Schaden im 2. Halbjahr 2012 als eBook ver\u00f6ffentlichen: &#8222;Amerika 67&#8220; von Henry Maitek \u00a9 Markus Schaden\n\t\t\t\t<\/dd><\/dl><br style=\"clear: both\" \/><dl class='gallery-item'>\n\t\t\t<dt class='gallery-icon landscape'>\n\t\t\t\t<img loading=\"lazy\" decoding=\"async\" width=\"620\" height=\"474\" src=\"https:\/\/www.damianzimmermann.de\/blog\/wp-content\/uploads\/Foto-2.JPG\" class=\"attachment-large size-large\" alt=\"\" aria-describedby=\"gallery-1-9084\" srcset=\"https:\/\/www.damianzimmermann.de\/blog\/wp-content\/uploads\/Foto-2.JPG 800w, https:\/\/www.damianzimmermann.de\/blog\/wp-content\/uploads\/Foto-2-196x150.jpg 196w, https:\/\/www.damianzimmermann.de\/blog\/wp-content\/uploads\/Foto-2-400x305.jpg 400w\" sizes=\"auto, (max-width: 620px) 100vw, 620px\" \/>\n\t\t\t<\/dt>\n\t\t\t\t<dd class='wp-caption-text gallery-caption' id='gallery-1-9084'>\n\t\t\t\tWill Markus Schaden im 2. Halbjahr 2012 als eBook ver\u00f6ffentlichen: &#8222;Amerika 67&#8220; von Henry Maitek \u00a9 Markus Schaden\n\t\t\t\t<\/dd><\/dl><br style=\"clear: both\" \/>\n\t\t<\/div>\n\n","protected":false},"excerpt":{"rendered":"<p>In der Doppelausgabe Juli\/August der Photonews ist mein Interview mit dem K\u00f6lner Fotobuchh\u00e4ndler und -verleger Markus Schaden erschienen. Der hat vor einigen Wochen die Szene \u00fcberrascht, indem er&#8230;<\/p>\n","protected":false},"author":1,"featured_media":9100,"comment_status":"closed","ping_status":"open","sticky":false,"template":"","format":"standard","meta":{"footnotes":""},"categories":[7,1163],"tags":[137],"class_list":["post-9067","post","type-post","status-publish","format-standard","has-post-thumbnail","hentry","category-fotobuecher","category-interviews","tag-markus-schaden"],"_links":{"self":[{"href":"https:\/\/www.damianzimmermann.de\/blog\/wp-json\/wp\/v2\/posts\/9067","targetHints":{"allow":["GET"]}}],"collection":[{"href":"https:\/\/www.damianzimmermann.de\/blog\/wp-json\/wp\/v2\/posts"}],"about":[{"href":"https:\/\/www.damianzimmermann.de\/blog\/wp-json\/wp\/v2\/types\/post"}],"author":[{"embeddable":true,"href":"https:\/\/www.damianzimmermann.de\/blog\/wp-json\/wp\/v2\/users\/1"}],"replies":[{"embeddable":true,"href":"https:\/\/www.damianzimmermann.de\/blog\/wp-json\/wp\/v2\/comments?post=9067"}],"version-history":[{"count":32,"href":"https:\/\/www.damianzimmermann.de\/blog\/wp-json\/wp\/v2\/posts\/9067\/revisions"}],"predecessor-version":[{"id":20445,"href":"https:\/\/www.damianzimmermann.de\/blog\/wp-json\/wp\/v2\/posts\/9067\/revisions\/20445"}],"wp:featuredmedia":[{"embeddable":true,"href":"https:\/\/www.damianzimmermann.de\/blog\/wp-json\/wp\/v2\/media\/9100"}],"wp:attachment":[{"href":"https:\/\/www.damianzimmermann.de\/blog\/wp-json\/wp\/v2\/media?parent=9067"}],"wp:term":[{"taxonomy":"category","embeddable":true,"href":"https:\/\/www.damianzimmermann.de\/blog\/wp-json\/wp\/v2\/categories?post=9067"},{"taxonomy":"post_tag","embeddable":true,"href":"https:\/\/www.damianzimmermann.de\/blog\/wp-json\/wp\/v2\/tags?post=9067"}],"curies":[{"name":"wp","href":"https:\/\/api.w.org\/{rel}","templated":true}]}}