{"id":8162,"date":"2012-03-08T11:00:02","date_gmt":"2012-03-08T10:00:02","guid":{"rendered":"http:\/\/www.damianzimmermann.de\/blog\/?p=8162"},"modified":"2019-03-26T01:01:58","modified_gmt":"2019-03-26T00:01:58","slug":"albrecht-fuchs-in-der-temporary-gallery","status":"publish","type":"post","link":"https:\/\/www.damianzimmermann.de\/blog\/albrecht-fuchs-in-der-temporary-gallery\/","title":{"rendered":"Albrecht Fuchs in der Temporary Gallery"},"content":{"rendered":"<p style=\"margin-bottom: 0cm;\">Vom Fotografen <strong>Albrecht Fuchs <\/strong>kannte ich bislang nur den Namen. Oder dachte es zumindest, denn nat\u00fcrlich habe ich auch schon das ein oder andere Portr\u00e4t von ihm gesehen &#8211; sei es irgendwo im Internet oder in einer Zeitschrift, f\u00fcr die er fotografiert. Die <strong>Temporary Gallery<\/strong> widmet mit dem K\u00f6lner Fotografen nun eine Einzelausstellung, in der er \u00fcberwiegend K\u00fcnstlerportr\u00e4ts zeigt &#8211; von <strong>Jeff Wall<\/strong> \u00fcber <strong>Cosima von Bonin<\/strong> bis Marcel Odenbach. Am meisten beeindruckt hat mich allerdings die Aufnahme von <strong>Hans-J\u00fcrgen Wischnewski<\/strong> aus dem Jahr 2003:<strong><span style=\"font-weight: normal;\"> Der schaut m\u00fcde aus dem Fenster seiner Wohnung und scheint dabei sowohl in den Sessel als auch in sich selbst versunken zu sein.<br \/>\n<\/span><\/strong><\/p>\n<p>Die Ausstellung ist noch bis zum 31. M\u00e4rz zu sehen, und meine Kurzbesprechung dazu ist heute im\u00a0<a href=\"https:\/\/www.damianzimmermann.de\/blog\/wp-content\/uploads\/202-Albrecht-Fuchs.pdf\" target=\"_blank\" rel=\"noopener noreferrer\">K\u00f6lner Stadt-Anzeiger<\/a> erschienen.<\/p>\n<p>Link:<a href=\"http:\/\/www.temporary-gallery-cologne.de\/\" target=\"_blank\" rel=\"noopener noreferrer\"> Temporary Gallery Cologne<\/a><\/p>\n\n\t\t<style type=\"text\/css\">\n\t\t\t#gallery-1 {\n\t\t\t\tmargin: auto;\n\t\t\t}\n\t\t\t#gallery-1 .gallery-item {\n\t\t\t\tfloat: left;\n\t\t\t\tmargin-top: 10px;\n\t\t\t\ttext-align: center;\n\t\t\t\twidth: 100%;\n\t\t\t}\n\t\t\t#gallery-1 img {\n\t\t\t\tborder: 2px solid #cfcfcf;\n\t\t\t}\n\t\t\t#gallery-1 .gallery-caption {\n\t\t\t\tmargin-left: 0;\n\t\t\t}\n\t\t\t\/* see gallery_shortcode() in wp-includes\/media.php *\/\n\t\t<\/style>\n\t\t<div id='gallery-1' class='gallery galleryid-8162 gallery-columns-1 gallery-size-large'><dl class='gallery-item'>\n\t\t\t<dt class='gallery-icon portrait'>\n\t\t\t\t<img loading=\"lazy\" decoding=\"async\" width=\"620\" height=\"779\" src=\"https:\/\/www.damianzimmermann.de\/blog\/wp-content\/uploads\/Georg-Herold-LA-2009-Kopie.jpg\" class=\"attachment-large size-large\" alt=\"\" aria-describedby=\"gallery-1-8180\" srcset=\"https:\/\/www.damianzimmermann.de\/blog\/wp-content\/uploads\/Georg-Herold-LA-2009-Kopie.jpg 716w, https:\/\/www.damianzimmermann.de\/blog\/wp-content\/uploads\/Georg-Herold-LA-2009-Kopie-119x150.jpg 119w, https:\/\/www.damianzimmermann.de\/blog\/wp-content\/uploads\/Georg-Herold-LA-2009-Kopie-318x400.jpg 318w\" sizes=\"auto, (max-width: 620px) 100vw, 620px\" \/>\n\t\t\t<\/dt>\n\t\t\t\t<dd class='wp-caption-text gallery-caption' id='gallery-1-8180'>\n\t\t\t\tAlbrecht Fuchs: &#8222;Georg Herold&#8220;, Los Angeles, 2005\n\t\t\t\t<\/dd><\/dl><br style=\"clear: both\" \/><dl class='gallery-item'>\n\t\t\t<dt class='gallery-icon landscape'>\n\t\t\t\t<img loading=\"lazy\" decoding=\"async\" width=\"620\" height=\"493\" src=\"https:\/\/www.damianzimmermann.de\/blog\/wp-content\/uploads\/fuchs_odenbach_23x19-Kopie.jpg\" class=\"attachment-large size-large\" alt=\"\" aria-describedby=\"gallery-1-8168\" srcset=\"https:\/\/www.damianzimmermann.de\/blog\/wp-content\/uploads\/fuchs_odenbach_23x19-Kopie.jpg 900w, https:\/\/www.damianzimmermann.de\/blog\/wp-content\/uploads\/fuchs_odenbach_23x19-Kopie-188x150.jpg 188w, https:\/\/www.damianzimmermann.de\/blog\/wp-content\/uploads\/fuchs_odenbach_23x19-Kopie-400x317.jpg 400w\" sizes=\"auto, (max-width: 620px) 100vw, 620px\" \/>\n\t\t\t<\/dt>\n\t\t\t\t<dd class='wp-caption-text gallery-caption' id='gallery-1-8168'>\n\t\t\t\tAlbrecht Fuchs: &#8222;Marcel Odenbach&#8220;, K\u00f6ln, 2011\n\t\t\t\t<\/dd><\/dl><br style=\"clear: both\" \/><dl class='gallery-item'>\n\t\t\t<dt class='gallery-icon portrait'>\n\t\t\t\t<img loading=\"lazy\" decoding=\"async\" width=\"620\" height=\"785\" src=\"https:\/\/www.damianzimmermann.de\/blog\/wp-content\/uploads\/fuchs_jeffWall_stairs2011-Kopie.jpg\" class=\"attachment-large size-large\" alt=\"\" aria-describedby=\"gallery-1-8166\" srcset=\"https:\/\/www.damianzimmermann.de\/blog\/wp-content\/uploads\/fuchs_jeffWall_stairs2011-Kopie.jpg 711w, https:\/\/www.damianzimmermann.de\/blog\/wp-content\/uploads\/fuchs_jeffWall_stairs2011-Kopie-118x150.jpg 118w, https:\/\/www.damianzimmermann.de\/blog\/wp-content\/uploads\/fuchs_jeffWall_stairs2011-Kopie-316x400.jpg 316w\" sizes=\"auto, (max-width: 620px) 100vw, 620px\" \/>\n\t\t\t<\/dt>\n\t\t\t\t<dd class='wp-caption-text gallery-caption' id='gallery-1-8166'>\n\t\t\t\tAlbrecht Fuchs: &#8222;Jeff Wall&#8220;, Vancouver, 2010\n\t\t\t\t<\/dd><\/dl><br style=\"clear: both\" \/><dl class='gallery-item'>\n\t\t\t<dt class='gallery-icon landscape'>\n\t\t\t\t<img loading=\"lazy\" decoding=\"async\" width=\"620\" height=\"475\" src=\"https:\/\/www.damianzimmermann.de\/blog\/wp-content\/uploads\/fuchs_kunath2-Kopie.jpg\" class=\"attachment-large size-large\" alt=\"\" aria-describedby=\"gallery-1-8167\" srcset=\"https:\/\/www.damianzimmermann.de\/blog\/wp-content\/uploads\/fuchs_kunath2-Kopie.jpg 900w, https:\/\/www.damianzimmermann.de\/blog\/wp-content\/uploads\/fuchs_kunath2-Kopie-195x150.jpg 195w, https:\/\/www.damianzimmermann.de\/blog\/wp-content\/uploads\/fuchs_kunath2-Kopie-400x306.jpg 400w\" sizes=\"auto, (max-width: 620px) 100vw, 620px\" \/>\n\t\t\t<\/dt>\n\t\t\t\t<dd class='wp-caption-text gallery-caption' id='gallery-1-8167'>\n\t\t\t\tAlbrecht Fuchs: &#8222;Friedrich Kunath&#8220;, Los Angeles, 2011\n\t\t\t\t<\/dd><\/dl><br style=\"clear: both\" \/><dl class='gallery-item'>\n\t\t\t<dt class='gallery-icon portrait'>\n\t\t\t\t<img loading=\"lazy\" decoding=\"async\" width=\"620\" height=\"785\" src=\"https:\/\/www.damianzimmermann.de\/blog\/wp-content\/uploads\/fuchs_frederikeWetzels-Kopie.jpg\" class=\"attachment-large size-large\" alt=\"\" aria-describedby=\"gallery-1-8164\" srcset=\"https:\/\/www.damianzimmermann.de\/blog\/wp-content\/uploads\/fuchs_frederikeWetzels-Kopie.jpg 711w, https:\/\/www.damianzimmermann.de\/blog\/wp-content\/uploads\/fuchs_frederikeWetzels-Kopie-118x150.jpg 118w, https:\/\/www.damianzimmermann.de\/blog\/wp-content\/uploads\/fuchs_frederikeWetzels-Kopie-316x400.jpg 316w\" sizes=\"auto, (max-width: 620px) 100vw, 620px\" \/>\n\t\t\t<\/dt>\n\t\t\t\t<dd class='wp-caption-text gallery-caption' id='gallery-1-8164'>\n\t\t\t\t Albrecht Fuchs: &#8222;Frederike Wetzels&#8220;, K\u00f6ln, 2011\n\t\t\t\t<\/dd><\/dl><br style=\"clear: both\" \/><dl class='gallery-item'>\n\t\t\t<dt class='gallery-icon landscape'>\n\t\t\t\t<img loading=\"lazy\" decoding=\"async\" width=\"620\" height=\"475\" src=\"https:\/\/www.damianzimmermann.de\/blog\/wp-content\/uploads\/fuchs_graham_35x28-Kopie.jpg\" class=\"attachment-large size-large\" alt=\"\" aria-describedby=\"gallery-1-8165\" srcset=\"https:\/\/www.damianzimmermann.de\/blog\/wp-content\/uploads\/fuchs_graham_35x28-Kopie.jpg 900w, https:\/\/www.damianzimmermann.de\/blog\/wp-content\/uploads\/fuchs_graham_35x28-Kopie-195x150.jpg 195w, https:\/\/www.damianzimmermann.de\/blog\/wp-content\/uploads\/fuchs_graham_35x28-Kopie-400x306.jpg 400w\" sizes=\"auto, (max-width: 620px) 100vw, 620px\" \/>\n\t\t\t<\/dt>\n\t\t\t\t<dd class='wp-caption-text gallery-caption' id='gallery-1-8165'>\n\t\t\t\tAlbrecht Fuchs: &#8222;Rodney Graham&#8220;, Vancouver, 2010\n\t\t\t\t<\/dd><\/dl><br style=\"clear: both\" \/><dl class='gallery-item'>\n\t\t\t<dt class='gallery-icon portrait'>\n\t\t\t\t<img loading=\"lazy\" decoding=\"async\" width=\"620\" height=\"771\" src=\"https:\/\/www.damianzimmermann.de\/blog\/wp-content\/uploads\/w3.jpg\" class=\"attachment-large size-large\" alt=\"\" aria-describedby=\"gallery-1-8173\" srcset=\"https:\/\/www.damianzimmermann.de\/blog\/wp-content\/uploads\/w3.jpg 724w, https:\/\/www.damianzimmermann.de\/blog\/wp-content\/uploads\/w3-120x150.jpg 120w, https:\/\/www.damianzimmermann.de\/blog\/wp-content\/uploads\/w3-321x400.jpg 321w\" sizes=\"auto, (max-width: 620px) 100vw, 620px\" \/>\n\t\t\t<\/dt>\n\t\t\t\t<dd class='wp-caption-text gallery-caption' id='gallery-1-8173'>\n\t\t\t\tAlbrecht Fuchs: &#8222;Hans-J\u00fcrgen Wischnewski&#8220;, K\u00f6ln, 2003\n\t\t\t\t<\/dd><\/dl><br style=\"clear: both\" \/><dl class='gallery-item'>\n\t\t\t<dt class='gallery-icon portrait'>\n\t\t\t\t<img loading=\"lazy\" decoding=\"async\" width=\"620\" height=\"813\" src=\"https:\/\/www.damianzimmermann.de\/blog\/wp-content\/uploads\/Taryn-Simon-New-York-2007.jpg\" class=\"attachment-large size-large\" alt=\"\" aria-describedby=\"gallery-1-8172\" srcset=\"https:\/\/www.damianzimmermann.de\/blog\/wp-content\/uploads\/Taryn-Simon-New-York-2007.jpg 686w, https:\/\/www.damianzimmermann.de\/blog\/wp-content\/uploads\/Taryn-Simon-New-York-2007-114x150.jpg 114w, https:\/\/www.damianzimmermann.de\/blog\/wp-content\/uploads\/Taryn-Simon-New-York-2007-304x400.jpg 304w\" sizes=\"auto, (max-width: 620px) 100vw, 620px\" \/>\n\t\t\t<\/dt>\n\t\t\t\t<dd class='wp-caption-text gallery-caption' id='gallery-1-8172'>\n\t\t\t\tAlbrecht Fuchs: &#8222;Taryn Simon&#8220;, New York, 2007\n\t\t\t\t<\/dd><\/dl><br style=\"clear: both\" \/>\n\t\t<\/div>\n\n","protected":false},"excerpt":{"rendered":"<p>Vom Fotografen Albrecht Fuchs kannte ich bislang nur den Namen. Oder dachte es zumindest, denn nat\u00fcrlich habe ich auch schon das ein oder andere Portr\u00e4t von ihm gesehen&#8230;<\/p>\n","protected":false},"author":1,"featured_media":8173,"comment_status":"closed","ping_status":"open","sticky":false,"template":"","format":"standard","meta":{"footnotes":""},"categories":[6],"tags":[405,611],"class_list":["post-8162","post","type-post","status-publish","format-standard","has-post-thumbnail","hentry","category-ausstellungen","tag-albrecht-fuchs","tag-jeff-wall"],"_links":{"self":[{"href":"https:\/\/www.damianzimmermann.de\/blog\/wp-json\/wp\/v2\/posts\/8162","targetHints":{"allow":["GET"]}}],"collection":[{"href":"https:\/\/www.damianzimmermann.de\/blog\/wp-json\/wp\/v2\/posts"}],"about":[{"href":"https:\/\/www.damianzimmermann.de\/blog\/wp-json\/wp\/v2\/types\/post"}],"author":[{"embeddable":true,"href":"https:\/\/www.damianzimmermann.de\/blog\/wp-json\/wp\/v2\/users\/1"}],"replies":[{"embeddable":true,"href":"https:\/\/www.damianzimmermann.de\/blog\/wp-json\/wp\/v2\/comments?post=8162"}],"version-history":[{"count":35,"href":"https:\/\/www.damianzimmermann.de\/blog\/wp-json\/wp\/v2\/posts\/8162\/revisions"}],"predecessor-version":[{"id":20478,"href":"https:\/\/www.damianzimmermann.de\/blog\/wp-json\/wp\/v2\/posts\/8162\/revisions\/20478"}],"wp:featuredmedia":[{"embeddable":true,"href":"https:\/\/www.damianzimmermann.de\/blog\/wp-json\/wp\/v2\/media\/8173"}],"wp:attachment":[{"href":"https:\/\/www.damianzimmermann.de\/blog\/wp-json\/wp\/v2\/media?parent=8162"}],"wp:term":[{"taxonomy":"category","embeddable":true,"href":"https:\/\/www.damianzimmermann.de\/blog\/wp-json\/wp\/v2\/categories?post=8162"},{"taxonomy":"post_tag","embeddable":true,"href":"https:\/\/www.damianzimmermann.de\/blog\/wp-json\/wp\/v2\/tags?post=8162"}],"curies":[{"name":"wp","href":"https:\/\/api.w.org\/{rel}","templated":true}]}}