{"id":8053,"date":"2012-03-02T10:54:04","date_gmt":"2012-03-02T09:54:04","guid":{"rendered":"http:\/\/www.damianzimmermann.de\/blog\/?p=8053"},"modified":"2019-03-26T01:05:54","modified_gmt":"2019-03-26T00:05:54","slug":"schulprojekt-eine-schrecklich-nette-familie","status":"publish","type":"post","link":"https:\/\/www.damianzimmermann.de\/blog\/schulprojekt-eine-schrecklich-nette-familie\/","title":{"rendered":"Schulprojekt &#8222;Eine schrecklich nette Familie&#8220;"},"content":{"rendered":"<p>Nach meinem <a href=\"https:\/\/www.damianzimmermann.de\/blog\/?p=1200\" target=\"_blank\" rel=\"noopener noreferrer\">Lehrer-Deb\u00fct<\/a> vor zwei Jahren habe ich nun erneut im Rahmen des NRW-Landesprogramms <strong>Kultur &amp; Schule<\/strong> gemeinsam mit der Kunstp\u00e4dagogin <strong>Anna-Maria Loffredo<\/strong> am Europagymnasium in Kerpen eine Unterrichtseinheit zum Thema \u201cIndividuum und Gruppe \u2013 Inszenierte Gruppenfotos\u201d durchgef\u00fchrt. Allerdings mit einem Unterschied: Sollten sich die Sch\u00fcler damals als Berufsgruppe darstellen, galt es dieses Mal, eine fiktive Familie zu repr\u00e4sentieren.<\/p>\n<p>Als fotografische Referenzen habe ich den Sch\u00fclern erneut <strong>Annie Leibovitz<\/strong>\u2018 bekanntes Bild von George W. Bush und seiner Crew sowie die Familienbilder von<strong> Thomas Struth<\/strong> und <strong>Katharina Mayer<\/strong> vorgestellt und diese mit ihnen intensiv besprochen. Wichtige andere Referenzen waren f\u00fcr uns aber auch <strong>Richard Renaldi<\/strong>,<strong> Dita Pepe <\/strong>und <strong>Nicholas Nixon<\/strong> sowie <strong>Gregory Crewdson<\/strong> und <strong>Jeff Wall<\/strong>.<\/p>\n<p>Nach zwei Zwischenbesprechungen vor der gesamten Gruppe mussten die fertigen Bilder in dieser Woche abgegeben werden. Da ich sowohl von den Sch\u00fclern insgesamt als auch von den Ergebnissen der einzelnen Gruppen sehr angetan bin, m\u00f6chte ich sie hier vorstellen. Zur Erkl\u00e4rung: Es war den Sch\u00fclern freigestellt, ob sie alleine oder in Gruppen arbeiten und ob sie weitere externe Personen f\u00fcr das Foto dazu holen. Dadurch entstanden insgesamt sieben Bilder, wobei zwei Gruppen zun\u00e4chst Fotos anfertigten, die als Accessoires im Hintergrund der endg\u00fcltigen Bilder zu sehen sind.<\/p>\n<p>Auffallend fand ich das Interesse der insgesamt 19 Sch\u00fcler f\u00fcr problemgeladene Inszenierungen, in denen sich die Familienmitglieder deutlich voneinander distanzieren und h\u00e4ufig isoliert dargestellt und Konflikte non-verbal ausgetragen werden. Lediglich in einem Bild wird die Familie als harmonische und im wahrsten Sinne des Wortes miteinander verwobene Einheit dargestellt &#8211; ein sehr au\u00dfergew\u00f6hnlicher L\u00f6sungsansatz f\u00fcr das Thema, wie ich finde.<\/p>\n\n\t\t<style type=\"text\/css\">\n\t\t\t#gallery-1 {\n\t\t\t\tmargin: auto;\n\t\t\t}\n\t\t\t#gallery-1 .gallery-item {\n\t\t\t\tfloat: left;\n\t\t\t\tmargin-top: 10px;\n\t\t\t\ttext-align: center;\n\t\t\t\twidth: 100%;\n\t\t\t}\n\t\t\t#gallery-1 img {\n\t\t\t\tborder: 2px solid #cfcfcf;\n\t\t\t}\n\t\t\t#gallery-1 .gallery-caption {\n\t\t\t\tmargin-left: 0;\n\t\t\t}\n\t\t\t\/* see gallery_shortcode() in wp-includes\/media.php *\/\n\t\t<\/style>\n\t\t<div id='gallery-1' class='gallery galleryid-8053 gallery-columns-1 gallery-size-large'><dl class='gallery-item'>\n\t\t\t<dt class='gallery-icon landscape'>\n\t\t\t\t<img loading=\"lazy\" decoding=\"async\" width=\"620\" height=\"413\" src=\"https:\/\/www.damianzimmermann.de\/blog\/wp-content\/uploads\/MarieAnnaJacquiChiara.jpeg\" class=\"attachment-large size-large\" alt=\"\" aria-describedby=\"gallery-1-8077\" srcset=\"https:\/\/www.damianzimmermann.de\/blog\/wp-content\/uploads\/MarieAnnaJacquiChiara.jpeg 900w, https:\/\/www.damianzimmermann.de\/blog\/wp-content\/uploads\/MarieAnnaJacquiChiara-200x133.jpg 200w, https:\/\/www.damianzimmermann.de\/blog\/wp-content\/uploads\/MarieAnnaJacquiChiara-400x266.jpg 400w\" sizes=\"auto, (max-width: 620px) 100vw, 620px\" \/>\n\t\t\t<\/dt>\n\t\t\t\t<dd class='wp-caption-text gallery-caption' id='gallery-1-8077'>\n\t\t\t\tFamilienportr\u00e4t von Anna Wexel, Chiara Rixen, Jacqueline Schilbach und Marie Heinen, \n\t\t\t\t<\/dd><\/dl><br style=\"clear: both\" \/><dl class='gallery-item'>\n\t\t\t<dt class='gallery-icon landscape'>\n\t\t\t\t<img loading=\"lazy\" decoding=\"async\" width=\"620\" height=\"413\" src=\"https:\/\/www.damianzimmermann.de\/blog\/wp-content\/uploads\/JanaNicoleDorian.jpg\" class=\"attachment-large size-large\" alt=\"\" aria-describedby=\"gallery-1-8076\" srcset=\"https:\/\/www.damianzimmermann.de\/blog\/wp-content\/uploads\/JanaNicoleDorian.jpg 900w, https:\/\/www.damianzimmermann.de\/blog\/wp-content\/uploads\/JanaNicoleDorian-200x133.jpg 200w, https:\/\/www.damianzimmermann.de\/blog\/wp-content\/uploads\/JanaNicoleDorian-400x266.jpg 400w\" sizes=\"auto, (max-width: 620px) 100vw, 620px\" \/>\n\t\t\t<\/dt>\n\t\t\t\t<dd class='wp-caption-text gallery-caption' id='gallery-1-8076'>\n\t\t\t\tFamilienportr\u00e4t von Dorian Wetter, Jana Barth und Nicole Stegmann\n\t\t\t\t<\/dd><\/dl><br style=\"clear: both\" \/><dl class='gallery-item'>\n\t\t\t<dt class='gallery-icon landscape'>\n\t\t\t\t<img loading=\"lazy\" decoding=\"async\" width=\"620\" height=\"460\" src=\"https:\/\/www.damianzimmermann.de\/blog\/wp-content\/uploads\/MichelleStJanine.jpeg\" class=\"attachment-large size-large\" alt=\"\" aria-describedby=\"gallery-1-8079\" srcset=\"https:\/\/www.damianzimmermann.de\/blog\/wp-content\/uploads\/MichelleStJanine.jpeg 900w, https:\/\/www.damianzimmermann.de\/blog\/wp-content\/uploads\/MichelleStJanine-200x148.jpg 200w, https:\/\/www.damianzimmermann.de\/blog\/wp-content\/uploads\/MichelleStJanine-400x296.jpg 400w\" sizes=\"auto, (max-width: 620px) 100vw, 620px\" \/>\n\t\t\t<\/dt>\n\t\t\t\t<dd class='wp-caption-text gallery-caption' id='gallery-1-8079'>\n\t\t\t\tFamilienportr\u00e4t von Janine Buchholz und Michelle Stoewen\n\t\t\t\t<\/dd><\/dl><br style=\"clear: both\" \/><dl class='gallery-item'>\n\t\t\t<dt class='gallery-icon landscape'>\n\t\t\t\t<img loading=\"lazy\" decoding=\"async\" width=\"620\" height=\"415\" src=\"https:\/\/www.damianzimmermann.de\/blog\/wp-content\/uploads\/MichelleB.jpeg\" class=\"attachment-large size-large\" alt=\"\" aria-describedby=\"gallery-1-8078\" srcset=\"https:\/\/www.damianzimmermann.de\/blog\/wp-content\/uploads\/MichelleB.jpeg 900w, https:\/\/www.damianzimmermann.de\/blog\/wp-content\/uploads\/MichelleB-200x134.jpg 200w, https:\/\/www.damianzimmermann.de\/blog\/wp-content\/uploads\/MichelleB-400x268.jpg 400w\" sizes=\"auto, (max-width: 620px) 100vw, 620px\" \/>\n\t\t\t<\/dt>\n\t\t\t\t<dd class='wp-caption-text gallery-caption' id='gallery-1-8078'>\n\t\t\t\tFamilienportr\u00e4t von Michelle Brand\n\t\t\t\t<\/dd><\/dl><br style=\"clear: both\" \/><dl class='gallery-item'>\n\t\t\t<dt class='gallery-icon portrait'>\n\t\t\t\t<img loading=\"lazy\" decoding=\"async\" width=\"620\" height=\"869\" src=\"https:\/\/www.damianzimmermann.de\/blog\/wp-content\/uploads\/Finja.jpeg\" class=\"attachment-large size-large\" alt=\"\" aria-describedby=\"gallery-1-8075\" srcset=\"https:\/\/www.damianzimmermann.de\/blog\/wp-content\/uploads\/Finja.jpeg 642w, https:\/\/www.damianzimmermann.de\/blog\/wp-content\/uploads\/Finja-107x150.jpg 107w, https:\/\/www.damianzimmermann.de\/blog\/wp-content\/uploads\/Finja-285x400.jpg 285w\" sizes=\"auto, (max-width: 620px) 100vw, 620px\" \/>\n\t\t\t<\/dt>\n\t\t\t\t<dd class='wp-caption-text gallery-caption' id='gallery-1-8075'>\n\t\t\t\tFamilienportr\u00e4t von Finja Kern-Friese\n\t\t\t\t<\/dd><\/dl><br style=\"clear: both\" \/><dl class='gallery-item'>\n\t\t\t<dt class='gallery-icon portrait'>\n\t\t\t\t<img loading=\"lazy\" decoding=\"async\" width=\"620\" height=\"713\" src=\"https:\/\/www.damianzimmermann.de\/blog\/wp-content\/uploads\/AmelieAlinaSimon.jpeg\" class=\"attachment-large size-large\" alt=\"\" aria-describedby=\"gallery-1-8074\" srcset=\"https:\/\/www.damianzimmermann.de\/blog\/wp-content\/uploads\/AmelieAlinaSimon.jpeg 783w, https:\/\/www.damianzimmermann.de\/blog\/wp-content\/uploads\/AmelieAlinaSimon-130x150.jpg 130w, https:\/\/www.damianzimmermann.de\/blog\/wp-content\/uploads\/AmelieAlinaSimon-348x400.jpg 348w\" sizes=\"auto, (max-width: 620px) 100vw, 620px\" \/>\n\t\t\t<\/dt>\n\t\t\t\t<dd class='wp-caption-text gallery-caption' id='gallery-1-8074'>\n\t\t\t\tFamilienportr\u00e4t von Alina Schreiter, Amelie Gawollek und Simon Riepe\n\t\t\t\t<\/dd><\/dl><br style=\"clear: both\" \/><dl class='gallery-item'>\n\t\t\t<dt class='gallery-icon landscape'>\n\t\t\t\t<img loading=\"lazy\" decoding=\"async\" width=\"620\" height=\"515\" src=\"https:\/\/www.damianzimmermann.de\/blog\/wp-content\/uploads\/YannickDavidFabioIngaLynn.jpg\" class=\"attachment-large size-large\" alt=\"\" aria-describedby=\"gallery-1-8081\" srcset=\"https:\/\/www.damianzimmermann.de\/blog\/wp-content\/uploads\/YannickDavidFabioIngaLynn.jpg 900w, https:\/\/www.damianzimmermann.de\/blog\/wp-content\/uploads\/YannickDavidFabioIngaLynn-180x150.jpg 180w, https:\/\/www.damianzimmermann.de\/blog\/wp-content\/uploads\/YannickDavidFabioIngaLynn-400x332.jpg 400w\" sizes=\"auto, (max-width: 620px) 100vw, 620px\" \/>\n\t\t\t<\/dt>\n\t\t\t\t<dd class='wp-caption-text gallery-caption' id='gallery-1-8081'>\n\t\t\t\tFamilienportr\u00e4t von David Axer, Fabio Str\u00f6bert, Inga Diemer, Lynn Attula und Yannick Nersath\n\t\t\t\t<\/dd><\/dl><br style=\"clear: both\" \/><dl class='gallery-item'>\n\t\t\t<dt class='gallery-icon landscape'>\n\t\t\t\t<img loading=\"lazy\" decoding=\"async\" width=\"620\" height=\"540\" src=\"https:\/\/www.damianzimmermann.de\/blog\/wp-content\/uploads\/YannickDavidFabioIngaLynn-Detail.jpg\" class=\"attachment-large size-large\" alt=\"\" aria-describedby=\"gallery-1-8080\" srcset=\"https:\/\/www.damianzimmermann.de\/blog\/wp-content\/uploads\/YannickDavidFabioIngaLynn-Detail.jpg 900w, https:\/\/www.damianzimmermann.de\/blog\/wp-content\/uploads\/YannickDavidFabioIngaLynn-Detail-172x150.jpg 172w, https:\/\/www.damianzimmermann.de\/blog\/wp-content\/uploads\/YannickDavidFabioIngaLynn-Detail-400x348.jpg 400w\" sizes=\"auto, (max-width: 620px) 100vw, 620px\" \/>\n\t\t\t<\/dt>\n\t\t\t\t<dd class='wp-caption-text gallery-caption' id='gallery-1-8080'>\n\t\t\t\tDetail aus dem Familienportr\u00e4t von David Axer, Fabio Str\u00f6bert, Inga Diemer, Lynn Attula und Yannick Nersath\n\t\t\t\t<\/dd><\/dl><br style=\"clear: both\" \/>\n\t\t<\/div>\n\n","protected":false},"excerpt":{"rendered":"<p>Nach meinem Lehrer-Deb\u00fct vor zwei Jahren habe ich nun erneut im Rahmen des NRW-Landesprogramms Kultur &amp; Schule gemeinsam mit der Kunstp\u00e4dagogin Anna-Maria Loffredo am Europagymnasium in Kerpen eine&#8230;<\/p>\n","protected":false},"author":1,"featured_media":8074,"comment_status":"closed","ping_status":"open","sticky":false,"template":"","format":"standard","meta":{"footnotes":""},"categories":[1161],"tags":[659,34,788,388,611,220,214,565,789,219],"class_list":["post-8053","post","type-post","status-publish","format-standard","has-post-thumbnail","hentry","category-bildung","tag-anna-maria-loffredo","tag-annie-leibovitz","tag-dita-pepe","tag-gregory-crewdson","tag-jeff-wall","tag-katharina-mayer","tag-kultur-schule","tag-nicholas-nixon","tag-richard-renaldi","tag-thomas-struth"],"_links":{"self":[{"href":"https:\/\/www.damianzimmermann.de\/blog\/wp-json\/wp\/v2\/posts\/8053","targetHints":{"allow":["GET"]}}],"collection":[{"href":"https:\/\/www.damianzimmermann.de\/blog\/wp-json\/wp\/v2\/posts"}],"about":[{"href":"https:\/\/www.damianzimmermann.de\/blog\/wp-json\/wp\/v2\/types\/post"}],"author":[{"embeddable":true,"href":"https:\/\/www.damianzimmermann.de\/blog\/wp-json\/wp\/v2\/users\/1"}],"replies":[{"embeddable":true,"href":"https:\/\/www.damianzimmermann.de\/blog\/wp-json\/wp\/v2\/comments?post=8053"}],"version-history":[{"count":51,"href":"https:\/\/www.damianzimmermann.de\/blog\/wp-json\/wp\/v2\/posts\/8053\/revisions"}],"predecessor-version":[{"id":20482,"href":"https:\/\/www.damianzimmermann.de\/blog\/wp-json\/wp\/v2\/posts\/8053\/revisions\/20482"}],"wp:featuredmedia":[{"embeddable":true,"href":"https:\/\/www.damianzimmermann.de\/blog\/wp-json\/wp\/v2\/media\/8074"}],"wp:attachment":[{"href":"https:\/\/www.damianzimmermann.de\/blog\/wp-json\/wp\/v2\/media?parent=8053"}],"wp:term":[{"taxonomy":"category","embeddable":true,"href":"https:\/\/www.damianzimmermann.de\/blog\/wp-json\/wp\/v2\/categories?post=8053"},{"taxonomy":"post_tag","embeddable":true,"href":"https:\/\/www.damianzimmermann.de\/blog\/wp-json\/wp\/v2\/tags?post=8053"}],"curies":[{"name":"wp","href":"https:\/\/api.w.org\/{rel}","templated":true}]}}