{"id":8022,"date":"2012-02-26T14:11:26","date_gmt":"2012-02-26T13:11:26","guid":{"rendered":"http:\/\/www.damianzimmermann.de\/blog\/?p=8022"},"modified":"2019-03-26T01:07:17","modified_gmt":"2019-03-26T00:07:17","slug":"markus-schaden-zum-aus-der-visual-gallery","status":"publish","type":"post","link":"https:\/\/www.damianzimmermann.de\/blog\/markus-schaden-zum-aus-der-visual-gallery\/","title":{"rendered":"Markus Schaden zum Aus der Visual Gallery"},"content":{"rendered":"<p>\u00dcber das angek\u00fcndigte <a href=\"https:\/\/www.damianzimmermann.de\/blog\/?p=7789\" target=\"_blank\" rel=\"noopener noreferrer\">Aus f\u00fcr die Visual Gallery auf der Photokina<\/a> habe ich ja bereits berichtet. F\u00fcr die <strong>StadtRevue<\/strong> habe ich zu diesem Thema ein Interview mit Buchh\u00e4ndler, Verleger und Kurator <strong>Markus Schaden<\/strong> gef\u00fchrt. Darin erkl\u00e4rt er, dass die Entwicklung bereits vor zwei Jahren abzusehen war, dass es heute in der K\u00f6lner Kultur an starken Einzelpers\u00f6nlichkeiten wie <strong>Kurt Hackenberg<\/strong> und <strong>L. Fritz Gruber<\/strong> mangelt, und dass die Visual Gallery nicht nur eine Ausstellungs-, sondern immer auch eine wichtige Begegnungsst\u00e4tte der Fotografie war.<\/p>\n<p>Das komplette Interview gibt es\u00a0<a href=\"https:\/\/www.damianzimmermann.de\/blog\/wp-content\/uploads\/Interview-Markus-Schaden.pdf\" target=\"_blank\" rel=\"noopener noreferrer\">hier<\/a> als PDF.<\/p>\n\n\t\t<style type=\"text\/css\">\n\t\t\t#gallery-1 {\n\t\t\t\tmargin: auto;\n\t\t\t}\n\t\t\t#gallery-1 .gallery-item {\n\t\t\t\tfloat: left;\n\t\t\t\tmargin-top: 10px;\n\t\t\t\ttext-align: center;\n\t\t\t\twidth: 100%;\n\t\t\t}\n\t\t\t#gallery-1 img {\n\t\t\t\tborder: 2px solid #cfcfcf;\n\t\t\t}\n\t\t\t#gallery-1 .gallery-caption {\n\t\t\t\tmargin-left: 0;\n\t\t\t}\n\t\t\t\/* see gallery_shortcode() in wp-includes\/media.php *\/\n\t\t<\/style>\n\t\t<div id='gallery-1' class='gallery galleryid-8022 gallery-columns-1 gallery-size-large'><dl class='gallery-item'>\n\t\t\t<dt class='gallery-icon landscape'>\n\t\t\t\t<img loading=\"lazy\" decoding=\"async\" width=\"620\" height=\"349\" src=\"https:\/\/www.damianzimmermann.de\/blog\/wp-content\/uploads\/Markus-Schaden-01.jpg\" class=\"attachment-large size-large\" alt=\"\" aria-describedby=\"gallery-1-8041\" srcset=\"https:\/\/www.damianzimmermann.de\/blog\/wp-content\/uploads\/Markus-Schaden-01.jpg 900w, https:\/\/www.damianzimmermann.de\/blog\/wp-content\/uploads\/Markus-Schaden-01-200x112.jpg 200w, https:\/\/www.damianzimmermann.de\/blog\/wp-content\/uploads\/Markus-Schaden-01-400x224.jpg 400w\" sizes=\"auto, (max-width: 620px) 100vw, 620px\" \/>\n\t\t\t<\/dt>\n\t\t\t\t<dd class='wp-caption-text gallery-caption' id='gallery-1-8041'>\n\t\t\t\tMarkus Schaden vor der Ed van der Elsken-Installation in der Visual Gallery 2010 \u00a9 Damian Zimmermann\n\t\t\t\t<\/dd><\/dl><br style=\"clear: both\" \/><dl class='gallery-item'>\n\t\t\t<dt class='gallery-icon landscape'>\n\t\t\t\t<img loading=\"lazy\" decoding=\"async\" width=\"620\" height=\"418\" src=\"https:\/\/www.damianzimmermann.de\/blog\/wp-content\/uploads\/Markus-Schaden-021.jpg\" class=\"attachment-large size-large\" alt=\"\" aria-describedby=\"gallery-1-8042\" srcset=\"https:\/\/www.damianzimmermann.de\/blog\/wp-content\/uploads\/Markus-Schaden-021.jpg 900w, https:\/\/www.damianzimmermann.de\/blog\/wp-content\/uploads\/Markus-Schaden-021-200x134.jpg 200w, https:\/\/www.damianzimmermann.de\/blog\/wp-content\/uploads\/Markus-Schaden-021-400x269.jpg 400w\" sizes=\"auto, (max-width: 620px) 100vw, 620px\" \/>\n\t\t\t<\/dt>\n\t\t\t\t<dd class='wp-caption-text gallery-caption' id='gallery-1-8042'>\n\t\t\t\tMarkus Schaden in seiner Fotobuchhandlung Schaden.com \u00a9 Damian Zimmermann\n\t\t\t\t<\/dd><\/dl><br style=\"clear: both\" \/>\n\t\t<\/div>\n\n","protected":false},"excerpt":{"rendered":"<p>\u00dcber das angek\u00fcndigte Aus f\u00fcr die Visual Gallery auf der Photokina habe ich ja bereits berichtet. F\u00fcr die StadtRevue habe ich zu diesem Thema ein Interview mit Buchh\u00e4ndler,&#8230;<\/p>\n","protected":false},"author":1,"featured_media":8042,"comment_status":"closed","ping_status":"open","sticky":false,"template":"","format":"standard","meta":{"footnotes":""},"categories":[6,1006,1163],"tags":[787,574,137],"class_list":["post-8022","post","type-post","status-publish","format-standard","has-post-thumbnail","hentry","category-ausstellungen","category-festivalsmessen","category-interviews","tag-kurt-hackenberg","tag-l-fritz-gruber","tag-markus-schaden"],"_links":{"self":[{"href":"https:\/\/www.damianzimmermann.de\/blog\/wp-json\/wp\/v2\/posts\/8022","targetHints":{"allow":["GET"]}}],"collection":[{"href":"https:\/\/www.damianzimmermann.de\/blog\/wp-json\/wp\/v2\/posts"}],"about":[{"href":"https:\/\/www.damianzimmermann.de\/blog\/wp-json\/wp\/v2\/types\/post"}],"author":[{"embeddable":true,"href":"https:\/\/www.damianzimmermann.de\/blog\/wp-json\/wp\/v2\/users\/1"}],"replies":[{"embeddable":true,"href":"https:\/\/www.damianzimmermann.de\/blog\/wp-json\/wp\/v2\/comments?post=8022"}],"version-history":[{"count":30,"href":"https:\/\/www.damianzimmermann.de\/blog\/wp-json\/wp\/v2\/posts\/8022\/revisions"}],"predecessor-version":[{"id":20483,"href":"https:\/\/www.damianzimmermann.de\/blog\/wp-json\/wp\/v2\/posts\/8022\/revisions\/20483"}],"wp:featuredmedia":[{"embeddable":true,"href":"https:\/\/www.damianzimmermann.de\/blog\/wp-json\/wp\/v2\/media\/8042"}],"wp:attachment":[{"href":"https:\/\/www.damianzimmermann.de\/blog\/wp-json\/wp\/v2\/media?parent=8022"}],"wp:term":[{"taxonomy":"category","embeddable":true,"href":"https:\/\/www.damianzimmermann.de\/blog\/wp-json\/wp\/v2\/categories?post=8022"},{"taxonomy":"post_tag","embeddable":true,"href":"https:\/\/www.damianzimmermann.de\/blog\/wp-json\/wp\/v2\/tags?post=8022"}],"curies":[{"name":"wp","href":"https:\/\/api.w.org\/{rel}","templated":true}]}}