{"id":7789,"date":"2012-01-20T07:50:55","date_gmt":"2012-01-20T06:50:55","guid":{"rendered":"http:\/\/www.damianzimmermann.de\/blog\/?p=7789"},"modified":"2019-03-28T12:18:51","modified_gmt":"2019-03-28T11:18:51","slug":"aus-fur-die-visual-gallery-auf-der-photokina","status":"publish","type":"post","link":"https:\/\/www.damianzimmermann.de\/blog\/aus-fur-die-visual-gallery-auf-der-photokina\/","title":{"rendered":"Aus f\u00fcr die Visual Gallery auf der Photokina"},"content":{"rendered":"<p>Die Photokina hat bekannt gegeben, dass es ab der kommenden Messe im September keine &#8222;Visual Gallery&#8220; mehr mit Ausstellungen zur k\u00fcnstlerischen Fotografie geben wird. Zwar soll mit dem &#8222;Boulevard of Competition&#8220; Ersatz geschaffen werden &#8211; allerdings nur f\u00fcr die Profi-Fotowettbewerbe, die in der Regel weichgesp\u00fclte Einheitsfotografie pr\u00e4sentieren. Die Zusammenarbeit mit dem Bund Freischaffender Foto-Designer (BFF) und der Deutschen Gesellschaft f\u00fcr Photographie (DGPh), die seit 2002 vielbeachtete Ausstellungen unter anderem mit <strong>Martin Parr<\/strong>, <strong>Anton Corbijn<\/strong>, <strong>Michael von Graffenried<\/strong> und <strong>Thomas Hoepker<\/strong> auf die Beine gestellt haben, wird jedenfalls nicht l\u00e4nger ben\u00f6tigt.<\/p>\n<p>Warum dies ein gro\u00dfer Verlust f\u00fcr den Standort K\u00f6ln ist und die Messe enorme Kurzsichtigkeit beweist, k\u00f6nnt ihr in meinen ausf\u00fchrlichen Artikel sowie meinen Kommentar dazu im\u00a0<a href=\"https:\/\/www.damianzimmermann.de\/blog\/wp-content\/uploads\/196-Visual-Gallery1.pdf\" target=\"_blank\" rel=\"noopener noreferrer\">K\u00f6lner Stadt-Anzeiger<\/a> nachlesen.<\/p>\n\n\t\t<style type=\"text\/css\">\n\t\t\t#gallery-1 {\n\t\t\t\tmargin: auto;\n\t\t\t}\n\t\t\t#gallery-1 .gallery-item {\n\t\t\t\tfloat: left;\n\t\t\t\tmargin-top: 10px;\n\t\t\t\ttext-align: center;\n\t\t\t\twidth: 100%;\n\t\t\t}\n\t\t\t#gallery-1 img {\n\t\t\t\tborder: 2px solid #cfcfcf;\n\t\t\t}\n\t\t\t#gallery-1 .gallery-caption {\n\t\t\t\tmargin-left: 0;\n\t\t\t}\n\t\t\t\/* see gallery_shortcode() in wp-includes\/media.php *\/\n\t\t<\/style>\n\t\t<div id='gallery-1' class='gallery galleryid-7789 gallery-columns-1 gallery-size-large'><dl class='gallery-item'>\n\t\t\t<dt class='gallery-icon portrait'>\n\t\t\t\t<img loading=\"lazy\" decoding=\"async\" width=\"620\" height=\"694\" src=\"https:\/\/www.damianzimmermann.de\/blog\/wp-content\/uploads\/Visual-Gallery-2010-06-Pr\u00e4sentation-des-Ed-van-der-Elsken-Projektes-von-Markus-Schaden-an-der-KHM-K\u00f6ln.jpg\" class=\"attachment-large size-large\" alt=\"\" aria-describedby=\"gallery-1-7802\" srcset=\"https:\/\/www.damianzimmermann.de\/blog\/wp-content\/uploads\/Visual-Gallery-2010-06-Pr\u00e4sentation-des-Ed-van-der-Elsken-Projektes-von-Markus-Schaden-an-der-KHM-K\u00f6ln.jpg 715w, https:\/\/www.damianzimmermann.de\/blog\/wp-content\/uploads\/Visual-Gallery-2010-06-Pr\u00e4sentation-des-Ed-van-der-Elsken-Projektes-von-Markus-Schaden-an-der-KHM-K\u00f6ln-134x150.jpg 134w, https:\/\/www.damianzimmermann.de\/blog\/wp-content\/uploads\/Visual-Gallery-2010-06-Pr\u00e4sentation-des-Ed-van-der-Elsken-Projektes-von-Markus-Schaden-an-der-KHM-K\u00f6ln-357x400.jpg 357w\" sizes=\"auto, (max-width: 620px) 100vw, 620px\" \/>\n\t\t\t<\/dt>\n\t\t\t\t<dd class='wp-caption-text gallery-caption' id='gallery-1-7802'>\n\t\t\t\tPr\u00e4sentation des Ed van der Elsken-Projektes von Markus Schaden an der KHM K\u00f6ln, 2010 \u00a9 Damian Zimmermann\n\t\t\t\t<\/dd><\/dl><br style=\"clear: both\" \/><dl class='gallery-item'>\n\t\t\t<dt class='gallery-icon landscape'>\n\t\t\t\t<img loading=\"lazy\" decoding=\"async\" width=\"620\" height=\"465\" src=\"https:\/\/www.damianzimmermann.de\/blog\/wp-content\/uploads\/Visual-Gallery-2010-02-Fabian-Brennecke-Die-Klappstuhl-Armee.jpg\" class=\"attachment-large size-large\" alt=\"\" aria-describedby=\"gallery-1-7798\" srcset=\"https:\/\/www.damianzimmermann.de\/blog\/wp-content\/uploads\/Visual-Gallery-2010-02-Fabian-Brennecke-Die-Klappstuhl-Armee.jpg 800w, https:\/\/www.damianzimmermann.de\/blog\/wp-content\/uploads\/Visual-Gallery-2010-02-Fabian-Brennecke-Die-Klappstuhl-Armee-200x150.jpg 200w, https:\/\/www.damianzimmermann.de\/blog\/wp-content\/uploads\/Visual-Gallery-2010-02-Fabian-Brennecke-Die-Klappstuhl-Armee-400x300.jpg 400w\" sizes=\"auto, (max-width: 620px) 100vw, 620px\" \/>\n\t\t\t<\/dt>\n\t\t\t\t<dd class='wp-caption-text gallery-caption' id='gallery-1-7798'>\n\t\t\t\tFabian Brennecke: &#8222;Die Klappstuhl-Armee&#8220; im Hochschulbereich, 2010 \u00a9 Damian Zimmermann\n\t\t\t\t<\/dd><\/dl><br style=\"clear: both\" \/><dl class='gallery-item'>\n\t\t\t<dt class='gallery-icon landscape'>\n\t\t\t\t<img loading=\"lazy\" decoding=\"async\" width=\"620\" height=\"620\" src=\"https:\/\/www.damianzimmermann.de\/blog\/wp-content\/uploads\/Visual-Gallery-2010-01-FH-Stand.jpg\" class=\"attachment-large size-large\" alt=\"\" aria-describedby=\"gallery-1-7797\" srcset=\"https:\/\/www.damianzimmermann.de\/blog\/wp-content\/uploads\/Visual-Gallery-2010-01-FH-Stand.jpg 800w, https:\/\/www.damianzimmermann.de\/blog\/wp-content\/uploads\/Visual-Gallery-2010-01-FH-Stand-150x150.jpg 150w, https:\/\/www.damianzimmermann.de\/blog\/wp-content\/uploads\/Visual-Gallery-2010-01-FH-Stand-400x400.jpg 400w\" sizes=\"auto, (max-width: 620px) 100vw, 620px\" \/>\n\t\t\t<\/dt>\n\t\t\t\t<dd class='wp-caption-text gallery-caption' id='gallery-1-7797'>\n\t\t\t\tStand im Hochschulbereich, 2010 \u00a9 Damian Zimmermann\n\t\t\t\t<\/dd><\/dl><br style=\"clear: both\" \/><dl class='gallery-item'>\n\t\t\t<dt class='gallery-icon landscape'>\n\t\t\t\t<img loading=\"lazy\" decoding=\"async\" width=\"620\" height=\"351\" src=\"https:\/\/www.damianzimmermann.de\/blog\/wp-content\/uploads\/Visual-Gallery-2010-05-Nach-Farbe-sortierte-Stock-Fotografie.jpg\" class=\"attachment-large size-large\" alt=\"\" aria-describedby=\"gallery-1-7801\" srcset=\"https:\/\/www.damianzimmermann.de\/blog\/wp-content\/uploads\/Visual-Gallery-2010-05-Nach-Farbe-sortierte-Stock-Fotografie.jpg 800w, https:\/\/www.damianzimmermann.de\/blog\/wp-content\/uploads\/Visual-Gallery-2010-05-Nach-Farbe-sortierte-Stock-Fotografie-200x113.jpg 200w, https:\/\/www.damianzimmermann.de\/blog\/wp-content\/uploads\/Visual-Gallery-2010-05-Nach-Farbe-sortierte-Stock-Fotografie-400x226.jpg 400w\" sizes=\"auto, (max-width: 620px) 100vw, 620px\" \/>\n\t\t\t<\/dt>\n\t\t\t\t<dd class='wp-caption-text gallery-caption' id='gallery-1-7801'>\n\t\t\t\tPr\u00e4sentation des Sony World Photography Awards in der Visual Gallery 2010 \u00a9 Damian Zimmermann\n\t\t\t\t<\/dd><\/dl><br style=\"clear: both\" \/><dl class='gallery-item'>\n\t\t\t<dt class='gallery-icon landscape'>\n\t\t\t\t<img loading=\"lazy\" decoding=\"async\" width=\"620\" height=\"333\" src=\"https:\/\/www.damianzimmermann.de\/blog\/wp-content\/uploads\/Visual-Gallery-2010-04-Michael-von-Graffenried.jpg\" class=\"attachment-large size-large\" alt=\"\" aria-describedby=\"gallery-1-7800\" srcset=\"https:\/\/www.damianzimmermann.de\/blog\/wp-content\/uploads\/Visual-Gallery-2010-04-Michael-von-Graffenried.jpg 800w, https:\/\/www.damianzimmermann.de\/blog\/wp-content\/uploads\/Visual-Gallery-2010-04-Michael-von-Graffenried-200x107.jpg 200w, https:\/\/www.damianzimmermann.de\/blog\/wp-content\/uploads\/Visual-Gallery-2010-04-Michael-von-Graffenried-400x215.jpg 400w\" sizes=\"auto, (max-width: 620px) 100vw, 620px\" \/>\n\t\t\t<\/dt>\n\t\t\t\t<dd class='wp-caption-text gallery-caption' id='gallery-1-7800'>\n\t\t\t\tEinzelausstellung von Michael von Graffenried in der Visual Gallery 2010 \u00a9 Damian Zimmermann\n\t\t\t\t<\/dd><\/dl><br style=\"clear: both\" \/>\n\t\t<\/div>\n\n","protected":false},"excerpt":{"rendered":"<p>Die Photokina hat bekannt gegeben, dass es ab der kommenden Messe im September keine &#8222;Visual Gallery&#8220; mehr mit Ausstellungen zur k\u00fcnstlerischen Fotografie geben wird. Zwar soll mit dem&#8230;<\/p>\n","protected":false},"author":1,"featured_media":7802,"comment_status":"closed","ping_status":"open","sticky":false,"template":"","format":"standard","meta":{"footnotes":""},"categories":[1,6],"tags":[615,516,752,192,588,751],"class_list":["post-7789","post","type-post","status-publish","format-standard","has-post-thumbnail","hentry","category-allgemein","category-ausstellungen","tag-anton-corbijn","tag-martin-parr","tag-michael-von-graffenried","tag-photokina","tag-thomas-hoepker","tag-visual-gallery"],"_links":{"self":[{"href":"https:\/\/www.damianzimmermann.de\/blog\/wp-json\/wp\/v2\/posts\/7789","targetHints":{"allow":["GET"]}}],"collection":[{"href":"https:\/\/www.damianzimmermann.de\/blog\/wp-json\/wp\/v2\/posts"}],"about":[{"href":"https:\/\/www.damianzimmermann.de\/blog\/wp-json\/wp\/v2\/types\/post"}],"author":[{"embeddable":true,"href":"https:\/\/www.damianzimmermann.de\/blog\/wp-json\/wp\/v2\/users\/1"}],"replies":[{"embeddable":true,"href":"https:\/\/www.damianzimmermann.de\/blog\/wp-json\/wp\/v2\/comments?post=7789"}],"version-history":[{"count":34,"href":"https:\/\/www.damianzimmermann.de\/blog\/wp-json\/wp\/v2\/posts\/7789\/revisions"}],"predecessor-version":[{"id":20850,"href":"https:\/\/www.damianzimmermann.de\/blog\/wp-json\/wp\/v2\/posts\/7789\/revisions\/20850"}],"wp:featuredmedia":[{"embeddable":true,"href":"https:\/\/www.damianzimmermann.de\/blog\/wp-json\/wp\/v2\/media\/7802"}],"wp:attachment":[{"href":"https:\/\/www.damianzimmermann.de\/blog\/wp-json\/wp\/v2\/media?parent=7789"}],"wp:term":[{"taxonomy":"category","embeddable":true,"href":"https:\/\/www.damianzimmermann.de\/blog\/wp-json\/wp\/v2\/categories?post=7789"},{"taxonomy":"post_tag","embeddable":true,"href":"https:\/\/www.damianzimmermann.de\/blog\/wp-json\/wp\/v2\/tags?post=7789"}],"curies":[{"name":"wp","href":"https:\/\/api.w.org\/{rel}","templated":true}]}}