{"id":7488,"date":"2012-01-05T11:53:56","date_gmt":"2012-01-05T10:53:56","guid":{"rendered":"http:\/\/www.damianzimmermann.de\/blog\/?p=7488"},"modified":"2019-03-26T09:55:30","modified_gmt":"2019-03-26T08:55:30","slug":"drei-fotografen-zwei-ausstellungen-ein-motiv","status":"publish","type":"post","link":"https:\/\/www.damianzimmermann.de\/blog\/drei-fotografen-zwei-ausstellungen-ein-motiv\/","title":{"rendered":"Drei Fotografen, zwei Ausstellungen, ein Motiv"},"content":{"rendered":"<p>Gleich drei K\u00fcnstler besch\u00e4ftigen sich in zwei Ausstellungen mit Gesch\u00e4ftsl\u00e4den und Schaufenstern und deren Au\u00dfenwirkung. Trotz formal\u00e4sthetischen wie inhaltlichen Parallelen gibt es nat\u00fcrlich auch gro\u00dfe Unterschiede zu entdecken, so dass ein direkter Vergleich durchaus lohnt.<\/p>\n<p>So hat <strong>Anna Malagrida<\/strong> Pariser Schaufenster fotografiert, die w\u00e4hrend Renovierungsarbeiten im Laden zu abstrakt-poetischen Leinw\u00e4nden aus Glas werden. Die Bilder sind in der Galerie Figge von Rosen zu sehen. In der Galerie Kaune, Sudendorf widmet sich hingegen<strong> Immo Klink<\/strong> den Filialen gro\u00dfer Luxus-Modemarken kurz vor den 1. Mai-Krawalldemonstrationen in London, und <strong>Jacqueline Hassink<\/strong> hat die privaten Ankleider\u00e4ume dieser Boutiquen fotografiert, die Normalsterbliche sonst nicht zu sehen bekommen.<\/p>\n<p>Meinen vollst\u00e4ndigen Artikel aus dem Ksta gibt es\u00a0<a href=\"https:\/\/www.damianzimmermann.de\/blog\/wp-content\/uploads\/193-Malagrida-Klink-Hassink.pdf\" target=\"_blank\" rel=\"noopener noreferrer\">hier<\/a> als PDF.<\/p>\n<p>Links: <a href=\"http:\/\/www.figgevonrosen.com\/artist\/anna-malagrida\" target=\"_blank\" rel=\"noopener noreferrer\">Galerie Figge von Rosen<\/a>, <a href=\"http:\/\/www.ks-contemporary.com\/artists\/closed-shop-group-exhibition\/work\/closed-shop-exhibition\/1115\/\" target=\"_blank\" rel=\"noopener noreferrer\">Galerie Kaune, Sudendorf<\/a><\/p>\n\n\t\t<style type=\"text\/css\">\n\t\t\t#gallery-1 {\n\t\t\t\tmargin: auto;\n\t\t\t}\n\t\t\t#gallery-1 .gallery-item {\n\t\t\t\tfloat: left;\n\t\t\t\tmargin-top: 10px;\n\t\t\t\ttext-align: center;\n\t\t\t\twidth: 100%;\n\t\t\t}\n\t\t\t#gallery-1 img {\n\t\t\t\tborder: 2px solid #cfcfcf;\n\t\t\t}\n\t\t\t#gallery-1 .gallery-caption {\n\t\t\t\tmargin-left: 0;\n\t\t\t}\n\t\t\t\/* see gallery_shortcode() in wp-includes\/media.php *\/\n\t\t<\/style>\n\t\t<div id='gallery-1' class='gallery galleryid-7488 gallery-columns-1 gallery-size-large'><dl class='gallery-item'>\n\t\t\t<dt class='gallery-icon landscape'>\n\t\t\t\t<img loading=\"lazy\" decoding=\"async\" width=\"620\" height=\"484\" src=\"https:\/\/www.damianzimmermann.de\/blog\/wp-content\/uploads\/Jacqueline-Hassink-Jean-Louis-Scherrer.jpg\" class=\"attachment-large size-large\" alt=\"\" aria-describedby=\"gallery-1-7504\" srcset=\"https:\/\/www.damianzimmermann.de\/blog\/wp-content\/uploads\/Jacqueline-Hassink-Jean-Louis-Scherrer.jpg 900w, https:\/\/www.damianzimmermann.de\/blog\/wp-content\/uploads\/Jacqueline-Hassink-Jean-Louis-Scherrer-192x150.jpg 192w, https:\/\/www.damianzimmermann.de\/blog\/wp-content\/uploads\/Jacqueline-Hassink-Jean-Louis-Scherrer-400x312.jpg 400w\" sizes=\"auto, (max-width: 620px) 100vw, 620px\" \/>\n\t\t\t<\/dt>\n\t\t\t\t<dd class='wp-caption-text gallery-caption' id='gallery-1-7504'>\n\t\t\t\tJacqueline Hassink: &#8222;Jean-Louis Scherrer&#8220;, Paris 2003, C-Print\n\t\t\t\t<\/dd><\/dl><br style=\"clear: both\" \/><dl class='gallery-item'>\n\t\t\t<dt class='gallery-icon landscape'>\n\t\t\t\t<img loading=\"lazy\" decoding=\"async\" width=\"620\" height=\"484\" src=\"https:\/\/www.damianzimmermann.de\/blog\/wp-content\/uploads\/Jacqueline-Hassink-Chanel.jpg\" class=\"attachment-large size-large\" alt=\"\" aria-describedby=\"gallery-1-7518\" srcset=\"https:\/\/www.damianzimmermann.de\/blog\/wp-content\/uploads\/Jacqueline-Hassink-Chanel.jpg 900w, https:\/\/www.damianzimmermann.de\/blog\/wp-content\/uploads\/Jacqueline-Hassink-Chanel-192x150.jpg 192w, https:\/\/www.damianzimmermann.de\/blog\/wp-content\/uploads\/Jacqueline-Hassink-Chanel-400x312.jpg 400w\" sizes=\"auto, (max-width: 620px) 100vw, 620px\" \/>\n\t\t\t<\/dt>\n\t\t\t\t<dd class='wp-caption-text gallery-caption' id='gallery-1-7518'>\n\t\t\t\tJacqueline Hassink: &#8222;Chanel&#8220;, Paris 2007, C-Print\n\t\t\t\t<\/dd><\/dl><br style=\"clear: both\" \/><dl class='gallery-item'>\n\t\t\t<dt class='gallery-icon landscape'>\n\t\t\t\t<img loading=\"lazy\" decoding=\"async\" width=\"620\" height=\"441\" src=\"https:\/\/www.damianzimmermann.de\/blog\/wp-content\/uploads\/Immo-Klink-YSL.jpg\" class=\"attachment-large size-large\" alt=\"\" aria-describedby=\"gallery-1-7502\" srcset=\"https:\/\/www.damianzimmermann.de\/blog\/wp-content\/uploads\/Immo-Klink-YSL.jpg 900w, https:\/\/www.damianzimmermann.de\/blog\/wp-content\/uploads\/Immo-Klink-YSL-200x142.jpg 200w, https:\/\/www.damianzimmermann.de\/blog\/wp-content\/uploads\/Immo-Klink-YSL-400x284.jpg 400w\" sizes=\"auto, (max-width: 620px) 100vw, 620px\" \/>\n\t\t\t<\/dt>\n\t\t\t\t<dd class='wp-caption-text gallery-caption' id='gallery-1-7502'>\n\t\t\t\tImmo Klink: &#8222;YSL&#8220;, London 2002, C-Print auf Alu-Dibond\n\t\t\t\t<\/dd><\/dl><br style=\"clear: both\" \/><dl class='gallery-item'>\n\t\t\t<dt class='gallery-icon landscape'>\n\t\t\t\t<img loading=\"lazy\" decoding=\"async\" width=\"620\" height=\"413\" src=\"https:\/\/www.damianzimmermann.de\/blog\/wp-content\/uploads\/Immo-Klink-Prada.jpg\" class=\"attachment-large size-large\" alt=\"\" aria-describedby=\"gallery-1-7500\" srcset=\"https:\/\/www.damianzimmermann.de\/blog\/wp-content\/uploads\/Immo-Klink-Prada.jpg 900w, https:\/\/www.damianzimmermann.de\/blog\/wp-content\/uploads\/Immo-Klink-Prada-200x133.jpg 200w, https:\/\/www.damianzimmermann.de\/blog\/wp-content\/uploads\/Immo-Klink-Prada-400x266.jpg 400w\" sizes=\"auto, (max-width: 620px) 100vw, 620px\" \/>\n\t\t\t<\/dt>\n\t\t\t\t<dd class='wp-caption-text gallery-caption' id='gallery-1-7500'>\n\t\t\t\tImmo Klink: &#8222;Prada&#8220;, London 2002, C-Print auf Alu-Dibond\n\t\t\t\t<\/dd><\/dl><br style=\"clear: both\" \/><dl class='gallery-item'>\n\t\t\t<dt class='gallery-icon portrait'>\n\t\t\t\t<img loading=\"lazy\" decoding=\"async\" width=\"620\" height=\"818\" src=\"https:\/\/www.damianzimmermann.de\/blog\/wp-content\/uploads\/MA_2008_vitrinas_RueRiboutt\u00e9Jugakarov_300.jpg\" class=\"attachment-large size-large\" alt=\"\" aria-describedby=\"gallery-1-7506\" srcset=\"https:\/\/www.damianzimmermann.de\/blog\/wp-content\/uploads\/MA_2008_vitrinas_RueRiboutt\u00e9Jugakarov_300.jpg 682w, https:\/\/www.damianzimmermann.de\/blog\/wp-content\/uploads\/MA_2008_vitrinas_RueRiboutt\u00e9Jugakarov_300-113x150.jpg 113w, https:\/\/www.damianzimmermann.de\/blog\/wp-content\/uploads\/MA_2008_vitrinas_RueRiboutt\u00e9Jugakarov_300-303x400.jpg 303w\" sizes=\"auto, (max-width: 620px) 100vw, 620px\" \/>\n\t\t\t<\/dt>\n\t\t\t\t<dd class='wp-caption-text gallery-caption' id='gallery-1-7506'>\n\t\t\t\tAnna Malagrida: &#8222;Rue Riboutt\u00e9&#8220;, 2008, Digitaler Gicl\u00e9e Druck\n\t\t\t\t<\/dd><\/dl><br style=\"clear: both\" \/><dl class='gallery-item'>\n\t\t\t<dt class='gallery-icon landscape'>\n\t\t\t\t<img loading=\"lazy\" decoding=\"async\" width=\"620\" height=\"558\" src=\"https:\/\/www.damianzimmermann.de\/blog\/wp-content\/uploads\/MA_2009_vitrinas_RueSaintCharles_300.jpg\" class=\"attachment-large size-large\" alt=\"\" aria-describedby=\"gallery-1-7508\" srcset=\"https:\/\/www.damianzimmermann.de\/blog\/wp-content\/uploads\/MA_2009_vitrinas_RueSaintCharles_300.jpg 900w, https:\/\/www.damianzimmermann.de\/blog\/wp-content\/uploads\/MA_2009_vitrinas_RueSaintCharles_300-166x150.jpg 166w, https:\/\/www.damianzimmermann.de\/blog\/wp-content\/uploads\/MA_2009_vitrinas_RueSaintCharles_300-400x360.jpg 400w\" sizes=\"auto, (max-width: 620px) 100vw, 620px\" \/>\n\t\t\t<\/dt>\n\t\t\t\t<dd class='wp-caption-text gallery-caption' id='gallery-1-7508'>\n\t\t\t\tAnna Malagrida: &#8222;Rue St Charles&#8220;, 2009, Digitaler Gicl\u00e9e Druck \n\t\t\t\t<\/dd><\/dl><br style=\"clear: both\" \/>\n\t\t<\/div>\n\n","protected":false},"excerpt":{"rendered":"<p>Gleich drei K\u00fcnstler besch\u00e4ftigen sich in zwei Ausstellungen mit Gesch\u00e4ftsl\u00e4den und Schaufenstern und deren Au\u00dfenwirkung. Trotz formal\u00e4sthetischen wie inhaltlichen Parallelen gibt es nat\u00fcrlich auch gro\u00dfe Unterschiede zu entdecken,&#8230;<\/p>\n","protected":false},"author":1,"featured_media":7500,"comment_status":"closed","ping_status":"open","sticky":false,"template":"","format":"standard","meta":{"footnotes":""},"categories":[6],"tags":[727,726,725],"class_list":["post-7488","post","type-post","status-publish","format-standard","has-post-thumbnail","hentry","category-ausstellungen","tag-anna-malagrida","tag-immo-klink","tag-jacqueline-hassink"],"_links":{"self":[{"href":"https:\/\/www.damianzimmermann.de\/blog\/wp-json\/wp\/v2\/posts\/7488","targetHints":{"allow":["GET"]}}],"collection":[{"href":"https:\/\/www.damianzimmermann.de\/blog\/wp-json\/wp\/v2\/posts"}],"about":[{"href":"https:\/\/www.damianzimmermann.de\/blog\/wp-json\/wp\/v2\/types\/post"}],"author":[{"embeddable":true,"href":"https:\/\/www.damianzimmermann.de\/blog\/wp-json\/wp\/v2\/users\/1"}],"replies":[{"embeddable":true,"href":"https:\/\/www.damianzimmermann.de\/blog\/wp-json\/wp\/v2\/comments?post=7488"}],"version-history":[{"count":40,"href":"https:\/\/www.damianzimmermann.de\/blog\/wp-json\/wp\/v2\/posts\/7488\/revisions"}],"predecessor-version":[{"id":20499,"href":"https:\/\/www.damianzimmermann.de\/blog\/wp-json\/wp\/v2\/posts\/7488\/revisions\/20499"}],"wp:featuredmedia":[{"embeddable":true,"href":"https:\/\/www.damianzimmermann.de\/blog\/wp-json\/wp\/v2\/media\/7500"}],"wp:attachment":[{"href":"https:\/\/www.damianzimmermann.de\/blog\/wp-json\/wp\/v2\/media?parent=7488"}],"wp:term":[{"taxonomy":"category","embeddable":true,"href":"https:\/\/www.damianzimmermann.de\/blog\/wp-json\/wp\/v2\/categories?post=7488"},{"taxonomy":"post_tag","embeddable":true,"href":"https:\/\/www.damianzimmermann.de\/blog\/wp-json\/wp\/v2\/tags?post=7488"}],"curies":[{"name":"wp","href":"https:\/\/api.w.org\/{rel}","templated":true}]}}