{"id":7392,"date":"2011-12-10T18:29:39","date_gmt":"2011-12-10T17:29:39","guid":{"rendered":"http:\/\/www.damianzimmermann.de\/blog\/?p=7392"},"modified":"2019-03-26T09:59:46","modified_gmt":"2019-03-26T08:59:46","slug":"gabriele-kostas-das-haus-der-kempowskis","status":"publish","type":"post","link":"https:\/\/www.damianzimmermann.de\/blog\/gabriele-kostas-das-haus-der-kempowskis\/","title":{"rendered":"Gabriele Kostas: &#8222;Das Haus der Kempowskis&#8220;"},"content":{"rendered":"<p>Ich kann nicht behaupten, dass ich ein gro\u00dfer <strong>Walter Kempowski<\/strong>-Kenner w\u00e4re. Aber ich habe immerhin sein Tagebuch Sirius aus dem Jahr 1983 gelesen &#8211; und ich war von der ersten Seite an begeistert. Seine Beobachtungsgabe f\u00fcr das Allt\u00e4gliche einerseits und das gesellschaftlich-politische Geschehen andererseits vermischt sich darin mit seiner bei\u00dfenden Kritik, viel Sinn f\u00fcr Humor und vor allem Ironie und seinem Hang zum Absurdem.<\/p>\n<p>Zwangsl\u00e4ufig besch\u00e4ftigt man sich als Leser aber auch mit dem ungew\u00f6hnlichen Wohnhaus im norddeutschen Nartum, schlie\u00dflich lebte und arbeitete Kempowski da nicht nur, sondern empfing offensichtlich fast t\u00e4glich G\u00e4ste &#8211; &#8222;Freunde, Journalisten, Literaturstudenten&#8220;, wie er schrieb. Aber auch Musiker wie <strong>Gabriele Kostas<\/strong>, die im &#8222;Haus Kreienhoop&#8220; Konzerte gaben. Kostas war von dem Haus offensichtlich genauso fasziniert wie ich beim Lesen dar\u00fcber, so dass sie wiederkam und es fotografierte. Und obwohl ihre Bilder formal betrachtet einige M\u00e4ngel aufweisen, transportieren sie doch gleichzeitig sehr gut das Gef\u00fchl, das dieser lichtdurchflutete Ort ausstrahlen muss. Geschickt nutzt Kostas Ein-, Aus- und Durchblicke und spielt mit den Spiegelungen und Reflexionen, so dass man sehr aufmerksam schauen muss, um W\u00e4nde, Spiegel und Ebenen \u00fcberhaupt auseinanderhalten zu k\u00f6nnen. Hin und wieder streut sie sehr gut passende Zitate Kempowskis, die sein eigenes enges und intensives Interesse an seinem Haus zum Ausdruck bringen.<\/p>\n<p>Insgesamt ist &#8222;Das Haus der Kempowskis&#8220;, erschienen im Hatje Cantz Verlag (128 Seiten, 35 Euro), aus Fotobuchsammler-Sicht zwar eher simpel gestaltet und verstrahlt optisch den 08\/15-Charme eines Cewe-Fotobuchs vom letzten Toskana-Urlaub. Dennoch erh\u00e4lt es von mir eine Empfehlung, weil es eine subjektive Bestandsaufnahme eines gro\u00dfen deutschen Literatenhaushaltes ist und Gabriele Kostas liebevoll und mit einfachen Mitteln, aber ohne falschen Pathos dem Ph\u00e4nomen des &#8222;Frei-Offenen&#8220; des Hauses von Walter Kempowski und seiner Frau Hildegard ein kleines, fotografisches Denkmal setzt.<\/p>\n<p>Links: <a href=\"http:\/\/www.hatjecantz.de\/controller.php?cmd=detail&amp;titzif=00003165\" target=\"_blank\" rel=\"noopener noreferrer\">Hatje Cantz<\/a>, <a href=\"http:\/\/www.kempowski-stiftung.de\/\" target=\"_blank\" rel=\"noopener noreferrer\">Kempowski Stiftung Haus Kreienhoop<\/a><\/p>\n\n\t\t<style type=\"text\/css\">\n\t\t\t#gallery-1 {\n\t\t\t\tmargin: auto;\n\t\t\t}\n\t\t\t#gallery-1 .gallery-item {\n\t\t\t\tfloat: left;\n\t\t\t\tmargin-top: 10px;\n\t\t\t\ttext-align: center;\n\t\t\t\twidth: 100%;\n\t\t\t}\n\t\t\t#gallery-1 img {\n\t\t\t\tborder: 2px solid #cfcfcf;\n\t\t\t}\n\t\t\t#gallery-1 .gallery-caption {\n\t\t\t\tmargin-left: 0;\n\t\t\t}\n\t\t\t\/* see gallery_shortcode() in wp-includes\/media.php *\/\n\t\t<\/style>\n\t\t<div id='gallery-1' class='gallery galleryid-7392 gallery-columns-1 gallery-size-large'><dl class='gallery-item'>\n\t\t\t<dt class='gallery-icon portrait'>\n\t\t\t\t<img loading=\"lazy\" decoding=\"async\" width=\"620\" height=\"703\" src=\"https:\/\/www.damianzimmermann.de\/blog\/wp-content\/uploads\/Cover3.jpg\" class=\"attachment-large size-large\" alt=\"\" aria-describedby=\"gallery-1-7422\" srcset=\"https:\/\/www.damianzimmermann.de\/blog\/wp-content\/uploads\/Cover3.jpg 706w, https:\/\/www.damianzimmermann.de\/blog\/wp-content\/uploads\/Cover3-132x150.jpg 132w, https:\/\/www.damianzimmermann.de\/blog\/wp-content\/uploads\/Cover3-353x400.jpg 353w\" sizes=\"auto, (max-width: 620px) 100vw, 620px\" \/>\n\t\t\t<\/dt>\n\t\t\t\t<dd class='wp-caption-text gallery-caption' id='gallery-1-7422'>\n\t\t\t\tGabriele Kostas: &#8222;Das Haus der Kempowskis&#8220; &#8211; Cover\n\t\t\t\t<\/dd><\/dl><br style=\"clear: both\" \/><dl class='gallery-item'>\n\t\t\t<dt class='gallery-icon portrait'>\n\t\t\t\t<img loading=\"lazy\" decoding=\"async\" width=\"620\" height=\"827\" src=\"https:\/\/www.damianzimmermann.de\/blog\/wp-content\/uploads\/9-Kempowski.jpg\" class=\"attachment-large size-large\" alt=\"\" aria-describedby=\"gallery-1-7420\" srcset=\"https:\/\/www.damianzimmermann.de\/blog\/wp-content\/uploads\/9-Kempowski.jpg 675w, https:\/\/www.damianzimmermann.de\/blog\/wp-content\/uploads\/9-Kempowski-112x150.jpg 112w, https:\/\/www.damianzimmermann.de\/blog\/wp-content\/uploads\/9-Kempowski-300x400.jpg 300w\" sizes=\"auto, (max-width: 620px) 100vw, 620px\" \/>\n\t\t\t<\/dt>\n\t\t\t\t<dd class='wp-caption-text gallery-caption' id='gallery-1-7420'>\n\t\t\t\tGabriele Kostas, aus &#8222;Das Haus der Kempowskis&#8220;\n\t\t\t\t<\/dd><\/dl><br style=\"clear: both\" \/><dl class='gallery-item'>\n\t\t\t<dt class='gallery-icon portrait'>\n\t\t\t\t<img loading=\"lazy\" decoding=\"async\" width=\"599\" height=\"900\" src=\"https:\/\/www.damianzimmermann.de\/blog\/wp-content\/uploads\/7-Kempowski-DSC3671.jpg\" class=\"attachment-large size-large\" alt=\"\" aria-describedby=\"gallery-1-7418\" srcset=\"https:\/\/www.damianzimmermann.de\/blog\/wp-content\/uploads\/7-Kempowski-DSC3671.jpg 599w, https:\/\/www.damianzimmermann.de\/blog\/wp-content\/uploads\/7-Kempowski-DSC3671-99x150.jpg 99w, https:\/\/www.damianzimmermann.de\/blog\/wp-content\/uploads\/7-Kempowski-DSC3671-266x400.jpg 266w\" sizes=\"auto, (max-width: 599px) 100vw, 599px\" \/>\n\t\t\t<\/dt>\n\t\t\t\t<dd class='wp-caption-text gallery-caption' id='gallery-1-7418'>\n\t\t\t\tGabriele Kostas, aus &#8222;Das Haus der Kempowskis&#8220;\n\t\t\t\t<\/dd><\/dl><br style=\"clear: both\" \/><dl class='gallery-item'>\n\t\t\t<dt class='gallery-icon landscape'>\n\t\t\t\t<img loading=\"lazy\" decoding=\"async\" width=\"620\" height=\"465\" src=\"https:\/\/www.damianzimmermann.de\/blog\/wp-content\/uploads\/6-Kempowski-8.5.09-366.jpg\" class=\"attachment-large size-large\" alt=\"\" aria-describedby=\"gallery-1-7417\" srcset=\"https:\/\/www.damianzimmermann.de\/blog\/wp-content\/uploads\/6-Kempowski-8.5.09-366.jpg 900w, https:\/\/www.damianzimmermann.de\/blog\/wp-content\/uploads\/6-Kempowski-8.5.09-366-200x150.jpg 200w, https:\/\/www.damianzimmermann.de\/blog\/wp-content\/uploads\/6-Kempowski-8.5.09-366-400x300.jpg 400w\" sizes=\"auto, (max-width: 620px) 100vw, 620px\" \/>\n\t\t\t<\/dt>\n\t\t\t\t<dd class='wp-caption-text gallery-caption' id='gallery-1-7417'>\n\t\t\t\tGabriele Kostas, aus &#8222;Das Haus der Kempowskis&#8220;\n\t\t\t\t<\/dd><\/dl><br style=\"clear: both\" \/><dl class='gallery-item'>\n\t\t\t<dt class='gallery-icon portrait'>\n\t\t\t\t<img loading=\"lazy\" decoding=\"async\" width=\"620\" height=\"827\" src=\"https:\/\/www.damianzimmermann.de\/blog\/wp-content\/uploads\/1-Kempowski-096.jpg\" class=\"attachment-large size-large\" alt=\"\" aria-describedby=\"gallery-1-7414\" srcset=\"https:\/\/www.damianzimmermann.de\/blog\/wp-content\/uploads\/1-Kempowski-096.jpg 675w, https:\/\/www.damianzimmermann.de\/blog\/wp-content\/uploads\/1-Kempowski-096-112x150.jpg 112w, https:\/\/www.damianzimmermann.de\/blog\/wp-content\/uploads\/1-Kempowski-096-300x400.jpg 300w\" sizes=\"auto, (max-width: 620px) 100vw, 620px\" \/>\n\t\t\t<\/dt>\n\t\t\t\t<dd class='wp-caption-text gallery-caption' id='gallery-1-7414'>\n\t\t\t\tGabriele Kostas, aus &#8222;Das Haus der Kempowskis&#8220;\n\t\t\t\t<\/dd><\/dl><br style=\"clear: both\" \/><dl class='gallery-item'>\n\t\t\t<dt class='gallery-icon landscape'>\n\t\t\t\t<img loading=\"lazy\" decoding=\"async\" width=\"620\" height=\"465\" src=\"https:\/\/www.damianzimmermann.de\/blog\/wp-content\/uploads\/8-Kempowski-P1070900.jpg\" class=\"attachment-large size-large\" alt=\"\" aria-describedby=\"gallery-1-7419\" srcset=\"https:\/\/www.damianzimmermann.de\/blog\/wp-content\/uploads\/8-Kempowski-P1070900.jpg 900w, https:\/\/www.damianzimmermann.de\/blog\/wp-content\/uploads\/8-Kempowski-P1070900-200x150.jpg 200w, https:\/\/www.damianzimmermann.de\/blog\/wp-content\/uploads\/8-Kempowski-P1070900-400x300.jpg 400w\" sizes=\"auto, (max-width: 620px) 100vw, 620px\" \/>\n\t\t\t<\/dt>\n\t\t\t\t<dd class='wp-caption-text gallery-caption' id='gallery-1-7419'>\n\t\t\t\tGabriele Kostas, aus &#8222;Das Haus der Kempowskis&#8220;\n\t\t\t\t<\/dd><\/dl><br style=\"clear: both\" \/>\n\t\t<\/div>\n\n","protected":false},"excerpt":{"rendered":"<p>Ich kann nicht behaupten, dass ich ein gro\u00dfer Walter Kempowski-Kenner w\u00e4re. Aber ich habe immerhin sein Tagebuch Sirius aus dem Jahr 1983 gelesen &#8211; und ich war von&#8230;<\/p>\n","protected":false},"author":1,"featured_media":7422,"comment_status":"closed","ping_status":"open","sticky":false,"template":"","format":"standard","meta":{"footnotes":""},"categories":[7],"tags":[719,720],"class_list":["post-7392","post","type-post","status-publish","format-standard","has-post-thumbnail","hentry","category-fotobuecher","tag-gabriele-kostas","tag-walter-kempowski"],"_links":{"self":[{"href":"https:\/\/www.damianzimmermann.de\/blog\/wp-json\/wp\/v2\/posts\/7392","targetHints":{"allow":["GET"]}}],"collection":[{"href":"https:\/\/www.damianzimmermann.de\/blog\/wp-json\/wp\/v2\/posts"}],"about":[{"href":"https:\/\/www.damianzimmermann.de\/blog\/wp-json\/wp\/v2\/types\/post"}],"author":[{"embeddable":true,"href":"https:\/\/www.damianzimmermann.de\/blog\/wp-json\/wp\/v2\/users\/1"}],"replies":[{"embeddable":true,"href":"https:\/\/www.damianzimmermann.de\/blog\/wp-json\/wp\/v2\/comments?post=7392"}],"version-history":[{"count":41,"href":"https:\/\/www.damianzimmermann.de\/blog\/wp-json\/wp\/v2\/posts\/7392\/revisions"}],"predecessor-version":[{"id":20503,"href":"https:\/\/www.damianzimmermann.de\/blog\/wp-json\/wp\/v2\/posts\/7392\/revisions\/20503"}],"wp:featuredmedia":[{"embeddable":true,"href":"https:\/\/www.damianzimmermann.de\/blog\/wp-json\/wp\/v2\/media\/7422"}],"wp:attachment":[{"href":"https:\/\/www.damianzimmermann.de\/blog\/wp-json\/wp\/v2\/media?parent=7392"}],"wp:term":[{"taxonomy":"category","embeddable":true,"href":"https:\/\/www.damianzimmermann.de\/blog\/wp-json\/wp\/v2\/categories?post=7392"},{"taxonomy":"post_tag","embeddable":true,"href":"https:\/\/www.damianzimmermann.de\/blog\/wp-json\/wp\/v2\/tags?post=7392"}],"curies":[{"name":"wp","href":"https:\/\/api.w.org\/{rel}","templated":true}]}}