{"id":7345,"date":"2011-11-30T09:41:00","date_gmt":"2011-11-30T08:41:00","guid":{"rendered":"http:\/\/www.damianzimmermann.de\/blog\/?p=7345"},"modified":"2019-03-26T10:05:41","modified_gmt":"2019-03-26T09:05:41","slug":"netzwerk-fotoarchive-gegrundet","status":"publish","type":"post","link":"https:\/\/www.damianzimmermann.de\/blog\/netzwerk-fotoarchive-gegrundet\/","title":{"rendered":"&#8222;Netzwerk Fotoarchive&#8220; gegr\u00fcndet"},"content":{"rendered":"<p>Immer wieder stehen Fotografen oder deren Nachkommen vor dem Problem, was mit dem Archiv geschehen soll. Weil es bislang kaum Anlaufstellen gibt, landet unter Umst\u00e4nden Vieles direkt im M\u00fcll oder wird falsch gelagert, so dass es nach wenigen Jahren verrottet.<\/p>\n<p style=\"margin-bottom: 0cm;\">In Berlin hat sich nun das <strong>Netzwerk Fotoarchive<\/strong> gegr\u00fcndet, um sich diesem Problem anzunehmen. Zu den Gr\u00fcndungsmitgliedern z\u00e4hlen unter anderem die Deutsche Gesellschaft f\u00fcr Photographie (DGPh), der Bund Freischaffender Foto-Designer (BFF), der Bundesverband der Pressebild-Agenturen und Bildarchive (BVPA), der Fotografenverband Freelens sowie die Zeitschrift Photonews, auf deren Initiative das Netzwerk \u00fcberhaupt erst gegr\u00fcndet wurde.<\/p>\n<p>Den vollst\u00e4ndigen Text findet ihr auf <a href=\"http:\/\/www.artnet.de\/magazine\/grundung-des-netzwerk-fotoarchive-e-v\/\" target=\"_blank\" rel=\"noopener noreferrer\">Artnet<\/a>.<\/p>\n<p>Link: <a href=\"http:\/\/www.netzwerk-fotoarchive.de\/\" target=\"_blank\" rel=\"noopener noreferrer\">Netzwerk Fotoarchive<\/a><\/p>\n<p><em>Nachtrag: Weil das Artnet-Magazin leider nicht mehr existiert, gibt es meinen Artikel nun hier. Viel Vergn\u00fcgen.<\/em><\/p>\n<p><img loading=\"lazy\" decoding=\"async\" class=\"aligncenter wp-image-20506 size-full\" src=\"https:\/\/www.damianzimmermann.de\/blog\/wp-content\/uploads\/netzwerk.png\" alt=\"\" width=\"212\" height=\"124\" srcset=\"https:\/\/www.damianzimmermann.de\/blog\/wp-content\/uploads\/netzwerk.png 212w, https:\/\/www.damianzimmermann.de\/blog\/wp-content\/uploads\/netzwerk-200x117.png 200w, https:\/\/www.damianzimmermann.de\/blog\/wp-content\/uploads\/netzwerk-210x123.png 210w\" sizes=\"auto, (max-width: 212px) 100vw, 212px\" \/><\/p>\n<h1>Netzwerk Fotoarchive gegr\u00fcndet<\/h1>\n<p class=\"western\"><span style=\"font-family: Times New Roman, serif;\"><span style=\"font-size: medium;\">Immer wieder stehen Fotografen oder deren Erben vor der Frage, wo ihr fotografisches Archiv am besten aufgehoben ist. Bislang haben Betroffene kaum Anlaufstellen und wissen nicht, an wen sie sich am besten wenden k\u00f6nnen \u2013 eine nationale Einrichtung f\u00fcr Archive und Nachl\u00e4sse gibt es nicht, was unter anderem an der f\u00f6deralen Struktur Deutschlands liegt. Aber es fehlt auch an Online-Auftritten, auf denen sich Fotografen oder Erben informieren k\u00f6nnen. Oder besser gesagt: Fehlte. Denn in Berlin hat sich nun der gemeinn\u00fctzige Verein \u201eNetzwerk Fotoarchive\u201c mit Sitz in K\u00f6ln gegr\u00fcndet. <\/span><\/span><\/p>\n<p class=\"western\"><span style=\"font-family: Times New Roman, serif;\"><span style=\"font-size: medium;\">Ziel des Vereins ist es, Schritt f\u00fcr Schritt Informationen \u00fcber bestehende Archive und Institutionen zu sammeln und diese der \u00d6ffentlichkeit zug\u00e4nglich zu machen. Gleichzeitig will es \u00f6ffentliche und private Institutionen und Initiativen, die bereits heute wesentliche Archive und Nachl\u00e4sse bewahren und vermitteln, bei der Sicherung und Aufarbeitung einzelner Archive unterst\u00fctzen. \u201eBislang ist man mit seinem Archiv vollkommen alleingelassen\u201c, erkl\u00e4rt Christiane Stahl von der Alfred-Ehrhardt-Stiftung, die als stellv<\/span><\/span><span style=\"font-family: Times New Roman, serif;\"><span style=\"font-size: medium;\">ertretende Vorsitzende der Deutschen Gesellschaft f\u00fcr Photographie (DGPh) zu den Gr\u00fcndungsmitgliedern z\u00e4hlt. Nicht jeder habe das Geld f\u00fcr die Gr\u00fcndung einer Stiftung, gleichzeitig dr\u00e4nge meist aber die Zeit, so Stahl, denn <\/span><\/span><span style=\"font-family: Times New Roman, serif;\"><span style=\"font-size: medium;\">wenn analoge Fotografien und Negative nicht halbwegs fachgerecht gelagert werden, seien sie irgendwann unwiederbringlich zerst\u00f6rt.<\/span><\/span><\/p>\n<p class=\"western\"><span style=\"font-family: Times New Roman, serif;\"><span style=\"font-size: medium;\">Das Netzwerk ist also sowohl f\u00fcr Fachleute, die sich austauschen, als auch f\u00fcr Laien, die nicht einsch\u00e4tzen k\u00f6nnen, wie relevant ihr Archiv ist und an wen sie sich wenden k\u00f6nnen, gedacht. Auf dem Portal finden sie dann Kontakte zu Museen, Auktionsh\u00e4usern und Fotografie-Experten \u2013 und das deutschlandweit. Als Basis daf\u00fcr dient dem Netzwerk \u00fcbrigens das Portal fotoerbe.de, das Stefan Rohde-Enslin vom Institut f\u00fcr Museumsforschung vor einigen Jahren ins Leben gerufen hat, dessen Daten aber nicht immer aktualisiert worden seien. Rohde-Enslin selbst ist ebenfalls Mitglied des \u201eNetzwerk Fotoarchive\u201c &#8211; genauso wie <\/span><\/span><span style=\"font-family: Times New Roman, serif;\"><span style=\"font-size: medium;\">der Bund Freischaffender Foto-Designer (BFF)<\/span><\/span><em><span style=\"font-family: Times New Roman, serif;\"><span style=\"font-size: medium;\">, der <\/span><\/span><\/em><span style=\"font-family: Times New Roman, serif;\"><span style=\"font-size: medium;\">Bundesverband der Pressebild-Agenturen und Bildarchive (BVPA) sowie der Fotografenverband Freelens.<\/span><\/span><\/p>\n<p class=\"western\"><span style=\"font-family: Times New Roman, serif;\"><span style=\"font-size: medium;\">Initiiert wurde die Gr\u00fcndung allerdings von der Zeitschrift Photonews, die im Sommer 2010 eine Themenbeilage zu \u201eArchive und Nachl\u00e4sse\u201c herausgegeben hatte. Darin rief der Fotohistoriker Enno Kaufmann zur \u201eRettung der Fotoarchive\u201c und Sebastian Lux von der Stiftung F. C. Gundlach zur Gr\u00fcndung einer \u201eStiftung Deutscher Fotografie\u201c auf. Daraus sei dann eine Eigendynamik entstanden, erinnert sich Photonews-Redakteurin Anna Gripp, die ein Jahr sp\u00e4ter schlie\u00dflich im Netzwerk Fotoarchive m\u00fcndete und dessen Vorsitzende Gripp heute ist.<\/span><\/span><\/p>\n<p class=\"western\"><span style=\"font-family: Times New Roman, serif;\"><span style=\"font-size: medium;\">Nicht zuletzt will das Netzwerk aber auch das Bewusstsein f\u00fcr dieses Problem sch\u00e4rfen \u2013 bei den Urhebern und deren Erben, aber eben auch in der Bundespolitik. \u201eWir hoffen, dass wir in unserer Arbeit finanziell unterst\u00fctzt werden\u201c, so Christiane Stahl &#8211; schlie\u00dflich sei die Fotografie ein wichtiges Kulturgut. Dass zwingender Handlungsbedarf vorhanden ist, erkennt man daran, dass sich im Zeitalter der Digitalfotografie immer mehr Verlage und Bildagenturen von ihren analogen Best\u00e4nden trennen. Nur wenige bleiben dabei erhalten \u2013 so wie beispielsweise das Bildarchiv des Nachrichtenmagazins \u201eSpiegel\u201c, das als Dauerleihgabe an das Haus der Photographie in den Hamburger Deichtorhallen \u00fcbergeben wurden. <\/span><\/span><\/p>\n","protected":false},"excerpt":{"rendered":"<p>Immer wieder stehen Fotografen oder deren Nachkommen vor dem Problem, was mit dem Archiv geschehen soll. Weil es bislang kaum Anlaufstellen gibt, landet unter Umst\u00e4nden Vieles direkt im&#8230;<\/p>\n","protected":false},"author":1,"featured_media":20506,"comment_status":"closed","ping_status":"open","sticky":false,"template":"","format":"standard","meta":{"footnotes":""},"categories":[1],"tags":[717],"class_list":["post-7345","post","type-post","status-publish","format-standard","has-post-thumbnail","hentry","category-allgemein","tag-netzwerk-fotoarchive"],"_links":{"self":[{"href":"https:\/\/www.damianzimmermann.de\/blog\/wp-json\/wp\/v2\/posts\/7345","targetHints":{"allow":["GET"]}}],"collection":[{"href":"https:\/\/www.damianzimmermann.de\/blog\/wp-json\/wp\/v2\/posts"}],"about":[{"href":"https:\/\/www.damianzimmermann.de\/blog\/wp-json\/wp\/v2\/types\/post"}],"author":[{"embeddable":true,"href":"https:\/\/www.damianzimmermann.de\/blog\/wp-json\/wp\/v2\/users\/1"}],"replies":[{"embeddable":true,"href":"https:\/\/www.damianzimmermann.de\/blog\/wp-json\/wp\/v2\/comments?post=7345"}],"version-history":[{"count":17,"href":"https:\/\/www.damianzimmermann.de\/blog\/wp-json\/wp\/v2\/posts\/7345\/revisions"}],"predecessor-version":[{"id":20508,"href":"https:\/\/www.damianzimmermann.de\/blog\/wp-json\/wp\/v2\/posts\/7345\/revisions\/20508"}],"wp:featuredmedia":[{"embeddable":true,"href":"https:\/\/www.damianzimmermann.de\/blog\/wp-json\/wp\/v2\/media\/20506"}],"wp:attachment":[{"href":"https:\/\/www.damianzimmermann.de\/blog\/wp-json\/wp\/v2\/media?parent=7345"}],"wp:term":[{"taxonomy":"category","embeddable":true,"href":"https:\/\/www.damianzimmermann.de\/blog\/wp-json\/wp\/v2\/categories?post=7345"},{"taxonomy":"post_tag","embeddable":true,"href":"https:\/\/www.damianzimmermann.de\/blog\/wp-json\/wp\/v2\/tags?post=7345"}],"curies":[{"name":"wp","href":"https:\/\/api.w.org\/{rel}","templated":true}]}}