{"id":7295,"date":"2011-11-18T09:13:48","date_gmt":"2011-11-18T08:13:48","guid":{"rendered":"http:\/\/www.damianzimmermann.de\/blog\/?p=7295"},"modified":"2023-12-04T10:19:44","modified_gmt":"2023-12-04T09:19:44","slug":"zum-tod-von-walde-huth","status":"publish","type":"post","link":"https:\/\/www.damianzimmermann.de\/blog\/zum-tod-von-walde-huth\/","title":{"rendered":"Zum Tod von Walde Huth"},"content":{"rendered":"<p><strong>Walde Huth<\/strong> ist tot. Sie ist vor einer Woche, ironischerweise am 11.11.2011 im Alter von 88 Jahren bei einem Wohnungsbrand in ihrer Kellergeschosswohnung in Marienburg wahrscheinlich an einer Rauchvergiftung, ausgel\u00f6st durch einen Schwelbrand, gestorben.<\/p>\n<p>Ihre berufliche Karriere begann, als sie<span style=\"font-weight: normal;\"> 1945 <\/span>im Auftrag der Alliierten die Einwohner in ihrem Wohnort Esslingen im Rahmen der sogenannten Kennkarten-Aktion fotografierte. Ab 1953 betrieb<span style=\"font-weight: normal;\"> sie dann in Stuttgart ein Studio mit acht Angestellten und erlangte internationale Beachtung mit ihren Modeaufnahmen im \u201eNew-Look\u201c, die Mitte der 1950er Jahre in Florenz und Paris f\u00fcr gro\u00dfe deutsche Modezeitschriften entstanden. Das Besondere: Huth fotografierte ihre Modelle nicht im Studio, sondern auf der Stra\u00dfe und im Wechselspiel mit der vorhandenen Architektur der Metropolen \u2013 beispielsweise auf einer Treppe vor dem Eifelturm oder unter einer Seine-Br\u00fccke. Gleichzeitig war sie \u00e4u\u00dferst sensibel in der Gestaltung ihrer Bilder. <\/span>Mit ihrem Mann<strong> Karl Hugo Schm\u00f6lz<\/strong> gr\u00fcndete sie 1958 das Studio f\u00fcr Werbung und Public Relations \u201eschm\u00f6lz + huth\u201c in K\u00f6ln. Nach seinem Tod 1986 verarmte sie zunehmend.<\/p>\n<p>Meinen Nachruf aus dem heutigen K\u00f6lner Stadt-Anzeiger findet ihr <a href=\"https:\/\/www.damianzimmermann.de\/blog\/wp-content\/uploads\/Nachruf-Walde-Huth.pdf\" target=\"_blank\" rel=\"noopener noreferrer\">hier<\/a>.<\/p>\n<p>Link: <a href=\"http:\/\/www.waldehuth.de\" target=\"_blank\" rel=\"noopener noreferrer\">Walde Huth<\/a><\/p>\n","protected":false},"excerpt":{"rendered":"<p>Walde Huth ist tot. Sie ist vor einer Woche, ironischerweise am 11.11.2011 im Alter von 88 Jahren bei einem Wohnungsbrand in ihrer Kellergeschosswohnung in Marienburg wahrscheinlich an einer&#8230;<\/p>\n","protected":false},"author":1,"featured_media":0,"comment_status":"closed","ping_status":"closed","sticky":false,"template":"","format":"standard","meta":{"footnotes":""},"categories":[1,48],"tags":[448,1316,714],"class_list":["post-7295","post","type-post","status-publish","format-standard","hentry","category-allgemein","category-portrat","tag-karl-hugo-schmolz","tag-nachruf","tag-walde-huth"],"_links":{"self":[{"href":"https:\/\/www.damianzimmermann.de\/blog\/wp-json\/wp\/v2\/posts\/7295","targetHints":{"allow":["GET"]}}],"collection":[{"href":"https:\/\/www.damianzimmermann.de\/blog\/wp-json\/wp\/v2\/posts"}],"about":[{"href":"https:\/\/www.damianzimmermann.de\/blog\/wp-json\/wp\/v2\/types\/post"}],"author":[{"embeddable":true,"href":"https:\/\/www.damianzimmermann.de\/blog\/wp-json\/wp\/v2\/users\/1"}],"replies":[{"embeddable":true,"href":"https:\/\/www.damianzimmermann.de\/blog\/wp-json\/wp\/v2\/comments?post=7295"}],"version-history":[{"count":13,"href":"https:\/\/www.damianzimmermann.de\/blog\/wp-json\/wp\/v2\/posts\/7295\/revisions"}],"predecessor-version":[{"id":20509,"href":"https:\/\/www.damianzimmermann.de\/blog\/wp-json\/wp\/v2\/posts\/7295\/revisions\/20509"}],"wp:attachment":[{"href":"https:\/\/www.damianzimmermann.de\/blog\/wp-json\/wp\/v2\/media?parent=7295"}],"wp:term":[{"taxonomy":"category","embeddable":true,"href":"https:\/\/www.damianzimmermann.de\/blog\/wp-json\/wp\/v2\/categories?post=7295"},{"taxonomy":"post_tag","embeddable":true,"href":"https:\/\/www.damianzimmermann.de\/blog\/wp-json\/wp\/v2\/tags?post=7295"}],"curies":[{"name":"wp","href":"https:\/\/api.w.org\/{rel}","templated":true}]}}