{"id":6849,"date":"2011-09-08T18:59:59","date_gmt":"2011-09-08T16:59:59","guid":{"rendered":"http:\/\/www.damianzimmermann.de\/blog\/?p=6849"},"modified":"2019-03-26T15:54:48","modified_gmt":"2019-03-26T14:54:48","slug":"deutschland-im-fotobuch-von","status":"publish","type":"post","link":"https:\/\/www.damianzimmermann.de\/blog\/deutschland-im-fotobuch-von\/","title":{"rendered":"Thomas Wiegand: &#8222;Deutschland im Fotobuch&#8220;"},"content":{"rendered":"<p>Ganz sch\u00f6n schwergewichtig kommt es daher, das neue Fotobuch \u00fcber Fotob\u00fccher. Zu Recht, denn nach <strong>Martin Parr<\/strong>s und <strong>Gerry Badger<\/strong>s zweib\u00e4ndigen &#8222;The Photobook: A History&#8220; k\u00f6nnte das von <strong>Thomas Wiegand<\/strong> verfasste und von <strong>Manfred Heiting<\/strong> herausgegebene &#8222;Deutschland im Fotobuch&#8220; ebenfalls zum Klassiker unter den Nachschlagewerken und Bestellkatalogen f\u00fcr Fotobuch-Sammler avancieren. Das Zeug dazu hat der 492 Seiten starke W\u00e4lzer, der insgesamt 273 B\u00fccher auflistet, diese bespricht und Faksimiles der Originalseiten abbildet, jedenfalls schon jetzt.<\/p>\n<p>Zwar beinhaltet &#8222;Deutschland im Fotobuch&#8220; (erschienen bei Steidl, 75 Euro), wie der Name vermuten l\u00e4sst, nur Fotob\u00fccher, die sich in irgendeiner Weise mit dem Thema Deutschland besch\u00e4ftigen &#8211; das macht es allerdings sehr umfassend, so dass das Buch in zahlreichen Kapiteln wie Landschaften, St\u00e4dte, Menschen, Arbeit, Architektur, Zeitgeschehen und Grenzen aufgeteilt wurde. Selbstverst\u00e4ndlich kommen viele bekannte Fotografen und B\u00fccher wie &#8222;Caf\u00e9 Lehmitz&#8220; von <strong>Anders Petersen<\/strong>, &#8222;Antlitz der Zeit&#8220; von August Sander, &#8222;Fachwerkh\u00e4user des Siegener Industriegebietes&#8220; von <strong>Bernd und Hilla Becher<\/strong> und &#8222;Agrarlandschaften&#8220; von <strong>Heinrich Riebesehl<\/strong> darin vor.<\/p>\n<p>Aber ich habe auch viel Spannendes und f\u00fcr mich Neues entdeckt &#8211; beispielsweise &#8222;Der &#8217;statistische&#8216; Mensch&#8220; von <strong>Hubert Troost<\/strong>, &#8222;Reichsautobahn&#8220; von <strong>Erna Lendvai-Dircksen<\/strong> und &#8222;Bundeskanzleramt&#8220; von <strong>Charles Wilp<\/strong>. Sehr gut gefallen hat mir auch das Kapitel &#8222;Typisch deutsch&#8220;, in dem &#8222;Die Deutschen&#8220; von <strong>Ren\u00e9 Burri<\/strong> nat\u00fcrlich nicht fehlen darf, das aber auch \u00dcberraschungen wie &#8222;The German Soul&#8220; von <strong>Enver Hirsch<\/strong> und &#8222;Sch\u00f6nes Wochenende&#8220; von <strong>Hartmut Mirbach<\/strong> im New Topographic-Stil bereith\u00e4lt. Ich pers\u00f6nlich habe mich nat\u00fcrlich am meisten dar\u00fcber gefreut, dass auch &#8222;Paare: Menschenbilder aus der Bundesrepublik Deutschland zu Beginn der siebziger Jahre&#8220; von <strong>Beate Rose<\/strong> vorgestellt wird &#8211; Nadine und mich motiviert das zus\u00e4tzlich, unsere Hommage und Fortf\u00fchrung des Projektes weiter voranzutreiben.<\/p>\n<p>Bemerkenswert finde ich \u00fcbrigens, dass Wiegand und Heiting in ihrer Einleitung die Kriterien, nach denen sie Fotob\u00fccher beurteilen, klar offengelegt haben. Dazu geh\u00f6ren Beispielsweise der innovative Charakter, die historische Bedeutung, der Stellenwert im Oeuvre des Fotografen sowie der Druck und die Ausstattung eines Buches. Dies erm\u00f6glicht auch den interessierten Laien Entscheidungen nachzuvollziehen &#8211; und in Zukunft selbst welche zu treffen.<\/p>\n<p>Link: <a href=\"http:\/\/www.steidl.de\/pages\/en\/books\/6051-deutschland-im-fotobuch.html\" target=\"_blank\" rel=\"noopener noreferrer\">Steidl<\/a><\/p>\n\n\t\t<style type=\"text\/css\">\n\t\t\t#gallery-1 {\n\t\t\t\tmargin: auto;\n\t\t\t}\n\t\t\t#gallery-1 .gallery-item {\n\t\t\t\tfloat: left;\n\t\t\t\tmargin-top: 10px;\n\t\t\t\ttext-align: center;\n\t\t\t\twidth: 100%;\n\t\t\t}\n\t\t\t#gallery-1 img {\n\t\t\t\tborder: 2px solid #cfcfcf;\n\t\t\t}\n\t\t\t#gallery-1 .gallery-caption {\n\t\t\t\tmargin-left: 0;\n\t\t\t}\n\t\t\t\/* see gallery_shortcode() in wp-includes\/media.php *\/\n\t\t<\/style>\n\t\t<div id='gallery-1' class='gallery galleryid-6849 gallery-columns-1 gallery-size-large'><dl class='gallery-item'>\n\t\t\t<dt class='gallery-icon landscape'>\n\t\t\t\t<img loading=\"lazy\" decoding=\"async\" width=\"620\" height=\"496\" src=\"https:\/\/www.damianzimmermann.de\/blog\/wp-content\/uploads\/Deutschland-im-Fotobuch-01.jpg\" class=\"attachment-large size-large\" alt=\"\" aria-describedby=\"gallery-1-6850\" srcset=\"https:\/\/www.damianzimmermann.de\/blog\/wp-content\/uploads\/Deutschland-im-Fotobuch-01.jpg 900w, https:\/\/www.damianzimmermann.de\/blog\/wp-content\/uploads\/Deutschland-im-Fotobuch-01-187x150.jpg 187w, https:\/\/www.damianzimmermann.de\/blog\/wp-content\/uploads\/Deutschland-im-Fotobuch-01-400x320.jpg 400w\" sizes=\"auto, (max-width: 620px) 100vw, 620px\" \/>\n\t\t\t<\/dt>\n\t\t\t\t<dd class='wp-caption-text gallery-caption' id='gallery-1-6850'>\n\t\t\t\tDeutschland im Fotobuch &#8211; Cover\n\t\t\t\t<\/dd><\/dl><br style=\"clear: both\" \/><dl class='gallery-item'>\n\t\t\t<dt class='gallery-icon landscape'>\n\t\t\t\t<img loading=\"lazy\" decoding=\"async\" width=\"620\" height=\"496\" src=\"https:\/\/www.damianzimmermann.de\/blog\/wp-content\/uploads\/Deutschland-im-Fotobuch-02.jpg\" class=\"attachment-large size-large\" alt=\"\" aria-describedby=\"gallery-1-6851\" srcset=\"https:\/\/www.damianzimmermann.de\/blog\/wp-content\/uploads\/Deutschland-im-Fotobuch-02.jpg 900w, https:\/\/www.damianzimmermann.de\/blog\/wp-content\/uploads\/Deutschland-im-Fotobuch-02-187x150.jpg 187w, https:\/\/www.damianzimmermann.de\/blog\/wp-content\/uploads\/Deutschland-im-Fotobuch-02-400x320.jpg 400w\" sizes=\"auto, (max-width: 620px) 100vw, 620px\" \/>\n\t\t\t<\/dt>\n\t\t\t\t<dd class='wp-caption-text gallery-caption' id='gallery-1-6851'>\n\t\t\t\tDeutschland im Fotobuch &#8211; Caf\u00e9 Lehmitz\n\t\t\t\t<\/dd><\/dl><br style=\"clear: both\" \/><dl class='gallery-item'>\n\t\t\t<dt class='gallery-icon landscape'>\n\t\t\t\t<img loading=\"lazy\" decoding=\"async\" width=\"620\" height=\"496\" src=\"https:\/\/www.damianzimmermann.de\/blog\/wp-content\/uploads\/Deutschland-im-Fotobuch-03.jpg\" class=\"attachment-large size-large\" alt=\"\" aria-describedby=\"gallery-1-6852\" srcset=\"https:\/\/www.damianzimmermann.de\/blog\/wp-content\/uploads\/Deutschland-im-Fotobuch-03.jpg 900w, https:\/\/www.damianzimmermann.de\/blog\/wp-content\/uploads\/Deutschland-im-Fotobuch-03-187x150.jpg 187w, https:\/\/www.damianzimmermann.de\/blog\/wp-content\/uploads\/Deutschland-im-Fotobuch-03-400x320.jpg 400w\" sizes=\"auto, (max-width: 620px) 100vw, 620px\" \/>\n\t\t\t<\/dt>\n\t\t\t\t<dd class='wp-caption-text gallery-caption' id='gallery-1-6852'>\n\t\t\t\tDeutschland im Fotobuch &#8211; Paare\n\t\t\t\t<\/dd><\/dl><br style=\"clear: both\" \/><dl class='gallery-item'>\n\t\t\t<dt class='gallery-icon landscape'>\n\t\t\t\t<img loading=\"lazy\" decoding=\"async\" width=\"620\" height=\"496\" src=\"https:\/\/www.damianzimmermann.de\/blog\/wp-content\/uploads\/Deutschland-im-Fotobuch-04.jpg\" class=\"attachment-large size-large\" alt=\"\" aria-describedby=\"gallery-1-6853\" srcset=\"https:\/\/www.damianzimmermann.de\/blog\/wp-content\/uploads\/Deutschland-im-Fotobuch-04.jpg 900w, https:\/\/www.damianzimmermann.de\/blog\/wp-content\/uploads\/Deutschland-im-Fotobuch-04-187x150.jpg 187w, https:\/\/www.damianzimmermann.de\/blog\/wp-content\/uploads\/Deutschland-im-Fotobuch-04-400x320.jpg 400w\" sizes=\"auto, (max-width: 620px) 100vw, 620px\" \/>\n\t\t\t<\/dt>\n\t\t\t\t<dd class='wp-caption-text gallery-caption' id='gallery-1-6853'>\n\t\t\t\tDeutschland im Fotobuch &#8211; Wir\n\t\t\t\t<\/dd><\/dl><br style=\"clear: both\" \/><dl class='gallery-item'>\n\t\t\t<dt class='gallery-icon landscape'>\n\t\t\t\t<img loading=\"lazy\" decoding=\"async\" width=\"620\" height=\"496\" src=\"https:\/\/www.damianzimmermann.de\/blog\/wp-content\/uploads\/Deutschland-im-Fotobuch-05.jpg\" class=\"attachment-large size-large\" alt=\"\" aria-describedby=\"gallery-1-6854\" srcset=\"https:\/\/www.damianzimmermann.de\/blog\/wp-content\/uploads\/Deutschland-im-Fotobuch-05.jpg 900w, https:\/\/www.damianzimmermann.de\/blog\/wp-content\/uploads\/Deutschland-im-Fotobuch-05-187x150.jpg 187w, https:\/\/www.damianzimmermann.de\/blog\/wp-content\/uploads\/Deutschland-im-Fotobuch-05-400x320.jpg 400w\" sizes=\"auto, (max-width: 620px) 100vw, 620px\" \/>\n\t\t\t<\/dt>\n\t\t\t\t<dd class='wp-caption-text gallery-caption' id='gallery-1-6854'>\n\t\t\t\tDeutschland im Fotobuch &#8211; The German Soul\n\t\t\t\t<\/dd><\/dl><br style=\"clear: both\" \/><dl class='gallery-item'>\n\t\t\t<dt class='gallery-icon landscape'>\n\t\t\t\t<img loading=\"lazy\" decoding=\"async\" width=\"620\" height=\"496\" src=\"https:\/\/www.damianzimmermann.de\/blog\/wp-content\/uploads\/Deutschland-im-Fotobuch-06.jpg\" class=\"attachment-large size-large\" alt=\"\" aria-describedby=\"gallery-1-6855\" srcset=\"https:\/\/www.damianzimmermann.de\/blog\/wp-content\/uploads\/Deutschland-im-Fotobuch-06.jpg 900w, https:\/\/www.damianzimmermann.de\/blog\/wp-content\/uploads\/Deutschland-im-Fotobuch-06-187x150.jpg 187w, https:\/\/www.damianzimmermann.de\/blog\/wp-content\/uploads\/Deutschland-im-Fotobuch-06-400x320.jpg 400w\" sizes=\"auto, (max-width: 620px) 100vw, 620px\" \/>\n\t\t\t<\/dt>\n\t\t\t\t<dd class='wp-caption-text gallery-caption' id='gallery-1-6855'>\n\t\t\t\tDeutschland im Fotobuch &#8211; The German Soul\n\t\t\t\t<\/dd><\/dl><br style=\"clear: both\" \/><dl class='gallery-item'>\n\t\t\t<dt class='gallery-icon landscape'>\n\t\t\t\t<img loading=\"lazy\" decoding=\"async\" width=\"620\" height=\"496\" src=\"https:\/\/www.damianzimmermann.de\/blog\/wp-content\/uploads\/Deutschland-im-Fotobuch-07.jpg\" class=\"attachment-large size-large\" alt=\"\" aria-describedby=\"gallery-1-6856\" srcset=\"https:\/\/www.damianzimmermann.de\/blog\/wp-content\/uploads\/Deutschland-im-Fotobuch-07.jpg 900w, https:\/\/www.damianzimmermann.de\/blog\/wp-content\/uploads\/Deutschland-im-Fotobuch-07-187x150.jpg 187w, https:\/\/www.damianzimmermann.de\/blog\/wp-content\/uploads\/Deutschland-im-Fotobuch-07-400x320.jpg 400w\" sizes=\"auto, (max-width: 620px) 100vw, 620px\" \/>\n\t\t\t<\/dt>\n\t\t\t\t<dd class='wp-caption-text gallery-caption' id='gallery-1-6856'>\n\t\t\t\tDeutschland im Fotobuch &#8211; Reichsautobahn\n\t\t\t\t<\/dd><\/dl><br style=\"clear: both\" \/><dl class='gallery-item'>\n\t\t\t<dt class='gallery-icon landscape'>\n\t\t\t\t<img loading=\"lazy\" decoding=\"async\" width=\"620\" height=\"496\" src=\"https:\/\/www.damianzimmermann.de\/blog\/wp-content\/uploads\/Deutschland-im-Fotobuch-08.jpg\" class=\"attachment-large size-large\" alt=\"\" aria-describedby=\"gallery-1-6857\" srcset=\"https:\/\/www.damianzimmermann.de\/blog\/wp-content\/uploads\/Deutschland-im-Fotobuch-08.jpg 900w, https:\/\/www.damianzimmermann.de\/blog\/wp-content\/uploads\/Deutschland-im-Fotobuch-08-187x150.jpg 187w, https:\/\/www.damianzimmermann.de\/blog\/wp-content\/uploads\/Deutschland-im-Fotobuch-08-400x320.jpg 400w\" sizes=\"auto, (max-width: 620px) 100vw, 620px\" \/>\n\t\t\t<\/dt>\n\t\t\t\t<dd class='wp-caption-text gallery-caption' id='gallery-1-6857'>\n\t\t\t\tDeutschland im Fotobuch &#8211; Auf allen Autobahnen\n\t\t\t\t<\/dd><\/dl><br style=\"clear: both\" \/>\n\t\t<\/div>\n\n","protected":false},"excerpt":{"rendered":"<p>Ganz sch\u00f6n schwergewichtig kommt es daher, das neue Fotobuch \u00fcber Fotob\u00fccher. Zu Recht, denn nach Martin Parrs und Gerry Badgers zweib\u00e4ndigen &#8222;The Photobook: A History&#8220; k\u00f6nnte das von&#8230;<\/p>\n","protected":false},"author":1,"featured_media":6850,"comment_status":"closed","ping_status":"open","sticky":false,"template":"","format":"standard","meta":{"footnotes":""},"categories":[7],"tags":[179,681,255,683,680,685,533,679,684,682,678,516,381,677],"class_list":["post-6849","post","type-post","status-publish","format-standard","has-post-thumbnail","hentry","category-fotobuecher","tag-anders-petersen","tag-beate-rose","tag-bernd-und-hilla-becher","tag-charles-wilp","tag-enver-hirsch","tag-erna-lendvai-dircksen","tag-gerry-badger","tag-hartmut-mirbach","tag-heinrich-riebesehl","tag-hubert-troost","tag-manfred-heiting","tag-martin-parr","tag-rene-burri","tag-thomas-wiegand"],"_links":{"self":[{"href":"https:\/\/www.damianzimmermann.de\/blog\/wp-json\/wp\/v2\/posts\/6849","targetHints":{"allow":["GET"]}}],"collection":[{"href":"https:\/\/www.damianzimmermann.de\/blog\/wp-json\/wp\/v2\/posts"}],"about":[{"href":"https:\/\/www.damianzimmermann.de\/blog\/wp-json\/wp\/v2\/types\/post"}],"author":[{"embeddable":true,"href":"https:\/\/www.damianzimmermann.de\/blog\/wp-json\/wp\/v2\/users\/1"}],"replies":[{"embeddable":true,"href":"https:\/\/www.damianzimmermann.de\/blog\/wp-json\/wp\/v2\/comments?post=6849"}],"version-history":[{"count":50,"href":"https:\/\/www.damianzimmermann.de\/blog\/wp-json\/wp\/v2\/posts\/6849\/revisions"}],"predecessor-version":[{"id":20527,"href":"https:\/\/www.damianzimmermann.de\/blog\/wp-json\/wp\/v2\/posts\/6849\/revisions\/20527"}],"wp:featuredmedia":[{"embeddable":true,"href":"https:\/\/www.damianzimmermann.de\/blog\/wp-json\/wp\/v2\/media\/6850"}],"wp:attachment":[{"href":"https:\/\/www.damianzimmermann.de\/blog\/wp-json\/wp\/v2\/media?parent=6849"}],"wp:term":[{"taxonomy":"category","embeddable":true,"href":"https:\/\/www.damianzimmermann.de\/blog\/wp-json\/wp\/v2\/categories?post=6849"},{"taxonomy":"post_tag","embeddable":true,"href":"https:\/\/www.damianzimmermann.de\/blog\/wp-json\/wp\/v2\/tags?post=6849"}],"curies":[{"name":"wp","href":"https:\/\/api.w.org\/{rel}","templated":true}]}}