{"id":6645,"date":"2011-08-11T13:08:50","date_gmt":"2011-08-11T11:08:50","guid":{"rendered":"http:\/\/www.damianzimmermann.de\/blog\/?p=6645"},"modified":"2019-03-26T16:02:06","modified_gmt":"2019-03-26T15:02:06","slug":"paloma-al-aire-von-ricardo-cases","status":"publish","type":"post","link":"https:\/\/www.damianzimmermann.de\/blog\/paloma-al-aire-von-ricardo-cases\/","title":{"rendered":"&#8222;Paloma al aire&#8220; von Ricardo Cases"},"content":{"rendered":"<p>&#8222;Paloma al aire&#8220; ist ein merkw\u00fcrdiges Fotobuch. Es ist klein, spiralgebunden und bunt. Nein, nicht das Buch ist bunt, sondern das, was es zeigt: Bunt angemalte Tauben. Bereits auf dem Cover flattern sie vor einem wei\u00dfen Himmel wild durcheinander. Und dann ist da noch dieses eif\u00f6rmig ausgeschnitte Loch, durch das man auf ein Altherrengesicht blickt. Oder blickt es auf uns?<\/p>\n<p>So oder so: Das Buch des Spaniers <strong>Ricardo Cases<\/strong> machte mich neugierig &#8211; und ich wurde auch im Inneren nicht entt\u00e4uscht. Denn Cases hat mit seiner Kamera ein merkw\u00fcrdiges Hobby der mallorquinischen Taubenz\u00fcchter festgehalten. W\u00e4hrend Taubenz\u00fcchter ihre Tiere normalerweise an entfernten Orten aussetzen, damit sie nach Hause fliegen, veranstaltet man auf Mallorca w\u00e4hrend der Saison etwa zweimal die Woche eine Art Rennen der Macho-T\u00e4uberiche. Dazu werden ein Taubenweibchen sowie zahlreiche T\u00e4uberiche gen Himmel geschickt. &#8222;Buchona Espa\u00f1ola&#8220; nennt sich diese Rasse, die vor allem auf ein starkes Balzverhalten hin gez\u00fcchtet wurde &#8211; man kann also quasi von den Sex-T\u00e4ubchen Mallorcas sprechen. Sinn und Zweck dieses Wettbewerbes ist es n\u00e4mlich, dass die M\u00e4nnchen die Taube begatten &#8211; nat\u00fcrlich unter strenger Beobachtung ihrer Besitzer und des Schiedsrichters. Jede Minute, die ein T\u00e4uberich mit dem Weibchen verbringt, z\u00e4hlt. Am Ende werden die Minuten addiert, und der Sieger steht fest. Die bunten Farben auf der Fl\u00fcgeloberseite dienen also dazu, die Tiere eindeutig identifizieren zu k\u00f6nnen.<\/p>\n<p>Diese Mischung aus m\u00e4nnlichem Potenzgehabe und schrillbunter Bemalung hat Cases in seinen poetischen und gleichzeitig v\u00f6llig absurden Bildern festgehalten: Es wirkt einfach urkomisch, dass M\u00e4nner im Rentenalter beim Einsammeln ihrer karnevalesken Tauben wie kleine Jungs auf B\u00e4ume, Mauern oder Balkone klettern. Dass sie dabei selbst in taubenblauen Trainingsanz\u00fcgen stecken, setzt dem Ganzen zus\u00e4tzlich die Krone auf.<\/p>\n<p>Sehr gut gef\u00e4llt mir aber auch die Aufmachung des simplen Buches mit der Spiralbindung. Zum einen erh\u00e4lt es dadurch einen Notizbuchcharakter, zum anderen sorgt die brutale L\u00fccke zwischen den Bildern h\u00e4ufig f\u00fcr neue und interessante Bildausschnitte (Photovision 2011 via Schaden.com, 22 Euro).<\/p>\n<p>Link: <a href=\"http:\/\/www.ricardocases.es\/\" target=\"_blank\" rel=\"noopener noreferrer\">Ricardo Cases<\/a><\/p>\n\n\t\t<style type=\"text\/css\">\n\t\t\t#gallery-1 {\n\t\t\t\tmargin: auto;\n\t\t\t}\n\t\t\t#gallery-1 .gallery-item {\n\t\t\t\tfloat: left;\n\t\t\t\tmargin-top: 10px;\n\t\t\t\ttext-align: center;\n\t\t\t\twidth: 100%;\n\t\t\t}\n\t\t\t#gallery-1 img {\n\t\t\t\tborder: 2px solid #cfcfcf;\n\t\t\t}\n\t\t\t#gallery-1 .gallery-caption {\n\t\t\t\tmargin-left: 0;\n\t\t\t}\n\t\t\t\/* see gallery_shortcode() in wp-includes\/media.php *\/\n\t\t<\/style>\n\t\t<div id='gallery-1' class='gallery galleryid-6645 gallery-columns-1 gallery-size-large'><dl class='gallery-item'>\n\t\t\t<dt class='gallery-icon portrait'>\n\t\t\t\t<img loading=\"lazy\" decoding=\"async\" width=\"620\" height=\"811\" src=\"https:\/\/www.damianzimmermann.de\/blog\/wp-content\/uploads\/Ricardo-Cases-Paloma-al-Aire-Cover.jpg\" class=\"attachment-large size-large\" alt=\"\" aria-describedby=\"gallery-1-6653\" srcset=\"https:\/\/www.damianzimmermann.de\/blog\/wp-content\/uploads\/Ricardo-Cases-Paloma-al-Aire-Cover.jpg 688w, https:\/\/www.damianzimmermann.de\/blog\/wp-content\/uploads\/Ricardo-Cases-Paloma-al-Aire-Cover-114x150.jpg 114w, https:\/\/www.damianzimmermann.de\/blog\/wp-content\/uploads\/Ricardo-Cases-Paloma-al-Aire-Cover-305x400.jpg 305w\" sizes=\"auto, (max-width: 620px) 100vw, 620px\" \/>\n\t\t\t<\/dt>\n\t\t\t\t<dd class='wp-caption-text gallery-caption' id='gallery-1-6653'>\n\t\t\t\tRicardo Cases: &#8222;Paloma al Aire&#8220;, Cover\n\t\t\t\t<\/dd><\/dl><br style=\"clear: both\" \/><dl class='gallery-item'>\n\t\t\t<dt class='gallery-icon landscape'>\n\t\t\t\t<img loading=\"lazy\" decoding=\"async\" width=\"620\" height=\"413\" src=\"https:\/\/www.damianzimmermann.de\/blog\/wp-content\/uploads\/Ricardo-Cases-aus-Paloma-al-Aire-04.jpg\" class=\"attachment-large size-large\" alt=\"\" aria-describedby=\"gallery-1-6651\" srcset=\"https:\/\/www.damianzimmermann.de\/blog\/wp-content\/uploads\/Ricardo-Cases-aus-Paloma-al-Aire-04.jpg 900w, https:\/\/www.damianzimmermann.de\/blog\/wp-content\/uploads\/Ricardo-Cases-aus-Paloma-al-Aire-04-200x133.jpg 200w, https:\/\/www.damianzimmermann.de\/blog\/wp-content\/uploads\/Ricardo-Cases-aus-Paloma-al-Aire-04-400x266.jpg 400w\" sizes=\"auto, (max-width: 620px) 100vw, 620px\" \/>\n\t\t\t<\/dt>\n\t\t\t\t<dd class='wp-caption-text gallery-caption' id='gallery-1-6651'>\n\t\t\t\tRicardo Cases, aus &#8222;Paloma al Aire&#8220;\n\t\t\t\t<\/dd><\/dl><br style=\"clear: both\" \/><dl class='gallery-item'>\n\t\t\t<dt class='gallery-icon landscape'>\n\t\t\t\t<img loading=\"lazy\" decoding=\"async\" width=\"620\" height=\"413\" src=\"https:\/\/www.damianzimmermann.de\/blog\/wp-content\/uploads\/Ricardo-Cases-aus-Paloma-al-Aire-03.jpg\" class=\"attachment-large size-large\" alt=\"\" aria-describedby=\"gallery-1-6650\" srcset=\"https:\/\/www.damianzimmermann.de\/blog\/wp-content\/uploads\/Ricardo-Cases-aus-Paloma-al-Aire-03.jpg 900w, https:\/\/www.damianzimmermann.de\/blog\/wp-content\/uploads\/Ricardo-Cases-aus-Paloma-al-Aire-03-200x133.jpg 200w, https:\/\/www.damianzimmermann.de\/blog\/wp-content\/uploads\/Ricardo-Cases-aus-Paloma-al-Aire-03-400x266.jpg 400w\" sizes=\"auto, (max-width: 620px) 100vw, 620px\" \/>\n\t\t\t<\/dt>\n\t\t\t\t<dd class='wp-caption-text gallery-caption' id='gallery-1-6650'>\n\t\t\t\tRicardo Cases, aus &#8222;Paloma al Aire&#8220;\n\t\t\t\t<\/dd><\/dl><br style=\"clear: both\" \/><dl class='gallery-item'>\n\t\t\t<dt class='gallery-icon landscape'>\n\t\t\t\t<img loading=\"lazy\" decoding=\"async\" width=\"620\" height=\"413\" src=\"https:\/\/www.damianzimmermann.de\/blog\/wp-content\/uploads\/Ricardo-Cases-aus-Paloma-al-Aire-05.jpg\" class=\"attachment-large size-large\" alt=\"\" aria-describedby=\"gallery-1-6652\" srcset=\"https:\/\/www.damianzimmermann.de\/blog\/wp-content\/uploads\/Ricardo-Cases-aus-Paloma-al-Aire-05.jpg 900w, https:\/\/www.damianzimmermann.de\/blog\/wp-content\/uploads\/Ricardo-Cases-aus-Paloma-al-Aire-05-200x133.jpg 200w, https:\/\/www.damianzimmermann.de\/blog\/wp-content\/uploads\/Ricardo-Cases-aus-Paloma-al-Aire-05-400x266.jpg 400w\" sizes=\"auto, (max-width: 620px) 100vw, 620px\" \/>\n\t\t\t<\/dt>\n\t\t\t\t<dd class='wp-caption-text gallery-caption' id='gallery-1-6652'>\n\t\t\t\tRicardo Cases, aus &#8222;Paloma al Aire&#8220;\n\t\t\t\t<\/dd><\/dl><br style=\"clear: both\" \/><dl class='gallery-item'>\n\t\t\t<dt class='gallery-icon landscape'>\n\t\t\t\t<img loading=\"lazy\" decoding=\"async\" width=\"620\" height=\"413\" src=\"https:\/\/www.damianzimmermann.de\/blog\/wp-content\/uploads\/Ricardo-Cases-aus-Paloma-al-Aire-01.jpg\" class=\"attachment-large size-large\" alt=\"\" aria-describedby=\"gallery-1-6648\" srcset=\"https:\/\/www.damianzimmermann.de\/blog\/wp-content\/uploads\/Ricardo-Cases-aus-Paloma-al-Aire-01.jpg 900w, https:\/\/www.damianzimmermann.de\/blog\/wp-content\/uploads\/Ricardo-Cases-aus-Paloma-al-Aire-01-200x133.jpg 200w, https:\/\/www.damianzimmermann.de\/blog\/wp-content\/uploads\/Ricardo-Cases-aus-Paloma-al-Aire-01-400x266.jpg 400w\" sizes=\"auto, (max-width: 620px) 100vw, 620px\" \/>\n\t\t\t<\/dt>\n\t\t\t\t<dd class='wp-caption-text gallery-caption' id='gallery-1-6648'>\n\t\t\t\tRicardo Cases, aus &#8222;Paloma al Aire&#8220;\n\t\t\t\t<\/dd><\/dl><br style=\"clear: both\" \/><dl class='gallery-item'>\n\t\t\t<dt class='gallery-icon landscape'>\n\t\t\t\t<img loading=\"lazy\" decoding=\"async\" width=\"620\" height=\"413\" src=\"https:\/\/www.damianzimmermann.de\/blog\/wp-content\/uploads\/Ricardo-Cases-aus-Paloma-al-Aire-02.jpg\" class=\"attachment-large size-large\" alt=\"\" aria-describedby=\"gallery-1-6649\" srcset=\"https:\/\/www.damianzimmermann.de\/blog\/wp-content\/uploads\/Ricardo-Cases-aus-Paloma-al-Aire-02.jpg 900w, https:\/\/www.damianzimmermann.de\/blog\/wp-content\/uploads\/Ricardo-Cases-aus-Paloma-al-Aire-02-200x133.jpg 200w, https:\/\/www.damianzimmermann.de\/blog\/wp-content\/uploads\/Ricardo-Cases-aus-Paloma-al-Aire-02-400x266.jpg 400w\" sizes=\"auto, (max-width: 620px) 100vw, 620px\" \/>\n\t\t\t<\/dt>\n\t\t\t\t<dd class='wp-caption-text gallery-caption' id='gallery-1-6649'>\n\t\t\t\tRicardo Cases, aus &#8222;Paloma al Aire&#8220;\n\t\t\t\t<\/dd><\/dl><br style=\"clear: both\" \/><dl class='gallery-item'>\n\t\t\t<dt class='gallery-icon landscape'>\n\t\t\t\t<img loading=\"lazy\" decoding=\"async\" width=\"620\" height=\"413\" src=\"https:\/\/www.damianzimmermann.de\/blog\/wp-content\/uploads\/palomaalaire_ricardocases003_kl.jpg\" class=\"attachment-large size-large\" alt=\"\" aria-describedby=\"gallery-1-6646\" srcset=\"https:\/\/www.damianzimmermann.de\/blog\/wp-content\/uploads\/palomaalaire_ricardocases003_kl.jpg 900w, https:\/\/www.damianzimmermann.de\/blog\/wp-content\/uploads\/palomaalaire_ricardocases003_kl-200x133.jpg 200w, https:\/\/www.damianzimmermann.de\/blog\/wp-content\/uploads\/palomaalaire_ricardocases003_kl-400x266.jpg 400w\" sizes=\"auto, (max-width: 620px) 100vw, 620px\" \/>\n\t\t\t<\/dt>\n\t\t\t\t<dd class='wp-caption-text gallery-caption' id='gallery-1-6646'>\n\t\t\t\tRicardo Cases, aus &#8222;Paloma al Aire&#8220;\n\t\t\t\t<\/dd><\/dl><br style=\"clear: both\" \/><dl class='gallery-item'>\n\t\t\t<dt class='gallery-icon landscape'>\n\t\t\t\t<img loading=\"lazy\" decoding=\"async\" width=\"620\" height=\"413\" src=\"https:\/\/www.damianzimmermann.de\/blog\/wp-content\/uploads\/palomaalaire_ricardocases004_kl.jpg\" class=\"attachment-large size-large\" alt=\"\" aria-describedby=\"gallery-1-6647\" srcset=\"https:\/\/www.damianzimmermann.de\/blog\/wp-content\/uploads\/palomaalaire_ricardocases004_kl.jpg 900w, https:\/\/www.damianzimmermann.de\/blog\/wp-content\/uploads\/palomaalaire_ricardocases004_kl-200x133.jpg 200w, https:\/\/www.damianzimmermann.de\/blog\/wp-content\/uploads\/palomaalaire_ricardocases004_kl-400x266.jpg 400w\" sizes=\"auto, (max-width: 620px) 100vw, 620px\" \/>\n\t\t\t<\/dt>\n\t\t\t\t<dd class='wp-caption-text gallery-caption' id='gallery-1-6647'>\n\t\t\t\tRicardo Cases, aus &#8222;Paloma al Aire&#8220;\n\t\t\t\t<\/dd><\/dl><br style=\"clear: both\" \/>\n\t\t<\/div>\n\n","protected":false},"excerpt":{"rendered":"<p>&#8222;Paloma al aire&#8220; ist ein merkw\u00fcrdiges Fotobuch. Es ist klein, spiralgebunden und bunt. Nein, nicht das Buch ist bunt, sondern das, was es zeigt: Bunt angemalte Tauben. Bereits&#8230;<\/p>\n","protected":false},"author":1,"featured_media":6653,"comment_status":"closed","ping_status":"open","sticky":false,"template":"","format":"standard","meta":{"footnotes":""},"categories":[7],"tags":[670],"class_list":["post-6645","post","type-post","status-publish","format-standard","has-post-thumbnail","hentry","category-fotobuecher","tag-ricardo-cases"],"_links":{"self":[{"href":"https:\/\/www.damianzimmermann.de\/blog\/wp-json\/wp\/v2\/posts\/6645","targetHints":{"allow":["GET"]}}],"collection":[{"href":"https:\/\/www.damianzimmermann.de\/blog\/wp-json\/wp\/v2\/posts"}],"about":[{"href":"https:\/\/www.damianzimmermann.de\/blog\/wp-json\/wp\/v2\/types\/post"}],"author":[{"embeddable":true,"href":"https:\/\/www.damianzimmermann.de\/blog\/wp-json\/wp\/v2\/users\/1"}],"replies":[{"embeddable":true,"href":"https:\/\/www.damianzimmermann.de\/blog\/wp-json\/wp\/v2\/comments?post=6645"}],"version-history":[{"count":68,"href":"https:\/\/www.damianzimmermann.de\/blog\/wp-json\/wp\/v2\/posts\/6645\/revisions"}],"predecessor-version":[{"id":20534,"href":"https:\/\/www.damianzimmermann.de\/blog\/wp-json\/wp\/v2\/posts\/6645\/revisions\/20534"}],"wp:featuredmedia":[{"embeddable":true,"href":"https:\/\/www.damianzimmermann.de\/blog\/wp-json\/wp\/v2\/media\/6653"}],"wp:attachment":[{"href":"https:\/\/www.damianzimmermann.de\/blog\/wp-json\/wp\/v2\/media?parent=6645"}],"wp:term":[{"taxonomy":"category","embeddable":true,"href":"https:\/\/www.damianzimmermann.de\/blog\/wp-json\/wp\/v2\/categories?post=6645"},{"taxonomy":"post_tag","embeddable":true,"href":"https:\/\/www.damianzimmermann.de\/blog\/wp-json\/wp\/v2\/tags?post=6645"}],"curies":[{"name":"wp","href":"https:\/\/api.w.org\/{rel}","templated":true}]}}