{"id":6573,"date":"2011-07-20T09:00:09","date_gmt":"2011-07-20T08:00:09","guid":{"rendered":"http:\/\/www.damianzimmermann.de\/blog\/?p=6573"},"modified":"2019-03-26T16:06:16","modified_gmt":"2019-03-26T15:06:16","slug":"mit-dem-paareprojekt-auf-der-sud-tour","status":"publish","type":"post","link":"https:\/\/www.damianzimmermann.de\/blog\/mit-dem-paareprojekt-auf-der-sud-tour\/","title":{"rendered":"Mit dem Paareprojekt auf der S\u00fcd-Tour"},"content":{"rendered":"<p>F\u00fcr Nadine und mich startet heute die S\u00fcd-Tour unseres Paareprojektes. Wir fotografien morgen in Wiesbaum in der Eifel und danach in Bruchsal bei Karlsruhe, in Landshut und in Andechs. Einige lokale Zeitungen wie der Trierischer Volksfreund, die Landshuter Zeitung und der Starnberger Merkur haben bereits zugesagt, uns bei den Shootings zu besuchen. In Landshut kommt zudem unser Freund <a href=\"http:\/\/www.stefanditner.de\/\" target=\"_blank\" rel=\"noopener noreferrer\">Stefan Ditner<\/a> hinzu, um uns zu filmen, sowie <strong>Kathy Ziegler<\/strong> von DRadio Wissen, die ja auch schon in Dortmund und Hamburg dabei war. Au\u00dferdem hat die Journalistin und Filmemacherin <strong>Ellen Rudnitzki<\/strong> ihr Kommen f\u00fcr Wiesbaum angek\u00fcndigt. Es wird also wieder eine spannende und abwechslungsreiche Tour, auf die wir uns sehr freuen. Wer mag, kann uns dabei auf unserem <a href=\"http:\/\/www.paareprojekt.de\/\" target=\"_blank\" rel=\"noopener noreferrer\">Blog<\/a>, bei <a href=\"http:\/\/twitter.com\/#!\/paareprojekt\" target=\"_blank\" rel=\"noopener noreferrer\">Twitter<\/a> oder <a href=\"https:\/\/www.facebook.com\/profile.php?id=100002140974688\" target=\"_blank\" rel=\"noopener noreferrer\">Facebook<\/a> begleiten.<\/p>\n<p>F\u00fcr <strong>damianzimmermann.de<\/strong> bedeutet dies aber auch, dass ich in den n\u00e4chsten zwei, drei Wochen wenig online stellen kann &#8211; es stehen noch ein paar Texte aus, aber Arbeit und Vorbereitungsstress haben es leider nicht zugelassen, viel f\u00fcr den Stehsatz produzieren zu k\u00f6nnen. Ab August wird das dann aber wieder anders &#8211; versprochen!<\/p>\n<p style=\"text-align: center;\"><a href=\"https:\/\/www.damianzimmermann.de\/blog\/wp-content\/uploads\/paare-5-banner-blog11.jpg\"><img loading=\"lazy\" decoding=\"async\" class=\"aligncenter wp-image-6584 size-large\" title=\"paare 5 banner blog1\" src=\"https:\/\/www.damianzimmermann.de\/blog\/wp-content\/uploads\/paare-5-banner-blog11-1024x341.jpg\" alt=\"paare 5 banner blog1\" width=\"720\" height=\"240\" srcset=\"https:\/\/www.damianzimmermann.de\/blog\/wp-content\/uploads\/paare-5-banner-blog11-1024x341.jpg 1024w, https:\/\/www.damianzimmermann.de\/blog\/wp-content\/uploads\/paare-5-banner-blog11-200x66.jpg 200w, https:\/\/www.damianzimmermann.de\/blog\/wp-content\/uploads\/paare-5-banner-blog11-400x133.jpg 400w, https:\/\/www.damianzimmermann.de\/blog\/wp-content\/uploads\/paare-5-banner-blog11.jpg 1500w\" sizes=\"auto, (max-width: 720px) 100vw, 720px\" \/><\/a><\/p>\n","protected":false},"excerpt":{"rendered":"<p>F\u00fcr Nadine und mich startet heute die S\u00fcd-Tour unseres Paareprojektes. Wir fotografien morgen in Wiesbaum in der Eifel und danach in Bruchsal bei Karlsruhe, in Landshut und in&#8230;<\/p>\n","protected":false},"author":1,"featured_media":5410,"comment_status":"closed","ping_status":"open","sticky":false,"template":"","format":"standard","meta":{"footnotes":""},"categories":[612],"tags":[1523],"class_list":["post-6573","post","type-post","status-publish","format-standard","has-post-thumbnail","hentry","category-paareprojekt","tag-paareprojekt"],"_links":{"self":[{"href":"https:\/\/www.damianzimmermann.de\/blog\/wp-json\/wp\/v2\/posts\/6573","targetHints":{"allow":["GET"]}}],"collection":[{"href":"https:\/\/www.damianzimmermann.de\/blog\/wp-json\/wp\/v2\/posts"}],"about":[{"href":"https:\/\/www.damianzimmermann.de\/blog\/wp-json\/wp\/v2\/types\/post"}],"author":[{"embeddable":true,"href":"https:\/\/www.damianzimmermann.de\/blog\/wp-json\/wp\/v2\/users\/1"}],"replies":[{"embeddable":true,"href":"https:\/\/www.damianzimmermann.de\/blog\/wp-json\/wp\/v2\/comments?post=6573"}],"version-history":[{"count":21,"href":"https:\/\/www.damianzimmermann.de\/blog\/wp-json\/wp\/v2\/posts\/6573\/revisions"}],"predecessor-version":[{"id":20536,"href":"https:\/\/www.damianzimmermann.de\/blog\/wp-json\/wp\/v2\/posts\/6573\/revisions\/20536"}],"wp:featuredmedia":[{"embeddable":true,"href":"https:\/\/www.damianzimmermann.de\/blog\/wp-json\/wp\/v2\/media\/5410"}],"wp:attachment":[{"href":"https:\/\/www.damianzimmermann.de\/blog\/wp-json\/wp\/v2\/media?parent=6573"}],"wp:term":[{"taxonomy":"category","embeddable":true,"href":"https:\/\/www.damianzimmermann.de\/blog\/wp-json\/wp\/v2\/categories?post=6573"},{"taxonomy":"post_tag","embeddable":true,"href":"https:\/\/www.damianzimmermann.de\/blog\/wp-json\/wp\/v2\/tags?post=6573"}],"curies":[{"name":"wp","href":"https:\/\/api.w.org\/{rel}","templated":true}]}}