{"id":6475,"date":"2011-07-17T11:51:07","date_gmt":"2011-07-17T09:51:07","guid":{"rendered":"http:\/\/www.damianzimmermann.de\/blog\/?p=6475"},"modified":"2019-03-26T16:07:30","modified_gmt":"2019-03-26T15:07:30","slug":"power-von-platon","status":"publish","type":"post","link":"https:\/\/www.damianzimmermann.de\/blog\/power-von-platon\/","title":{"rendered":"&#8222;Power&#8220; von Platon Antoniou"},"content":{"rendered":"<p>F\u00fcnf Tage lang konnte <strong>Platon Antoniou <\/strong>w\u00e4hrend der UN-Vollversammlung im Jahr 2009 die Staatschefs aus aller Welt f\u00fcr &#8222;The New Yorker&#8220; fotografieren. Er hatte sich mit seinem Mini-Studio direkt hinter dem Vorhang aufgebaut und fing dort die Pr\u00e4sidenten und Premierminister, Diktatoren und Revolutionsf\u00fchrer auf dem Weg zur und von der B\u00fchne ab. Viele machten dann auch mit, hatten aber nicht viel Zeit: Meist musste der 1968 geborene Platon, wie er kurz genannt wird, seine Fotos in wenigen Minuten schie\u00dfen &#8211; manchmal hatte er sogar nur ein paar Sekunden. Im Schirmer\/Mosel Verlag sind diese Portr\u00e4ts nun in dem Buch &#8222;Power&#8220; zusammengefasst (192 Seiten, 29,80 Euro).<\/p>\n<p>Nach <strong>Nicolas Sarkozy<\/strong> und <strong>Angela Merkel<\/strong> sucht man darin leider vergeblich &#8211; aus Zeitmangel (oder Interesse) bekam Platon sie nicht vor die Kamera. Andere haben sich hingegen weniger geziert &#8211; <strong>Silvio Berlusconi<\/strong> beispielsweise. Der grinst auf seinem Foto mal wieder so selbstgef\u00e4llig und diabolisch als w\u00fcrde er quasi darum bitten, ihm ein Marmor-Modell des Mail\u00e4nder Doms ins Gesicht zu rammen (was drei Monate sp\u00e4ter dann ja tats\u00e4chlich passiert ist). Und <strong>Wladimir Putin<\/strong>, dessen Portr\u00e4t \u00fcbrigens als einziges bereits ein Jahr zuvor in Moskau entstanden ist, hat einen so eiskalten KGB-Killer-Blick drauf, dass ich davon fast eine G\u00e4nsehaut bekomme. An Absurdit\u00e4t kaum zu \u00fcbertreffen ist auch das Foto von <strong>Muammar al-Gaddafi<\/strong>, der &#8222;wie von einem Barhocker in &#8218;Star Wars&#8216; geholt&#8220; aussieht, wie David Remnick in seinem Vorwort schreibt. Sehr sch\u00f6n ist auch der Beginn des Buches: Nicht <strong>Barack Obama<\/strong> ist dort zu sehen &#8211; sondern <strong>Wen Jiabao<\/strong>, der den Betrachter zufrieden anl\u00e4chelt wie ein Sparkassenangestellter aus Bergisch Gladbach.<\/p>\n<p>Was mich st\u00f6rt, ist jedoch der sehr unterschiedliche Umgang mit den einzelnen Politikern. Auf den meisten Bildern sind nur die K\u00f6pfe zu sehen, aber manche sind an der Stirn angeschnitten, andere nicht. Au\u00dferdem gibt es einige Staatschefs, die in der amerikanischen Einstellung fotografiert wurden &#8211; Gaddafi zum Beispiel, aber auch <strong>Abdelaziz Bouteflika<\/strong> aus Algerien, der v\u00f6llig steif und in einem schlecht sitzenden Anzug steckend, mit geballten F\u00e4usten und einem unsicheren L\u00e4cheln vor der Kamera steht. Au\u00dferdem wechseln Farb- und Schwarzwei\u00df-Aufnahmen sowie wei\u00dfe, schwarze sowie blaue Hintergr\u00fcnde mit starken (nachtr\u00e4glich eingebauten) Vignettierungen ab.<\/p>\n<p>Vielleicht sehe ich das durch die Arbeit an meinem eigenen <a href=\"http:\/\/www.paareprojekt.de\/\" target=\"_blank\" rel=\"noopener noreferrer\">Paareprojekt<\/a> etwas zu dogmatisch, aber ich finde, dass die &#8222;demokratische&#8220; Behandlung der Staatschefs, die Platon ja selbst suggeriert, leider bewusst ignoriert wird. Der Fotograf greift mit den Mitteln der Gestaltung deutlich ein, arbeitet mit Klischees und Mythen. Das einzig Demokratische an diesem Buch ist, dass sie alle, egal ob gut oder b\u00f6se, harmlos oder bedrohlich, sympathisch oder angsteinfl\u00f6\u00dfend darin vereint sind. Aber das schaffen Telefonb\u00fccher auch.<\/p>\n<p>Vor allem aber gilt dies auch f\u00fcr <strong>Richard Avedon<\/strong> und seine Serie &#8222;The Family&#8220; aus dem Jahr 1976, die sich als Referenz ja geradezu aufdr\u00e4ngt: Avedon hatte damals die politische, finanzielle und intellektuelle Elite der USA (u.a. <strong>Henry Kissinger<\/strong>, <strong>Jimmy Carter<\/strong>, <strong>Gerald Ford<\/strong>, <strong>Ronald Reagan<\/strong>, <strong>George Bush<\/strong> und <strong>Donald Rumsfeld<\/strong>) fotografiert &#8211; wie immer vor wei\u00dfem Hintergrund, dieses Mal jedoch mit sehr wenig Regie und alle in der gleichen amerikanischen Einstellung. Vielleicht will Platon sich bewusst von Avedon distanzieren &#8211; f\u00fcr klug w\u00fcrde ich dies jedoch nicht halten. Denn wie sehr w\u00fcrden sich Barack Obama, <strong>Mahmud Ahmadinedschad<\/strong> und beispielsweise <strong>Bingu Wa Mutharika<\/strong> aus Malawi unterscheiden, wenn sie tat\u00e4schlich unter den gleichen Bedinungen fotografiert worden w\u00e4ren?<\/p>\n<p>Bei <strong>Benjamin Netanjahu<\/strong> und <strong>Mahmud Abbas<\/strong> hat Platon es ja sogar gemacht und beide fotografisch exakt gleich behandelt. Im Buch befinden sie sich zudem direkt nebeneinander: Links der straighte und selbstsichere Hardliner Netanjahu: Er wirkt nicht unfreundlich, aber auch nicht so, als w\u00fcrde er sich auch nur einen Zentimeter bewegen wollen. Und rechts dann Abbas: Mit seinem etwas unsicheren und fast skeptischen L\u00e4cheln, dem etwas kleineren Auge rechts, dem optischen Versprung durch die Brille am linken Auge und der minimal schr\u00e4gen Kopfhaltung wirkt er skeptisch und mitgenommen, fast entt\u00e4uscht. Es macht deutlich mehr Freude, diese kleinen, subtilen Unterschiede zu entdecken anstatt sie direkt vorgesetzt zu bekommen.<\/p>\n<p>Link: <a href=\"http:\/\/schirmer-mosel.germanartbooks.de\/product_info.php?products_id=627\" target=\"_blank\" rel=\"noopener noreferrer\">Schirmer\/Mosel<\/a>, <a href=\"http:\/\/www.platonphoto.com\/\" target=\"_blank\" rel=\"noopener noreferrer\">Platon<\/a><\/p>\n\n\t\t<style type=\"text\/css\">\n\t\t\t#gallery-1 {\n\t\t\t\tmargin: auto;\n\t\t\t}\n\t\t\t#gallery-1 .gallery-item {\n\t\t\t\tfloat: left;\n\t\t\t\tmargin-top: 10px;\n\t\t\t\ttext-align: center;\n\t\t\t\twidth: 100%;\n\t\t\t}\n\t\t\t#gallery-1 img {\n\t\t\t\tborder: 2px solid #cfcfcf;\n\t\t\t}\n\t\t\t#gallery-1 .gallery-caption {\n\t\t\t\tmargin-left: 0;\n\t\t\t}\n\t\t\t\/* see gallery_shortcode() in wp-includes\/media.php *\/\n\t\t<\/style>\n\t\t<div id='gallery-1' class='gallery galleryid-6475 gallery-columns-1 gallery-size-large'><dl class='gallery-item'>\n\t\t\t<dt class='gallery-icon portrait'>\n\t\t\t\t<img loading=\"lazy\" decoding=\"async\" width=\"576\" height=\"709\" src=\"https:\/\/www.damianzimmermann.de\/blog\/wp-content\/uploads\/Power_Platon_Cover_full.jpg\" class=\"attachment-large size-large\" alt=\"\" aria-describedby=\"gallery-1-6480\" srcset=\"https:\/\/www.damianzimmermann.de\/blog\/wp-content\/uploads\/Power_Platon_Cover_full.jpg 576w, https:\/\/www.damianzimmermann.de\/blog\/wp-content\/uploads\/Power_Platon_Cover_full-121x150.jpg 121w, https:\/\/www.damianzimmermann.de\/blog\/wp-content\/uploads\/Power_Platon_Cover_full-324x400.jpg 324w\" sizes=\"auto, (max-width: 576px) 100vw, 576px\" \/>\n\t\t\t<\/dt>\n\t\t\t\t<dd class='wp-caption-text gallery-caption' id='gallery-1-6480'>\n\t\t\t\tPlaton: &#8222;Power&#8220; &#8211; Cover\n\t\t\t\t<\/dd><\/dl><br style=\"clear: both\" \/><dl class='gallery-item'>\n\t\t\t<dt class='gallery-icon portrait'>\n\t\t\t\t<img loading=\"lazy\" decoding=\"async\" width=\"620\" height=\"856\" src=\"https:\/\/www.damianzimmermann.de\/blog\/wp-content\/uploads\/Power_Platon_05_full.jpg\" class=\"attachment-large size-large\" alt=\"\" aria-describedby=\"gallery-1-6569\" srcset=\"https:\/\/www.damianzimmermann.de\/blog\/wp-content\/uploads\/Power_Platon_05_full.jpg 652w, https:\/\/www.damianzimmermann.de\/blog\/wp-content\/uploads\/Power_Platon_05_full-108x150.jpg 108w, https:\/\/www.damianzimmermann.de\/blog\/wp-content\/uploads\/Power_Platon_05_full-289x400.jpg 289w\" sizes=\"auto, (max-width: 620px) 100vw, 620px\" \/>\n\t\t\t<\/dt>\n\t\t\t\t<dd class='wp-caption-text gallery-caption' id='gallery-1-6569'>\n\t\t\t\tPlaton: &#8222;Wladimir Putin, Ministerpr\u00e4sident, Russland&#8220; aus dem Buch &#8222;Power&#8220; \u00a9 2011 Platon \/ Courtesy Schirmer\/Mosel \n\t\t\t\t<\/dd><\/dl><br style=\"clear: both\" \/><dl class='gallery-item'>\n\t\t\t<dt class='gallery-icon portrait'>\n\t\t\t\t<img loading=\"lazy\" decoding=\"async\" width=\"620\" height=\"862\" src=\"https:\/\/www.damianzimmermann.de\/blog\/wp-content\/uploads\/Power_Platon_01_full.jpg\" class=\"attachment-large size-large\" alt=\"\" aria-describedby=\"gallery-1-6477\" srcset=\"https:\/\/www.damianzimmermann.de\/blog\/wp-content\/uploads\/Power_Platon_01_full.jpg 647w, https:\/\/www.damianzimmermann.de\/blog\/wp-content\/uploads\/Power_Platon_01_full-107x150.jpg 107w, https:\/\/www.damianzimmermann.de\/blog\/wp-content\/uploads\/Power_Platon_01_full-287x400.jpg 287w\" sizes=\"auto, (max-width: 620px) 100vw, 620px\" \/>\n\t\t\t<\/dt>\n\t\t\t\t<dd class='wp-caption-text gallery-caption' id='gallery-1-6477'>\n\t\t\t\tPlaton: &#8222;Silvio Berlusconi, Ministerpr\u00e4sident, Italien&#8220; aus dem Buch &#8222;Power&#8220; \u00a9 2011 Platon \/ Courtesy Schirmer\/Mosel \n\t\t\t\t<\/dd><\/dl><br style=\"clear: both\" \/><dl class='gallery-item'>\n\t\t\t<dt class='gallery-icon portrait'>\n\t\t\t\t<img loading=\"lazy\" decoding=\"async\" width=\"620\" height=\"855\" src=\"https:\/\/www.damianzimmermann.de\/blog\/wp-content\/uploads\/Power_Platon_03_full.jpg\" class=\"attachment-large size-large\" alt=\"\" aria-describedby=\"gallery-1-6478\" srcset=\"https:\/\/www.damianzimmermann.de\/blog\/wp-content\/uploads\/Power_Platon_03_full.jpg 653w, https:\/\/www.damianzimmermann.de\/blog\/wp-content\/uploads\/Power_Platon_03_full-108x150.jpg 108w, https:\/\/www.damianzimmermann.de\/blog\/wp-content\/uploads\/Power_Platon_03_full-290x400.jpg 290w\" sizes=\"auto, (max-width: 620px) 100vw, 620px\" \/>\n\t\t\t<\/dt>\n\t\t\t\t<dd class='wp-caption-text gallery-caption' id='gallery-1-6478'>\n\t\t\t\tPlaton: &#8222;Muammar Qaddafi, Revolutionsf\u00fchrer, Libyen&#8220; aus dem Buch &#8222;Power&#8220; \u00a9 2011 Platon \/ Courtesy Schirmer\/Mosel \n\t\t\t\t<\/dd><\/dl><br style=\"clear: both\" \/><dl class='gallery-item'>\n\t\t\t<dt class='gallery-icon portrait'>\n\t\t\t\t<img loading=\"lazy\" decoding=\"async\" width=\"620\" height=\"862\" src=\"https:\/\/www.damianzimmermann.de\/blog\/wp-content\/uploads\/Power_Platon_08_full.jpg\" class=\"attachment-large size-large\" alt=\"\" aria-describedby=\"gallery-1-6479\" srcset=\"https:\/\/www.damianzimmermann.de\/blog\/wp-content\/uploads\/Power_Platon_08_full.jpg 647w, https:\/\/www.damianzimmermann.de\/blog\/wp-content\/uploads\/Power_Platon_08_full-107x150.jpg 107w, https:\/\/www.damianzimmermann.de\/blog\/wp-content\/uploads\/Power_Platon_08_full-287x400.jpg 287w\" sizes=\"auto, (max-width: 620px) 100vw, 620px\" \/>\n\t\t\t<\/dt>\n\t\t\t\t<dd class='wp-caption-text gallery-caption' id='gallery-1-6479'>\n\t\t\t\tPlaton: &#8222;Mahmoud Ahmadinejad, Pr\u00e4sident, Iran&#8220; aus dem Buch &#8222;Power&#8220; \u00a9 2011 Platon \/ Courtesy Schirmer\/Mosel \n\t\t\t\t<\/dd><\/dl><br style=\"clear: both\" \/><dl class='gallery-item'>\n\t\t\t<dt class='gallery-icon portrait'>\n\t\t\t\t<img loading=\"lazy\" decoding=\"async\" width=\"620\" height=\"862\" src=\"https:\/\/www.damianzimmermann.de\/blog\/wp-content\/uploads\/Power_Platon_02_full.jpg\" class=\"attachment-large size-large\" alt=\"\" aria-describedby=\"gallery-1-6568\" srcset=\"https:\/\/www.damianzimmermann.de\/blog\/wp-content\/uploads\/Power_Platon_02_full.jpg 647w, https:\/\/www.damianzimmermann.de\/blog\/wp-content\/uploads\/Power_Platon_02_full-107x150.jpg 107w, https:\/\/www.damianzimmermann.de\/blog\/wp-content\/uploads\/Power_Platon_02_full-287x400.jpg 287w\" sizes=\"auto, (max-width: 620px) 100vw, 620px\" \/>\n\t\t\t<\/dt>\n\t\t\t\t<dd class='wp-caption-text gallery-caption' id='gallery-1-6568'>\n\t\t\t\tPlaton: &#8222;Jacob Zuma, Pr\u00e4sident, S\u00fcdafrika&#8220; aus dem Buch &#8222;Power&#8220; \u00a9 2011 Platon \/ Courtesy Schirmer\/Mosel \n\t\t\t\t<\/dd><\/dl><br style=\"clear: both\" \/>\n\t\t<\/div>\n\n","protected":false},"excerpt":{"rendered":"<p>F\u00fcnf Tage lang konnte Platon Antoniou w\u00e4hrend der UN-Vollversammlung im Jahr 2009 die Staatschefs aus aller Welt f\u00fcr &#8222;The New Yorker&#8220; fotografieren. Er hatte sich mit seinem Mini-Studio&#8230;<\/p>\n","protected":false},"author":1,"featured_media":6480,"comment_status":"closed","ping_status":"open","sticky":false,"template":"","format":"standard","meta":{"footnotes":""},"categories":[7],"tags":[666,575],"class_list":["post-6475","post","type-post","status-publish","format-standard","has-post-thumbnail","hentry","category-fotobuecher","tag-platon-antoniou","tag-richard-avedon"],"_links":{"self":[{"href":"https:\/\/www.damianzimmermann.de\/blog\/wp-json\/wp\/v2\/posts\/6475","targetHints":{"allow":["GET"]}}],"collection":[{"href":"https:\/\/www.damianzimmermann.de\/blog\/wp-json\/wp\/v2\/posts"}],"about":[{"href":"https:\/\/www.damianzimmermann.de\/blog\/wp-json\/wp\/v2\/types\/post"}],"author":[{"embeddable":true,"href":"https:\/\/www.damianzimmermann.de\/blog\/wp-json\/wp\/v2\/users\/1"}],"replies":[{"embeddable":true,"href":"https:\/\/www.damianzimmermann.de\/blog\/wp-json\/wp\/v2\/comments?post=6475"}],"version-history":[{"count":89,"href":"https:\/\/www.damianzimmermann.de\/blog\/wp-json\/wp\/v2\/posts\/6475\/revisions"}],"predecessor-version":[{"id":20537,"href":"https:\/\/www.damianzimmermann.de\/blog\/wp-json\/wp\/v2\/posts\/6475\/revisions\/20537"}],"wp:featuredmedia":[{"embeddable":true,"href":"https:\/\/www.damianzimmermann.de\/blog\/wp-json\/wp\/v2\/media\/6480"}],"wp:attachment":[{"href":"https:\/\/www.damianzimmermann.de\/blog\/wp-json\/wp\/v2\/media?parent=6475"}],"wp:term":[{"taxonomy":"category","embeddable":true,"href":"https:\/\/www.damianzimmermann.de\/blog\/wp-json\/wp\/v2\/categories?post=6475"},{"taxonomy":"post_tag","embeddable":true,"href":"https:\/\/www.damianzimmermann.de\/blog\/wp-json\/wp\/v2\/tags?post=6475"}],"curies":[{"name":"wp","href":"https:\/\/api.w.org\/{rel}","templated":true}]}}