{"id":6399,"date":"2011-07-10T11:22:44","date_gmt":"2011-07-10T10:22:44","guid":{"rendered":"http:\/\/www.damianzimmermann.de\/blog\/?p=6399"},"modified":"2019-03-26T16:08:54","modified_gmt":"2019-03-26T15:08:54","slug":"buchbeitrag-zum-kultur-schule-projekt","status":"publish","type":"post","link":"https:\/\/www.damianzimmermann.de\/blog\/buchbeitrag-zum-kultur-schule-projekt\/","title":{"rendered":"Buchbeitrag zum &#8222;Kultur &#038; Schule&#8220;-Projekt"},"content":{"rendered":"<p>Gestern habe ich meine Belegexemplare von &#8222;Schule. K\u00fcnstler. Kunstp\u00e4dagogen.&#8220; erhalten. Darin befindet sich ein Beitrag, den <strong>Anna-Maria Loffredo<\/strong> und ich \u00fcber unser gemeinsames Fotografieprojekt im Rahmen des Landesprogramms &#8222;Kultur &amp; Schule&#8220; am Gymnasium Kerpen verfasst haben. Neben der Vermittlung eines technischen und fotogestalterischen Basiswissens sollten die Sch\u00fcler Gruppenselbstportr\u00e4ts entwickeln und sich dabei an verschiedenen Berufsgruppen orientieren. Das Buch ist im Athena-Verlag in der Reihe &#8222;Artificium &#8211; Schriften zu Kunst und Kunstvermittlung&#8220; erschienen, hat 192 Seiten und kostet 19,50 Euro.<\/p>\n<p>Im n\u00e4chsten Schuljahr werden Anna-Maria und ich \u00fcbrigens erneut gemeinsam am Landesprogramm teilnehmen, worauf ich mich schon sehr freue &#8211; die Zusammenarbeit mit Sch\u00fclern, zumal es sich erneut um einen Kunst-LK handelt, finde ich sehr motivierend und inspirierend. Am K\u00f6lner Gymnasium Kreuzgasse werde ich ebenfalls ein &#8222;Kultur &amp; Schule&#8220;-Projekt mit <strong>Viola K\u00fcgler<\/strong> umsetzen.<\/p>\n<p>Link: <a href=\"http:\/\/www.athena-verlag.de\/controller.php?cmd=detail&amp;titelnummer=439\" target=\"_blank\" rel=\"noopener noreferrer\">Athena<\/a>, <a href=\"http:\/\/blog.kunstdidaktik.com\/\" target=\"_blank\" rel=\"noopener noreferrer\">Anna-Maria Loffredo<\/a><\/p>\n\n\t\t<style type=\"text\/css\">\n\t\t\t#gallery-1 {\n\t\t\t\tmargin: auto;\n\t\t\t}\n\t\t\t#gallery-1 .gallery-item {\n\t\t\t\tfloat: left;\n\t\t\t\tmargin-top: 10px;\n\t\t\t\ttext-align: center;\n\t\t\t\twidth: 100%;\n\t\t\t}\n\t\t\t#gallery-1 img {\n\t\t\t\tborder: 2px solid #cfcfcf;\n\t\t\t}\n\t\t\t#gallery-1 .gallery-caption {\n\t\t\t\tmargin-left: 0;\n\t\t\t}\n\t\t\t\/* see gallery_shortcode() in wp-includes\/media.php *\/\n\t\t<\/style>\n\t\t<div id='gallery-1' class='gallery galleryid-6399 gallery-columns-1 gallery-size-large'><dl class='gallery-item'>\n\t\t\t<dt class='gallery-icon landscape'>\n\t\t\t\t<img loading=\"lazy\" decoding=\"async\" width=\"620\" height=\"465\" src=\"https:\/\/www.damianzimmermann.de\/blog\/wp-content\/uploads\/Buch01.jpg\" class=\"attachment-large size-large\" alt=\"\" aria-describedby=\"gallery-1-6405\" srcset=\"https:\/\/www.damianzimmermann.de\/blog\/wp-content\/uploads\/Buch01.jpg 900w, https:\/\/www.damianzimmermann.de\/blog\/wp-content\/uploads\/Buch01-200x150.jpg 200w, https:\/\/www.damianzimmermann.de\/blog\/wp-content\/uploads\/Buch01-400x300.jpg 400w\" sizes=\"auto, (max-width: 620px) 100vw, 620px\" \/>\n\t\t\t<\/dt>\n\t\t\t\t<dd class='wp-caption-text gallery-caption' id='gallery-1-6405'>\n\t\t\t\taus &#8222;Schule. K\u00fcnstler. Kunstp\u00e4dagogen.&#8220;\n\t\t\t\t<\/dd><\/dl><br style=\"clear: both\" \/><dl class='gallery-item'>\n\t\t\t<dt class='gallery-icon landscape'>\n\t\t\t\t<img loading=\"lazy\" decoding=\"async\" width=\"620\" height=\"465\" src=\"https:\/\/www.damianzimmermann.de\/blog\/wp-content\/uploads\/Buch02.jpg\" class=\"attachment-large size-large\" alt=\"\" aria-describedby=\"gallery-1-6406\" srcset=\"https:\/\/www.damianzimmermann.de\/blog\/wp-content\/uploads\/Buch02.jpg 900w, https:\/\/www.damianzimmermann.de\/blog\/wp-content\/uploads\/Buch02-200x150.jpg 200w, https:\/\/www.damianzimmermann.de\/blog\/wp-content\/uploads\/Buch02-400x300.jpg 400w\" sizes=\"auto, (max-width: 620px) 100vw, 620px\" \/>\n\t\t\t<\/dt>\n\t\t\t\t<dd class='wp-caption-text gallery-caption' id='gallery-1-6406'>\n\t\t\t\taus &#8222;Schule. K\u00fcnstler. Kunstp\u00e4dagogen.&#8220;\n\t\t\t\t<\/dd><\/dl><br style=\"clear: both\" \/><dl class='gallery-item'>\n\t\t\t<dt class='gallery-icon landscape'>\n\t\t\t\t<img loading=\"lazy\" decoding=\"async\" width=\"620\" height=\"465\" src=\"https:\/\/www.damianzimmermann.de\/blog\/wp-content\/uploads\/Buch03.jpg\" class=\"attachment-large size-large\" alt=\"\" aria-describedby=\"gallery-1-6407\" srcset=\"https:\/\/www.damianzimmermann.de\/blog\/wp-content\/uploads\/Buch03.jpg 900w, https:\/\/www.damianzimmermann.de\/blog\/wp-content\/uploads\/Buch03-200x150.jpg 200w, https:\/\/www.damianzimmermann.de\/blog\/wp-content\/uploads\/Buch03-400x300.jpg 400w\" sizes=\"auto, (max-width: 620px) 100vw, 620px\" \/>\n\t\t\t<\/dt>\n\t\t\t\t<dd class='wp-caption-text gallery-caption' id='gallery-1-6407'>\n\t\t\t\taus &#8222;Schule. K\u00fcnstler. Kunstp\u00e4dagogen.&#8220;\n\t\t\t\t<\/dd><\/dl><br style=\"clear: both\" \/><dl class='gallery-item'>\n\t\t\t<dt class='gallery-icon landscape'>\n\t\t\t\t<img loading=\"lazy\" decoding=\"async\" width=\"620\" height=\"465\" src=\"https:\/\/www.damianzimmermann.de\/blog\/wp-content\/uploads\/Buch04.jpg\" class=\"attachment-large size-large\" alt=\"\" aria-describedby=\"gallery-1-6408\" srcset=\"https:\/\/www.damianzimmermann.de\/blog\/wp-content\/uploads\/Buch04.jpg 900w, https:\/\/www.damianzimmermann.de\/blog\/wp-content\/uploads\/Buch04-200x150.jpg 200w, https:\/\/www.damianzimmermann.de\/blog\/wp-content\/uploads\/Buch04-400x300.jpg 400w\" sizes=\"auto, (max-width: 620px) 100vw, 620px\" \/>\n\t\t\t<\/dt>\n\t\t\t\t<dd class='wp-caption-text gallery-caption' id='gallery-1-6408'>\n\t\t\t\taus &#8222;Schule. K\u00fcnstler. Kunstp\u00e4dagogen.&#8220;\n\t\t\t\t<\/dd><\/dl><br style=\"clear: both\" \/>\n\t\t<\/div>\n\n","protected":false},"excerpt":{"rendered":"<p>Gestern habe ich meine Belegexemplare von &#8222;Schule. K\u00fcnstler. Kunstp\u00e4dagogen.&#8220; erhalten. Darin befindet sich ein Beitrag, den Anna-Maria Loffredo und ich \u00fcber unser gemeinsames Fotografieprojekt im Rahmen des Landesprogramms&#8230;<\/p>\n","protected":false},"author":1,"featured_media":6405,"comment_status":"closed","ping_status":"open","sticky":false,"template":"","format":"standard","meta":{"footnotes":""},"categories":[1161],"tags":[659],"class_list":["post-6399","post","type-post","status-publish","format-standard","has-post-thumbnail","hentry","category-bildung","tag-anna-maria-loffredo"],"_links":{"self":[{"href":"https:\/\/www.damianzimmermann.de\/blog\/wp-json\/wp\/v2\/posts\/6399","targetHints":{"allow":["GET"]}}],"collection":[{"href":"https:\/\/www.damianzimmermann.de\/blog\/wp-json\/wp\/v2\/posts"}],"about":[{"href":"https:\/\/www.damianzimmermann.de\/blog\/wp-json\/wp\/v2\/types\/post"}],"author":[{"embeddable":true,"href":"https:\/\/www.damianzimmermann.de\/blog\/wp-json\/wp\/v2\/users\/1"}],"replies":[{"embeddable":true,"href":"https:\/\/www.damianzimmermann.de\/blog\/wp-json\/wp\/v2\/comments?post=6399"}],"version-history":[{"count":22,"href":"https:\/\/www.damianzimmermann.de\/blog\/wp-json\/wp\/v2\/posts\/6399\/revisions"}],"predecessor-version":[{"id":20539,"href":"https:\/\/www.damianzimmermann.de\/blog\/wp-json\/wp\/v2\/posts\/6399\/revisions\/20539"}],"wp:featuredmedia":[{"embeddable":true,"href":"https:\/\/www.damianzimmermann.de\/blog\/wp-json\/wp\/v2\/media\/6405"}],"wp:attachment":[{"href":"https:\/\/www.damianzimmermann.de\/blog\/wp-json\/wp\/v2\/media?parent=6399"}],"wp:term":[{"taxonomy":"category","embeddable":true,"href":"https:\/\/www.damianzimmermann.de\/blog\/wp-json\/wp\/v2\/categories?post=6399"},{"taxonomy":"post_tag","embeddable":true,"href":"https:\/\/www.damianzimmermann.de\/blog\/wp-json\/wp\/v2\/tags?post=6399"}],"curies":[{"name":"wp","href":"https:\/\/api.w.org\/{rel}","templated":true}]}}