{"id":6385,"date":"2011-07-08T12:00:44","date_gmt":"2011-07-08T10:00:44","guid":{"rendered":"http:\/\/www.damianzimmermann.de\/blog\/?p=6385"},"modified":"2019-03-26T16:12:00","modified_gmt":"2019-03-26T15:12:00","slug":"thomas-struth-und-das-queen-portrat","status":"publish","type":"post","link":"https:\/\/www.damianzimmermann.de\/blog\/thomas-struth-und-das-queen-portrat\/","title":{"rendered":"Thomas Struth und das Queen-Portr\u00e4t"},"content":{"rendered":"<p>Die Nachricht erreichte mich \u00fcber den Presseverteiler des Schirmer\/Mosel-Verlages: <strong>Thomas Struth<\/strong> hat das offizielle Portr\u00e4t von <strong>Queen Elisabeth II.<\/strong> zum 60. Jahrestag ihrer Thronbesteigung 2012 fotografiert. Das kommt einem Ritterschlag gleich &#8211; vor allem aber ist es eine gro\u00dfe Bereicherung f\u00fcr seine Werkgruppe der Familienportr\u00e4ts &#8211; schlie\u00dflich hat er die Queen gemeinsam mit ihrem Mann, <strong>Prinz Philip<\/strong>, auf Schloss Windsor abgelichtet.<\/p>\n<p>Meinen Artikel, der als Struth-Portr\u00e4t angelegt und im K\u00f6lner Stadt-Anzeiger erschienen ist, gibt es\u00a0<a href=\"https:\/\/www.damianzimmermann.de\/blog\/wp-content\/uploads\/Struth-Queen.pdf\" target=\"_blank\" rel=\"noopener noreferrer\">hier<\/a> als PDF.<\/p>\n<p>Link: <a href=\"http:\/\/www.schirmer-mosel.com\/homed1\/pdf\/Presseblitz_23062011.pdf\" target=\"_blank\" rel=\"noopener noreferrer\">Schirmer\/Mosel<\/a><\/p>\n<div id=\"attachment_20540\" style=\"width: 730px\" class=\"wp-caption aligncenter\"><img loading=\"lazy\" decoding=\"async\" aria-describedby=\"caption-attachment-20540\" class=\"size-large wp-image-20540\" src=\"https:\/\/www.damianzimmermann.de\/blog\/wp-content\/uploads\/struth-queen-1024x809.jpg\" alt=\"\" width=\"720\" height=\"569\" srcset=\"https:\/\/www.damianzimmermann.de\/blog\/wp-content\/uploads\/struth-queen-1024x809.jpg 1024w, https:\/\/www.damianzimmermann.de\/blog\/wp-content\/uploads\/struth-queen-190x150.jpg 190w, https:\/\/www.damianzimmermann.de\/blog\/wp-content\/uploads\/struth-queen-400x316.jpg 400w, https:\/\/www.damianzimmermann.de\/blog\/wp-content\/uploads\/struth-queen-768x607.jpg 768w, https:\/\/www.damianzimmermann.de\/blog\/wp-content\/uploads\/struth-queen-210x166.jpg 210w, https:\/\/www.damianzimmermann.de\/blog\/wp-content\/uploads\/struth-queen.jpg 1200w\" sizes=\"auto, (max-width: 720px) 100vw, 720px\" \/><p id=\"caption-attachment-20540\" class=\"wp-caption-text\">Queen Elisabeth II. und Prinz Philip, fotografiert von Thomas Struth.<\/p><\/div>\n","protected":false},"excerpt":{"rendered":"<p>Die Nachricht erreichte mich \u00fcber den Presseverteiler des Schirmer\/Mosel-Verlages: Thomas Struth hat das offizielle Portr\u00e4t von Queen Elisabeth II. zum 60. Jahrestag ihrer Thronbesteigung 2012 fotografiert. Das kommt&#8230;<\/p>\n","protected":false},"author":1,"featured_media":20540,"comment_status":"closed","ping_status":"open","sticky":false,"template":"","format":"standard","meta":{"footnotes":""},"categories":[1],"tags":[219],"class_list":["post-6385","post","type-post","status-publish","format-standard","has-post-thumbnail","hentry","category-allgemein","tag-thomas-struth"],"_links":{"self":[{"href":"https:\/\/www.damianzimmermann.de\/blog\/wp-json\/wp\/v2\/posts\/6385","targetHints":{"allow":["GET"]}}],"collection":[{"href":"https:\/\/www.damianzimmermann.de\/blog\/wp-json\/wp\/v2\/posts"}],"about":[{"href":"https:\/\/www.damianzimmermann.de\/blog\/wp-json\/wp\/v2\/types\/post"}],"author":[{"embeddable":true,"href":"https:\/\/www.damianzimmermann.de\/blog\/wp-json\/wp\/v2\/users\/1"}],"replies":[{"embeddable":true,"href":"https:\/\/www.damianzimmermann.de\/blog\/wp-json\/wp\/v2\/comments?post=6385"}],"version-history":[{"count":14,"href":"https:\/\/www.damianzimmermann.de\/blog\/wp-json\/wp\/v2\/posts\/6385\/revisions"}],"predecessor-version":[{"id":20541,"href":"https:\/\/www.damianzimmermann.de\/blog\/wp-json\/wp\/v2\/posts\/6385\/revisions\/20541"}],"wp:featuredmedia":[{"embeddable":true,"href":"https:\/\/www.damianzimmermann.de\/blog\/wp-json\/wp\/v2\/media\/20540"}],"wp:attachment":[{"href":"https:\/\/www.damianzimmermann.de\/blog\/wp-json\/wp\/v2\/media?parent=6385"}],"wp:term":[{"taxonomy":"category","embeddable":true,"href":"https:\/\/www.damianzimmermann.de\/blog\/wp-json\/wp\/v2\/categories?post=6385"},{"taxonomy":"post_tag","embeddable":true,"href":"https:\/\/www.damianzimmermann.de\/blog\/wp-json\/wp\/v2\/tags?post=6385"}],"curies":[{"name":"wp","href":"https:\/\/api.w.org\/{rel}","templated":true}]}}