{"id":6341,"date":"2011-07-07T08:01:38","date_gmt":"2011-07-07T06:01:38","guid":{"rendered":"http:\/\/www.damianzimmermann.de\/blog\/?p=6341"},"modified":"2019-03-26T16:14:54","modified_gmt":"2019-03-26T15:14:54","slug":"world-press-photo-on-tour","status":"publish","type":"post","link":"https:\/\/www.damianzimmermann.de\/blog\/world-press-photo-on-tour\/","title":{"rendered":"&#8222;World Press Photo Award&#8220; on Tour"},"content":{"rendered":"<p style=\"margin-bottom: 0cm;\">Der <strong>World Press Photo Award<\/strong> gilt als weltweit gr\u00f6\u00dfter Wettbewerb f\u00fcr Pressefotografie und wird seit 1955 verliehen. Viele \u201ePressefotos des Jahres\u201c werden durch die Auszeichnung zu Ikonen der Fotografie \u2013 so wie beispielsweise die Aufnahme von <strong>Malcolm W. Browne<\/strong>, die einen vietnamesischen M\u00f6nch zeigt, der sich selbst verbrannt hat, das Bild <strong>Eddie Adams<\/strong>&#8218; vom s\u00fcdvietnamesische Polizeichef, der ein Vietcong-Mitglied auf offener Stra\u00dfe durch einen Kopfschuss hinrichtet, oder das Bild von<strong> Charlie Cole<\/strong>, das einen Unbekannten zeigt, der sich auf dem Platz des Himmlischen Friedens einer Gruppe von Kampfpanzern entgegenstellt.<\/p>\n<p style=\"margin-bottom: 0cm;\">Das Siegerbild des World Press Photo Awards 2010 kann bereits jetzt ebenfalls als Ikone bezeichnet werden, obwohl es zugleich auch eines der grausigsten Bilder ist: Es stammt von <strong>Jodie Bieber<\/strong> und zeigt die junge Afghanin <strong>Aisha<\/strong>, der die Nase abgeschnitten wurde. Es ist Teil einer Wanderausstellung, in der es zusammen mit 176 weiteren Fotografien aus insgesamt neun Kategorien zu sehen sein wird.<\/p>\n<p>Ich hatte die Gelegenheit, mir die Ausstellung bereits im Mai bei Gruner+Jahr in Hamburg anzuschauen. Schwerpunkte sind dabei das Erdbeeben in Haiti, aber auch die bewaffneten Konflikte in Mexiko &#8211; darunter gibt es eine auf den ersten Blick poetische Serie mit Landschaftsaufnahmen von <strong>Fernando Brito<\/strong> &#8211; nur, dass in diesen Landschaften ein oder mehrere Leichen liegen. Im Grunde bekommt der Besucher in der Ausstellung die Bilder zu sehen, die Zeitungen sich sonst nur selten abzudrucken wagen. Es sind Bilder voller Gewalt und Elend und mit teilweise schrecklich zugerichteten Leichen. Aber es gibt auch Portr\u00e4ts, Sport-, Landschafts-, Natur- und klassische Reportageaufnahmen mit viel Humor. Sehr gut gefallen hat mir beispielsweise die knallbunte Serie \u00fcber weibliche Wrestlerinnen in Bolivien von <strong>Daniele Tamagni<\/strong>.<\/p>\n<p>Ausgestellt werden die Bilder in sieben Bahnh\u00f6fen der Deutschen Bahn. Die Stationen sind M\u00fcnchen (bis 11. Juli), Mannheim (15. bis 25. Juli), Stuttgart (29. Juli bis 8. August), K\u00f6ln (19. bis 29. August), Halle (2. bis 12. September), Braunschweig (16. bis 26. September) und Berlin-Friedrichstra\u00dfe (14. bis 24. Oktober). Da viele Bilder sehr schockierend sind, sind diese im Inneren der Ausstellung zu sehen, w\u00e4hrend die Portr\u00e4ts und Naturaufnahmen au\u00dfen h\u00e4ngen. Der Eintritt ist frei.<\/p>\n<p>Links: <a href=\"http:\/\/www.worldpressphoto.org\/\" target=\"_blank\" rel=\"noopener noreferrer\">World Press Photo<\/a><\/p>\n\n\t\t<style type=\"text\/css\">\n\t\t\t#gallery-1 {\n\t\t\t\tmargin: auto;\n\t\t\t}\n\t\t\t#gallery-1 .gallery-item {\n\t\t\t\tfloat: left;\n\t\t\t\tmargin-top: 10px;\n\t\t\t\ttext-align: center;\n\t\t\t\twidth: 100%;\n\t\t\t}\n\t\t\t#gallery-1 img {\n\t\t\t\tborder: 2px solid #cfcfcf;\n\t\t\t}\n\t\t\t#gallery-1 .gallery-caption {\n\t\t\t\tmargin-left: 0;\n\t\t\t}\n\t\t\t\/* see gallery_shortcode() in wp-includes\/media.php *\/\n\t\t<\/style>\n\t\t<div id='gallery-1' class='gallery galleryid-6341 gallery-columns-1 gallery-size-large'><dl class='gallery-item'>\n\t\t\t<dt class='gallery-icon portrait'>\n\t\t\t\t<img loading=\"lazy\" decoding=\"async\" width=\"620\" height=\"777\" src=\"https:\/\/www.damianzimmermann.de\/blog\/wp-content\/uploads\/01_Jodi-Bieber2.jpg\" class=\"attachment-large size-large\" alt=\"\" aria-describedby=\"gallery-1-6343\" srcset=\"https:\/\/www.damianzimmermann.de\/blog\/wp-content\/uploads\/01_Jodi-Bieber2.jpg 718w, https:\/\/www.damianzimmermann.de\/blog\/wp-content\/uploads\/01_Jodi-Bieber2-119x150.jpg 119w, https:\/\/www.damianzimmermann.de\/blog\/wp-content\/uploads\/01_Jodi-Bieber2-319x400.jpg 319w\" sizes=\"auto, (max-width: 620px) 100vw, 620px\" \/>\n\t\t\t<\/dt>\n\t\t\t\t<dd class='wp-caption-text gallery-caption' id='gallery-1-6343'>\n\t\t\t\tWorld Press Photo of the Year 2010: Jodi Bieber\/Institute for Artist Management\/Goodman Gallery for Time Magazine\n\t\t\t\t<\/dd><\/dl><br style=\"clear: both\" \/><dl class='gallery-item'>\n\t\t\t<dt class='gallery-icon landscape'>\n\t\t\t\t<img loading=\"lazy\" decoding=\"async\" width=\"620\" height=\"620\" src=\"https:\/\/www.damianzimmermann.de\/blog\/wp-content\/uploads\/14_Joost-van-den-Broek2.jpg\" class=\"attachment-large size-large\" alt=\"\" aria-describedby=\"gallery-1-6355\" srcset=\"https:\/\/www.damianzimmermann.de\/blog\/wp-content\/uploads\/14_Joost-van-den-Broek2.jpg 900w, https:\/\/www.damianzimmermann.de\/blog\/wp-content\/uploads\/14_Joost-van-den-Broek2-150x150.jpg 150w, https:\/\/www.damianzimmermann.de\/blog\/wp-content\/uploads\/14_Joost-van-den-Broek2-400x400.jpg 400w\" sizes=\"auto, (max-width: 620px) 100vw, 620px\" \/>\n\t\t\t<\/dt>\n\t\t\t\t<dd class='wp-caption-text gallery-caption' id='gallery-1-6355'>\n\t\t\t\tZweiter Platz, Kategorie &#8222;Portraits Singles&#8220; \u00a9 Joost van den Broek, the Netherlands, de Volkskrant \n\t\t\t\t<\/dd><\/dl><br style=\"clear: both\" \/><dl class='gallery-item'>\n\t\t\t<dt class='gallery-icon landscape'>\n\t\t\t\t<img loading=\"lazy\" decoding=\"async\" width=\"620\" height=\"413\" src=\"https:\/\/www.damianzimmermann.de\/blog\/wp-content\/uploads\/18_Reinhard-Dirscherl2.jpg\" class=\"attachment-large size-large\" alt=\"\" aria-describedby=\"gallery-1-6357\" srcset=\"https:\/\/www.damianzimmermann.de\/blog\/wp-content\/uploads\/18_Reinhard-Dirscherl2.jpg 900w, https:\/\/www.damianzimmermann.de\/blog\/wp-content\/uploads\/18_Reinhard-Dirscherl2-200x133.jpg 200w, https:\/\/www.damianzimmermann.de\/blog\/wp-content\/uploads\/18_Reinhard-Dirscherl2-400x266.jpg 400w\" sizes=\"auto, (max-width: 620px) 100vw, 620px\" \/>\n\t\t\t<\/dt>\n\t\t\t\t<dd class='wp-caption-text gallery-caption' id='gallery-1-6357'>\n\t\t\t\tZweiter Platz, Kategorie &#8222;Nature Singles&#8220; \u00a9 Reinhard Dirscherl, Germany \n\t\t\t\t<\/dd><\/dl><br style=\"clear: both\" \/><dl class='gallery-item'>\n\t\t\t<dt class='gallery-icon landscape'>\n\t\t\t\t<img loading=\"lazy\" decoding=\"async\" width=\"620\" height=\"413\" src=\"https:\/\/www.damianzimmermann.de\/blog\/wp-content\/uploads\/11_Ed-Ou2.jpg\" class=\"attachment-large size-large\" alt=\"\" aria-describedby=\"gallery-1-6353\" srcset=\"https:\/\/www.damianzimmermann.de\/blog\/wp-content\/uploads\/11_Ed-Ou2.jpg 900w, https:\/\/www.damianzimmermann.de\/blog\/wp-content\/uploads\/11_Ed-Ou2-200x133.jpg 200w, https:\/\/www.damianzimmermann.de\/blog\/wp-content\/uploads\/11_Ed-Ou2-400x266.jpg 400w\" sizes=\"auto, (max-width: 620px) 100vw, 620px\" \/>\n\t\t\t<\/dt>\n\t\t\t\t<dd class='wp-caption-text gallery-caption' id='gallery-1-6353'>\n\t\t\t\tErster Platz, Kategorie &#8222;Contemporary Issues Stories&#8220; \u00a9 Ed Ou, Canada, Reportage by Getty Images\n\t\t\t\t<\/dd><\/dl><br style=\"clear: both\" \/><dl class='gallery-item'>\n\t\t\t<dt class='gallery-icon landscape'>\n\t\t\t\t<img loading=\"lazy\" decoding=\"async\" width=\"620\" height=\"413\" src=\"https:\/\/www.damianzimmermann.de\/blog\/wp-content\/uploads\/10_Ed-Kashi2.jpg\" class=\"attachment-large size-large\" alt=\"\" aria-describedby=\"gallery-1-6349\" srcset=\"https:\/\/www.damianzimmermann.de\/blog\/wp-content\/uploads\/10_Ed-Kashi2.jpg 900w, https:\/\/www.damianzimmermann.de\/blog\/wp-content\/uploads\/10_Ed-Kashi2-200x133.jpg 200w, https:\/\/www.damianzimmermann.de\/blog\/wp-content\/uploads\/10_Ed-Kashi2-400x266.jpg 400w\" sizes=\"auto, (max-width: 620px) 100vw, 620px\" \/>\n\t\t\t<\/dt>\n\t\t\t\t<dd class='wp-caption-text gallery-caption' id='gallery-1-6349'>\n\t\t\t\tZweiter Platz, Kategorie &#8222;Contemporary Issues Singles&#8220; \u00a9 Ed Kashi, USA, VII Photo Agency\n\t\t\t\t<\/dd><\/dl><br style=\"clear: both\" \/><dl class='gallery-item'>\n\t\t\t<dt class='gallery-icon landscape'>\n\t\t\t\t<img loading=\"lazy\" decoding=\"async\" width=\"620\" height=\"413\" src=\"https:\/\/www.damianzimmermann.de\/blog\/wp-content\/uploads\/17_Daniele-Tamagni2.jpg\" class=\"attachment-large size-large\" alt=\"\" aria-describedby=\"gallery-1-6356\" srcset=\"https:\/\/www.damianzimmermann.de\/blog\/wp-content\/uploads\/17_Daniele-Tamagni2.jpg 900w, https:\/\/www.damianzimmermann.de\/blog\/wp-content\/uploads\/17_Daniele-Tamagni2-200x133.jpg 200w, https:\/\/www.damianzimmermann.de\/blog\/wp-content\/uploads\/17_Daniele-Tamagni2-400x266.jpg 400w\" sizes=\"auto, (max-width: 620px) 100vw, 620px\" \/>\n\t\t\t<\/dt>\n\t\t\t\t<dd class='wp-caption-text gallery-caption' id='gallery-1-6356'>\n\t\t\t\tZweiter Platz, Kategorie &#8222;Arts and Entertainment Stories&#8220; \u00a9 Daniele Tamagni, Italy\n\t\t\t\t<\/dd><\/dl><br style=\"clear: both\" \/><dl class='gallery-item'>\n\t\t\t<dt class='gallery-icon landscape'>\n\t\t\t\t<img loading=\"lazy\" decoding=\"async\" width=\"620\" height=\"413\" src=\"https:\/\/www.damianzimmermann.de\/blog\/wp-content\/uploads\/04_Ricardo-Venturi2.jpg\" class=\"attachment-large size-large\" alt=\"\" aria-describedby=\"gallery-1-6347\" srcset=\"https:\/\/www.damianzimmermann.de\/blog\/wp-content\/uploads\/04_Ricardo-Venturi2.jpg 900w, https:\/\/www.damianzimmermann.de\/blog\/wp-content\/uploads\/04_Ricardo-Venturi2-200x133.jpg 200w, https:\/\/www.damianzimmermann.de\/blog\/wp-content\/uploads\/04_Ricardo-Venturi2-400x266.jpg 400w\" sizes=\"auto, (max-width: 620px) 100vw, 620px\" \/>\n\t\t\t<\/dt>\n\t\t\t\t<dd class='wp-caption-text gallery-caption' id='gallery-1-6347'>\n\t\t\t\tErster Platz, Kategorie &#8222;General News Single&#8220; \u00a9 Riccardo Venturi, Italy, Contrasto\n\t\t\t\t<\/dd><\/dl><br style=\"clear: both\" \/><dl class='gallery-item'>\n\t\t\t<dt class='gallery-icon landscape'>\n\t\t\t\t<img loading=\"lazy\" decoding=\"async\" width=\"620\" height=\"413\" src=\"https:\/\/www.damianzimmermann.de\/blog\/wp-content\/uploads\/05_Olivier-Laban-Mattei2.jpg\" class=\"attachment-large size-large\" alt=\"\" aria-describedby=\"gallery-1-6348\" srcset=\"https:\/\/www.damianzimmermann.de\/blog\/wp-content\/uploads\/05_Olivier-Laban-Mattei2.jpg 900w, https:\/\/www.damianzimmermann.de\/blog\/wp-content\/uploads\/05_Olivier-Laban-Mattei2-200x133.jpg 200w, https:\/\/www.damianzimmermann.de\/blog\/wp-content\/uploads\/05_Olivier-Laban-Mattei2-400x266.jpg 400w\" sizes=\"auto, (max-width: 620px) 100vw, 620px\" \/>\n\t\t\t<\/dt>\n\t\t\t\t<dd class='wp-caption-text gallery-caption' id='gallery-1-6348'>\n\t\t\t\tErster Platz, Kategorie &#8222;General News Stories&#8220; \u00a9 Olivier Laban-Mattei, France, Agence France-Presse\n\t\t\t\t<\/dd><\/dl><br style=\"clear: both\" \/><dl class='gallery-item'>\n\t\t\t<dt class='gallery-icon landscape'>\n\t\t\t\t<img loading=\"lazy\" decoding=\"async\" width=\"620\" height=\"465\" src=\"https:\/\/www.damianzimmermann.de\/blog\/wp-content\/uploads\/12_Feisal-Omar2.jpg\" class=\"attachment-large size-large\" alt=\"\" aria-describedby=\"gallery-1-6354\" srcset=\"https:\/\/www.damianzimmermann.de\/blog\/wp-content\/uploads\/12_Feisal-Omar2.jpg 900w, https:\/\/www.damianzimmermann.de\/blog\/wp-content\/uploads\/12_Feisal-Omar2-200x150.jpg 200w, https:\/\/www.damianzimmermann.de\/blog\/wp-content\/uploads\/12_Feisal-Omar2-400x300.jpg 400w\" sizes=\"auto, (max-width: 620px) 100vw, 620px\" \/>\n\t\t\t<\/dt>\n\t\t\t\t<dd class='wp-caption-text gallery-caption' id='gallery-1-6354'>\n\t\t\t\tErster Platz, Kategorie &#8222;Daily Life Singles&#8220;\u00a9 Omar Feisal, Somalia, for Reuters\n\t\t\t\t<\/dd><\/dl><br style=\"clear: both\" \/><dl class='gallery-item'>\n\t\t\t<dt class='gallery-icon landscape'>\n\t\t\t\t<img loading=\"lazy\" decoding=\"async\" width=\"620\" height=\"413\" src=\"https:\/\/www.damianzimmermann.de\/blog\/wp-content\/uploads\/03_Corentin-Fohlen2.jpg\" class=\"attachment-large size-large\" alt=\"\" aria-describedby=\"gallery-1-6344\" srcset=\"https:\/\/www.damianzimmermann.de\/blog\/wp-content\/uploads\/03_Corentin-Fohlen2.jpg 900w, https:\/\/www.damianzimmermann.de\/blog\/wp-content\/uploads\/03_Corentin-Fohlen2-200x133.jpg 200w, https:\/\/www.damianzimmermann.de\/blog\/wp-content\/uploads\/03_Corentin-Fohlen2-400x266.jpg 400w\" sizes=\"auto, (max-width: 620px) 100vw, 620px\" \/>\n\t\t\t<\/dt>\n\t\t\t\t<dd class='wp-caption-text gallery-caption' id='gallery-1-6344'>\n\t\t\t\tZweiter Platz, Kategorie &#8222;Spot News Stories&#8220; \u00a9 Corentin Fohlen, France, Fedephoto\n\t\t\t\t<\/dd><\/dl><br style=\"clear: both\" \/>\n\t\t<\/div>\n\n","protected":false},"excerpt":{"rendered":"<p>Der World Press Photo Award gilt als weltweit gr\u00f6\u00dfter Wettbewerb f\u00fcr Pressefotografie und wird seit 1955 verliehen. Viele \u201ePressefotos des Jahres\u201c werden durch die Auszeichnung zu Ikonen der&#8230;<\/p>\n","protected":false},"author":1,"featured_media":6343,"comment_status":"closed","ping_status":"open","sticky":false,"template":"","format":"standard","meta":{"footnotes":""},"categories":[6],"tags":[655,658,654,657,656,652,653],"class_list":["post-6341","post","type-post","status-publish","format-standard","has-post-thumbnail","hentry","category-ausstellungen","tag-charlie-cole","tag-daniele-tamagni","tag-eddie-adams","tag-fernando-brito","tag-jodie-bieber","tag-malcolm-w-browne","tag-world-press-photo"],"_links":{"self":[{"href":"https:\/\/www.damianzimmermann.de\/blog\/wp-json\/wp\/v2\/posts\/6341","targetHints":{"allow":["GET"]}}],"collection":[{"href":"https:\/\/www.damianzimmermann.de\/blog\/wp-json\/wp\/v2\/posts"}],"about":[{"href":"https:\/\/www.damianzimmermann.de\/blog\/wp-json\/wp\/v2\/types\/post"}],"author":[{"embeddable":true,"href":"https:\/\/www.damianzimmermann.de\/blog\/wp-json\/wp\/v2\/users\/1"}],"replies":[{"embeddable":true,"href":"https:\/\/www.damianzimmermann.de\/blog\/wp-json\/wp\/v2\/comments?post=6341"}],"version-history":[{"count":37,"href":"https:\/\/www.damianzimmermann.de\/blog\/wp-json\/wp\/v2\/posts\/6341\/revisions"}],"predecessor-version":[{"id":20544,"href":"https:\/\/www.damianzimmermann.de\/blog\/wp-json\/wp\/v2\/posts\/6341\/revisions\/20544"}],"wp:featuredmedia":[{"embeddable":true,"href":"https:\/\/www.damianzimmermann.de\/blog\/wp-json\/wp\/v2\/media\/6343"}],"wp:attachment":[{"href":"https:\/\/www.damianzimmermann.de\/blog\/wp-json\/wp\/v2\/media?parent=6341"}],"wp:term":[{"taxonomy":"category","embeddable":true,"href":"https:\/\/www.damianzimmermann.de\/blog\/wp-json\/wp\/v2\/categories?post=6341"},{"taxonomy":"post_tag","embeddable":true,"href":"https:\/\/www.damianzimmermann.de\/blog\/wp-json\/wp\/v2\/tags?post=6341"}],"curies":[{"name":"wp","href":"https:\/\/api.w.org\/{rel}","templated":true}]}}