{"id":6044,"date":"2011-06-07T12:47:12","date_gmt":"2011-06-07T10:47:12","guid":{"rendered":"http:\/\/www.damianzimmermann.de\/blog\/?p=6044"},"modified":"2019-03-26T16:22:00","modified_gmt":"2019-03-26T15:22:00","slug":"jeff-wall-im-bozar-in-brussel","status":"publish","type":"post","link":"https:\/\/www.damianzimmermann.de\/blog\/jeff-wall-im-bozar-in-brussel\/","title":{"rendered":"Jeff Wall im Bozar in Br\u00fcssel"},"content":{"rendered":"<p>Der Kanadier <strong>Jeff Wall<\/strong> geh\u00f6rt zu den wichtigsten Fotografen der Gegenwart. In seinen Bildern zitiert er h\u00e4ufig die Kunstgeschichte, ohne dass sie deshalb n\u00fcchtern oder akademisch wirken. Vor allem gelingt es ihm meist, dass seine Bilder wie Dokumentationen wirken, tats\u00e4chlich aber bis ins kleinste Detail inszeniert sind.<\/p>\n<p>In der gro\u00dfen Ausstellung &#8222;The Crooked Path&#8220; zeigt der <strong>Palast der Sch\u00f6nen K\u00fcnste &#8211; Bozar<\/strong> in Br\u00fcssel nun 25 Arbeiten von Jeff Wall und stellt sie 130 Arbeiten anderer K\u00fcnstler gegen\u00fcber, die Wall inspirieren und begleiten &#8211; darunter nat\u00fcrlich auch zahlreiche Fotografen wie <strong>August Sander<\/strong>, <strong>Bernd und Hilla Becher<\/strong>, <strong>Hans-Peter Feldmann<\/strong>, <strong>Andreas Gursky<\/strong>, <strong>Thomas Struth, <\/strong><strong>Stephen Shore<\/strong>, <strong>Walker Evans<\/strong> und <strong>Robert Frank<\/strong>.<\/p>\n<p>Meine ausf\u00fchrliche Besprechung \u00fcber diese besondere Ausstellung ist heute im K\u00f6lner Stadt-Anzeiger erschienen und gibt es <a href=\"https:\/\/www.damianzimmermann.de\/blog\/wp-content\/uploads\/Jeff-Wall.pdf\" target=\"_blank\" rel=\"noopener noreferrer\">hier<\/a>.<\/p>\n<p>Link: <a href=\"http:\/\/www.bozar.be\/activity.php?id=9139&amp;\" target=\"_blank\" rel=\"noopener noreferrer\">Bozar<\/a><\/p>\n\n\t\t<style type=\"text\/css\">\n\t\t\t#gallery-1 {\n\t\t\t\tmargin: auto;\n\t\t\t}\n\t\t\t#gallery-1 .gallery-item {\n\t\t\t\tfloat: left;\n\t\t\t\tmargin-top: 10px;\n\t\t\t\ttext-align: center;\n\t\t\t\twidth: 100%;\n\t\t\t}\n\t\t\t#gallery-1 img {\n\t\t\t\tborder: 2px solid #cfcfcf;\n\t\t\t}\n\t\t\t#gallery-1 .gallery-caption {\n\t\t\t\tmargin-left: 0;\n\t\t\t}\n\t\t\t\/* see gallery_shortcode() in wp-includes\/media.php *\/\n\t\t<\/style>\n\t\t<div id='gallery-1' class='gallery galleryid-6044 gallery-columns-1 gallery-size-large'><dl class='gallery-item'>\n\t\t\t<dt class='gallery-icon landscape'>\n\t\t\t\t<img loading=\"lazy\" decoding=\"async\" width=\"620\" height=\"560\" src=\"https:\/\/www.damianzimmermann.de\/blog\/wp-content\/uploads\/The-Thinker-1986-Transparency-in-lightbox-221-x-229-cm-\u00a9-Jeff-Wall-courtesy-of-the-artist.jpg\" class=\"attachment-large size-large\" alt=\"\" aria-describedby=\"gallery-1-6052\" srcset=\"https:\/\/www.damianzimmermann.de\/blog\/wp-content\/uploads\/The-Thinker-1986-Transparency-in-lightbox-221-x-229-cm-\u00a9-Jeff-Wall-courtesy-of-the-artist.jpg 900w, https:\/\/www.damianzimmermann.de\/blog\/wp-content\/uploads\/The-Thinker-1986-Transparency-in-lightbox-221-x-229-cm-\u00a9-Jeff-Wall-courtesy-of-the-artist-166x150.jpg 166w, https:\/\/www.damianzimmermann.de\/blog\/wp-content\/uploads\/The-Thinker-1986-Transparency-in-lightbox-221-x-229-cm-\u00a9-Jeff-Wall-courtesy-of-the-artist-400x361.jpg 400w\" sizes=\"auto, (max-width: 620px) 100vw, 620px\" \/>\n\t\t\t<\/dt>\n\t\t\t\t<dd class='wp-caption-text gallery-caption' id='gallery-1-6052'>\n\t\t\t\tJeff Wall: &#8222;The Thinker&#8220;, 1986, Transparency in lightbox &#8211; 221 x 229 cm \u00a9 Jeff Wall &#8211; courtesy of the artist\n\t\t\t\t<\/dd><\/dl><br style=\"clear: both\" \/><dl class='gallery-item'>\n\t\t\t<dt class='gallery-icon landscape'>\n\t\t\t\t<img loading=\"lazy\" decoding=\"async\" width=\"620\" height=\"502\" src=\"https:\/\/www.damianzimmermann.de\/blog\/wp-content\/uploads\/Jeff-Wall-Insomnia-1994-Transparency-in-lightbox-172-x-213.5-cm-courtesy-of-the-artist.jpg\" class=\"attachment-large size-large\" alt=\"\" aria-describedby=\"gallery-1-6048\" srcset=\"https:\/\/www.damianzimmermann.de\/blog\/wp-content\/uploads\/Jeff-Wall-Insomnia-1994-Transparency-in-lightbox-172-x-213.5-cm-courtesy-of-the-artist.jpg 900w, https:\/\/www.damianzimmermann.de\/blog\/wp-content\/uploads\/Jeff-Wall-Insomnia-1994-Transparency-in-lightbox-172-x-213.5-cm-courtesy-of-the-artist-185x150.jpg 185w, https:\/\/www.damianzimmermann.de\/blog\/wp-content\/uploads\/Jeff-Wall-Insomnia-1994-Transparency-in-lightbox-172-x-213.5-cm-courtesy-of-the-artist-400x323.jpg 400w\" sizes=\"auto, (max-width: 620px) 100vw, 620px\" \/>\n\t\t\t<\/dt>\n\t\t\t\t<dd class='wp-caption-text gallery-caption' id='gallery-1-6048'>\n\t\t\t\tJeff Wall: &#8222;Insomnia&#8220;, 1994, Transparency in lightbox &#8211; 172 x 213.5 cm &#8211; courtesy of the artist\n\t\t\t\t<\/dd><\/dl><br style=\"clear: both\" \/><dl class='gallery-item'>\n\t\t\t<dt class='gallery-icon landscape'>\n\t\t\t\t<img loading=\"lazy\" decoding=\"async\" width=\"620\" height=\"415\" src=\"https:\/\/www.damianzimmermann.de\/blog\/wp-content\/uploads\/In-front-of-a-nightclub-2006-\u00a9-Jeff-Wall-courtesy-of-the-artist.jpg\" class=\"attachment-large size-large\" alt=\"\" aria-describedby=\"gallery-1-6047\" srcset=\"https:\/\/www.damianzimmermann.de\/blog\/wp-content\/uploads\/In-front-of-a-nightclub-2006-\u00a9-Jeff-Wall-courtesy-of-the-artist.jpg 900w, https:\/\/www.damianzimmermann.de\/blog\/wp-content\/uploads\/In-front-of-a-nightclub-2006-\u00a9-Jeff-Wall-courtesy-of-the-artist-200x133.jpg 200w, https:\/\/www.damianzimmermann.de\/blog\/wp-content\/uploads\/In-front-of-a-nightclub-2006-\u00a9-Jeff-Wall-courtesy-of-the-artist-400x267.jpg 400w\" sizes=\"auto, (max-width: 620px) 100vw, 620px\" \/>\n\t\t\t<\/dt>\n\t\t\t\t<dd class='wp-caption-text gallery-caption' id='gallery-1-6047'>\n\t\t\t\tJeff Wall: &#8222;In front of a nightclub&#8220;, 2006 \u00a9 Jeff Wall &#8211; courtesy of the artist\n\t\t\t\t<\/dd><\/dl><br style=\"clear: both\" \/><dl class='gallery-item'>\n\t\t\t<dt class='gallery-icon landscape'>\n\t\t\t\t<img loading=\"lazy\" decoding=\"async\" width=\"620\" height=\"482\" src=\"https:\/\/www.damianzimmermann.de\/blog\/wp-content\/uploads\/Jeff-Wall-Tattoos-and-Shadows-2000-Transparency-in-lightbox-195.5-x-255-cm-courtesy-of-.jpg\" class=\"attachment-large size-large\" alt=\"\" aria-describedby=\"gallery-1-6050\" srcset=\"https:\/\/www.damianzimmermann.de\/blog\/wp-content\/uploads\/Jeff-Wall-Tattoos-and-Shadows-2000-Transparency-in-lightbox-195.5-x-255-cm-courtesy-of-.jpg 900w, https:\/\/www.damianzimmermann.de\/blog\/wp-content\/uploads\/Jeff-Wall-Tattoos-and-Shadows-2000-Transparency-in-lightbox-195.5-x-255-cm-courtesy-of--192x150.jpg 192w, https:\/\/www.damianzimmermann.de\/blog\/wp-content\/uploads\/Jeff-Wall-Tattoos-and-Shadows-2000-Transparency-in-lightbox-195.5-x-255-cm-courtesy-of--400x311.jpg 400w\" sizes=\"auto, (max-width: 620px) 100vw, 620px\" \/>\n\t\t\t<\/dt>\n\t\t\t\t<dd class='wp-caption-text gallery-caption' id='gallery-1-6050'>\n\t\t\t\tJeff Wall: &#8222;Tattoos and Shadows&#8220;, 2000, Transparency in lightbox &#8211; 195.5 x 255 cm &#8211; courtesy of\n\t\t\t\t<\/dd><\/dl><br style=\"clear: both\" \/><dl class='gallery-item'>\n\t\t\t<dt class='gallery-icon landscape'>\n\t\t\t\t<img loading=\"lazy\" decoding=\"async\" width=\"620\" height=\"459\" src=\"https:\/\/www.damianzimmermann.de\/blog\/wp-content\/uploads\/Jeff-Wall-Boy-Falling-from-Tree-2010-Colour-Photograph-3053-x-226-cm-Courtesy-of-the-artist.jpg\" class=\"attachment-large size-large\" alt=\"\" aria-describedby=\"gallery-1-6051\" srcset=\"https:\/\/www.damianzimmermann.de\/blog\/wp-content\/uploads\/Jeff-Wall-Boy-Falling-from-Tree-2010-Colour-Photograph-3053-x-226-cm-Courtesy-of-the-artist.jpg 900w, https:\/\/www.damianzimmermann.de\/blog\/wp-content\/uploads\/Jeff-Wall-Boy-Falling-from-Tree-2010-Colour-Photograph-3053-x-226-cm-Courtesy-of-the-artist-200x148.jpg 200w, https:\/\/www.damianzimmermann.de\/blog\/wp-content\/uploads\/Jeff-Wall-Boy-Falling-from-Tree-2010-Colour-Photograph-3053-x-226-cm-Courtesy-of-the-artist-400x296.jpg 400w\" sizes=\"auto, (max-width: 620px) 100vw, 620px\" \/>\n\t\t\t<\/dt>\n\t\t\t\t<dd class='wp-caption-text gallery-caption' id='gallery-1-6051'>\n\t\t\t\tJeff Wall: &#8222;Boy Falling from Tree&#8220;, 2010, Colour Photograph, 305,3 x 226 cm, Courtesy of the artist\n\t\t\t\t<\/dd><\/dl><br style=\"clear: both\" \/><dl class='gallery-item'>\n\t\t\t<dt class='gallery-icon landscape'>\n\t\t\t\t<img loading=\"lazy\" decoding=\"async\" width=\"620\" height=\"486\" src=\"https:\/\/www.damianzimmermann.de\/blog\/wp-content\/uploads\/Jeff-Wall-Overpass-2001-Transparency-in-lightbox-214-x-273.5-cm-courtesy-of-the-artist.jpg\" class=\"attachment-large size-large\" alt=\"\" aria-describedby=\"gallery-1-6049\" srcset=\"https:\/\/www.damianzimmermann.de\/blog\/wp-content\/uploads\/Jeff-Wall-Overpass-2001-Transparency-in-lightbox-214-x-273.5-cm-courtesy-of-the-artist.jpg 900w, https:\/\/www.damianzimmermann.de\/blog\/wp-content\/uploads\/Jeff-Wall-Overpass-2001-Transparency-in-lightbox-214-x-273.5-cm-courtesy-of-the-artist-191x150.jpg 191w, https:\/\/www.damianzimmermann.de\/blog\/wp-content\/uploads\/Jeff-Wall-Overpass-2001-Transparency-in-lightbox-214-x-273.5-cm-courtesy-of-the-artist-400x313.jpg 400w\" sizes=\"auto, (max-width: 620px) 100vw, 620px\" \/>\n\t\t\t<\/dt>\n\t\t\t\t<dd class='wp-caption-text gallery-caption' id='gallery-1-6049'>\n\t\t\t\tJeff Wall: &#8222;Overpass&#8220;, 2001, Transparency in lightbox &#8211; 214 x 273.5 cm &#8211; courtesy of the artist\n\t\t\t\t<\/dd><\/dl><br style=\"clear: both\" \/>\n\t\t<\/div>\n\n","protected":false},"excerpt":{"rendered":"<p>Der Kanadier Jeff Wall geh\u00f6rt zu den wichtigsten Fotografen der Gegenwart. In seinen Bildern zitiert er h\u00e4ufig die Kunstgeschichte, ohne dass sie deshalb n\u00fcchtern oder akademisch wirken. Vor&#8230;<\/p>\n","protected":false},"author":1,"featured_media":6052,"comment_status":"closed","ping_status":"open","sticky":false,"template":"","format":"standard","meta":{"footnotes":""},"categories":[6],"tags":[41,385,255,647,611,234,138,219,487],"class_list":["post-6044","post","type-post","status-publish","format-standard","has-post-thumbnail","hentry","category-ausstellungen","tag-andreas-gursky","tag-august-sander","tag-bernd-und-hilla-becher","tag-hans-peter-feldmann","tag-jeff-wall","tag-robert-frank","tag-stephen-shore","tag-thomas-struth","tag-walker-evans"],"_links":{"self":[{"href":"https:\/\/www.damianzimmermann.de\/blog\/wp-json\/wp\/v2\/posts\/6044","targetHints":{"allow":["GET"]}}],"collection":[{"href":"https:\/\/www.damianzimmermann.de\/blog\/wp-json\/wp\/v2\/posts"}],"about":[{"href":"https:\/\/www.damianzimmermann.de\/blog\/wp-json\/wp\/v2\/types\/post"}],"author":[{"embeddable":true,"href":"https:\/\/www.damianzimmermann.de\/blog\/wp-json\/wp\/v2\/users\/1"}],"replies":[{"embeddable":true,"href":"https:\/\/www.damianzimmermann.de\/blog\/wp-json\/wp\/v2\/comments?post=6044"}],"version-history":[{"count":18,"href":"https:\/\/www.damianzimmermann.de\/blog\/wp-json\/wp\/v2\/posts\/6044\/revisions"}],"predecessor-version":[{"id":20550,"href":"https:\/\/www.damianzimmermann.de\/blog\/wp-json\/wp\/v2\/posts\/6044\/revisions\/20550"}],"wp:featuredmedia":[{"embeddable":true,"href":"https:\/\/www.damianzimmermann.de\/blog\/wp-json\/wp\/v2\/media\/6052"}],"wp:attachment":[{"href":"https:\/\/www.damianzimmermann.de\/blog\/wp-json\/wp\/v2\/media?parent=6044"}],"wp:term":[{"taxonomy":"category","embeddable":true,"href":"https:\/\/www.damianzimmermann.de\/blog\/wp-json\/wp\/v2\/categories?post=6044"},{"taxonomy":"post_tag","embeddable":true,"href":"https:\/\/www.damianzimmermann.de\/blog\/wp-json\/wp\/v2\/tags?post=6044"}],"curies":[{"name":"wp","href":"https:\/\/api.w.org\/{rel}","templated":true}]}}