{"id":5967,"date":"2011-05-18T13:02:53","date_gmt":"2011-05-18T11:02:53","guid":{"rendered":"http:\/\/www.damianzimmermann.de\/blog\/?p=5967"},"modified":"2019-03-26T16:26:39","modified_gmt":"2019-03-26T15:26:39","slug":"nadav-kander-im-forum-fur-fotografie","status":"publish","type":"post","link":"https:\/\/www.damianzimmermann.de\/blog\/nadav-kander-im-forum-fur-fotografie\/","title":{"rendered":"Nadav Kander im Forum f\u00fcr Fotografie"},"content":{"rendered":"<p>Das wunderbare Buch &#8222;Yangtze&#8220; von <strong>Nadav Kander<\/strong> habe ich bereits vorgestellt, nun sind die Bilder aber auch in einer Ausstellung im <strong>Forum f\u00fcr Fotografie<\/strong> zu sehen &#8211; als gro\u00dfformatige Abz\u00fcge. Warum beide Pr\u00e4sentationsformen ihren Reiz haben, erfahrt ihr in meiner ausf\u00fchrlichen Besprechung, die heute im\u00a0<a href=\"https:\/\/www.damianzimmermann.de\/blog\/wp-content\/uploads\/Kander1.pdf\" target=\"_blank\" rel=\"noopener noreferrer\">Ksta<\/a> erschienen ist.<\/p>\n<p>Link: <a href=\"http:\/\/www.forum-fotografie.info\/index.php\/ausstellungen-im-forum-fuer-fotografie\/60-nadav-kander\" target=\"_blank\" rel=\"noopener noreferrer\">Forum f\u00fcr Fotografie<\/a><\/p>\n\n\t\t<style type=\"text\/css\">\n\t\t\t#gallery-1 {\n\t\t\t\tmargin: auto;\n\t\t\t}\n\t\t\t#gallery-1 .gallery-item {\n\t\t\t\tfloat: left;\n\t\t\t\tmargin-top: 10px;\n\t\t\t\ttext-align: center;\n\t\t\t\twidth: 100%;\n\t\t\t}\n\t\t\t#gallery-1 img {\n\t\t\t\tborder: 2px solid #cfcfcf;\n\t\t\t}\n\t\t\t#gallery-1 .gallery-caption {\n\t\t\t\tmargin-left: 0;\n\t\t\t}\n\t\t\t\/* see gallery_shortcode() in wp-includes\/media.php *\/\n\t\t<\/style>\n\t\t<div id='gallery-1' class='gallery galleryid-5967 gallery-columns-1 gallery-size-large'><dl class='gallery-item'>\n\t\t\t<dt class='gallery-icon landscape'>\n\t\t\t\t<img loading=\"lazy\" decoding=\"async\" width=\"620\" height=\"486\" src=\"https:\/\/www.damianzimmermann.de\/blog\/wp-content\/uploads\/05CH-Chongqing-XI-Chongqing-Municipality-2007.jpg\" class=\"attachment-large size-large\" alt=\"\" aria-describedby=\"gallery-1-5976\" srcset=\"https:\/\/www.damianzimmermann.de\/blog\/wp-content\/uploads\/05CH-Chongqing-XI-Chongqing-Municipality-2007.jpg 900w, https:\/\/www.damianzimmermann.de\/blog\/wp-content\/uploads\/05CH-Chongqing-XI-Chongqing-Municipality-2007-191x150.jpg 191w, https:\/\/www.damianzimmermann.de\/blog\/wp-content\/uploads\/05CH-Chongqing-XI-Chongqing-Municipality-2007-400x313.jpg 400w\" sizes=\"auto, (max-width: 620px) 100vw, 620px\" \/>\n\t\t\t<\/dt>\n\t\t\t\t<dd class='wp-caption-text gallery-caption' id='gallery-1-5976'>\n\t\t\t\tNadav Kander: &#8222;Chongqing XI, Chongqing Municipality&#8220;, 2007 \u00a9 Nadav Kander\n\t\t\t\t<\/dd><\/dl><br style=\"clear: both\" \/><dl class='gallery-item'>\n\t\t\t<dt class='gallery-icon landscape'>\n\t\t\t\t<img loading=\"lazy\" decoding=\"async\" width=\"620\" height=\"490\" src=\"https:\/\/www.damianzimmermann.de\/blog\/wp-content\/uploads\/05CH-Chongqing-II-Chongqing-Municipality-2.jpg\" class=\"attachment-large size-large\" alt=\"\" aria-describedby=\"gallery-1-5975\" srcset=\"https:\/\/www.damianzimmermann.de\/blog\/wp-content\/uploads\/05CH-Chongqing-II-Chongqing-Municipality-2.jpg 900w, https:\/\/www.damianzimmermann.de\/blog\/wp-content\/uploads\/05CH-Chongqing-II-Chongqing-Municipality-2-189x150.jpg 189w, https:\/\/www.damianzimmermann.de\/blog\/wp-content\/uploads\/05CH-Chongqing-II-Chongqing-Municipality-2-400x316.jpg 400w\" sizes=\"auto, (max-width: 620px) 100vw, 620px\" \/>\n\t\t\t<\/dt>\n\t\t\t\t<dd class='wp-caption-text gallery-caption' id='gallery-1-5975'>\n\t\t\t\tNadav Kander: &#8222;Chongqing II, Chongqing Municipality&#8220;, 2006 \u00a9 Nadav Kander\n\t\t\t\t<\/dd><\/dl><br style=\"clear: both\" \/><dl class='gallery-item'>\n\t\t\t<dt class='gallery-icon landscape'>\n\t\t\t\t<img loading=\"lazy\" decoding=\"async\" width=\"620\" height=\"486\" src=\"https:\/\/www.damianzimmermann.de\/blog\/wp-content\/uploads\/Nadav-Kander-3.jpg\" class=\"attachment-large size-large\" alt=\"\" aria-describedby=\"gallery-1-5978\" srcset=\"https:\/\/www.damianzimmermann.de\/blog\/wp-content\/uploads\/Nadav-Kander-3.jpg 900w, https:\/\/www.damianzimmermann.de\/blog\/wp-content\/uploads\/Nadav-Kander-3-191x150.jpg 191w, https:\/\/www.damianzimmermann.de\/blog\/wp-content\/uploads\/Nadav-Kander-3-400x313.jpg 400w\" sizes=\"auto, (max-width: 620px) 100vw, 620px\" \/>\n\t\t\t<\/dt>\n\t\t\t\t<dd class='wp-caption-text gallery-caption' id='gallery-1-5978'>\n\t\t\t\tNadav Kander: &#8222;Chongqing VI (Sunday Afternoon), Chongqing Municipality&#8220;, 2006 \u00a9 Nadav Kander\n\t\t\t\t<\/dd><\/dl><br style=\"clear: both\" \/><dl class='gallery-item'>\n\t\t\t<dt class='gallery-icon landscape'>\n\t\t\t\t<img loading=\"lazy\" decoding=\"async\" width=\"620\" height=\"486\" src=\"https:\/\/www.damianzimmermann.de\/blog\/wp-content\/uploads\/Nadav-Kander-2.jpg\" class=\"attachment-large size-large\" alt=\"\" aria-describedby=\"gallery-1-5977\" srcset=\"https:\/\/www.damianzimmermann.de\/blog\/wp-content\/uploads\/Nadav-Kander-2.jpg 900w, https:\/\/www.damianzimmermann.de\/blog\/wp-content\/uploads\/Nadav-Kander-2-191x150.jpg 191w, https:\/\/www.damianzimmermann.de\/blog\/wp-content\/uploads\/Nadav-Kander-2-400x313.jpg 400w\" sizes=\"auto, (max-width: 620px) 100vw, 620px\" \/>\n\t\t\t<\/dt>\n\t\t\t\t<dd class='wp-caption-text gallery-caption' id='gallery-1-5977'>\n\t\t\t\tNadav Kander: &#8222;Chongqing I, Chongqing Municipality&#8220;, 2006 \u00a9 Nadav Kander\n\t\t\t\t<\/dd><\/dl><br style=\"clear: both\" \/>\n\t\t<\/div>\n\n","protected":false},"excerpt":{"rendered":"<p>Das wunderbare Buch &#8222;Yangtze&#8220; von Nadav Kander habe ich bereits vorgestellt, nun sind die Bilder aber auch in einer Ausstellung im Forum f\u00fcr Fotografie zu sehen &#8211; als&#8230;<\/p>\n","protected":false},"author":1,"featured_media":5978,"comment_status":"closed","ping_status":"open","sticky":false,"template":"","format":"standard","meta":{"footnotes":""},"categories":[6],"tags":[499],"class_list":["post-5967","post","type-post","status-publish","format-standard","has-post-thumbnail","hentry","category-ausstellungen","tag-nadav-kander"],"_links":{"self":[{"href":"https:\/\/www.damianzimmermann.de\/blog\/wp-json\/wp\/v2\/posts\/5967","targetHints":{"allow":["GET"]}}],"collection":[{"href":"https:\/\/www.damianzimmermann.de\/blog\/wp-json\/wp\/v2\/posts"}],"about":[{"href":"https:\/\/www.damianzimmermann.de\/blog\/wp-json\/wp\/v2\/types\/post"}],"author":[{"embeddable":true,"href":"https:\/\/www.damianzimmermann.de\/blog\/wp-json\/wp\/v2\/users\/1"}],"replies":[{"embeddable":true,"href":"https:\/\/www.damianzimmermann.de\/blog\/wp-json\/wp\/v2\/comments?post=5967"}],"version-history":[{"count":11,"href":"https:\/\/www.damianzimmermann.de\/blog\/wp-json\/wp\/v2\/posts\/5967\/revisions"}],"predecessor-version":[{"id":20553,"href":"https:\/\/www.damianzimmermann.de\/blog\/wp-json\/wp\/v2\/posts\/5967\/revisions\/20553"}],"wp:featuredmedia":[{"embeddable":true,"href":"https:\/\/www.damianzimmermann.de\/blog\/wp-json\/wp\/v2\/media\/5978"}],"wp:attachment":[{"href":"https:\/\/www.damianzimmermann.de\/blog\/wp-json\/wp\/v2\/media?parent=5967"}],"wp:term":[{"taxonomy":"category","embeddable":true,"href":"https:\/\/www.damianzimmermann.de\/blog\/wp-json\/wp\/v2\/categories?post=5967"},{"taxonomy":"post_tag","embeddable":true,"href":"https:\/\/www.damianzimmermann.de\/blog\/wp-json\/wp\/v2\/tags?post=5967"}],"curies":[{"name":"wp","href":"https:\/\/api.w.org\/{rel}","templated":true}]}}