{"id":5619,"date":"2011-04-17T19:00:15","date_gmt":"2011-04-17T17:00:15","guid":{"rendered":"http:\/\/www.damianzimmermann.de\/blog\/?p=5619"},"modified":"2019-03-26T18:29:38","modified_gmt":"2019-03-26T17:29:38","slug":"brasilia-von-rene-burri","status":"publish","type":"post","link":"https:\/\/www.damianzimmermann.de\/blog\/brasilia-von-rene-burri\/","title":{"rendered":"&#8222;Brasilia&#8220; von Ren\u00e9 Burri"},"content":{"rendered":"<p>Das Buch beginnt mit dem Blick durch die Windschutzscheibe auf eine wolkenverhangene Stra\u00dfe in einer kargen Landschaft. Ein Auto und ein Lkw fahren vorweg, gleichzeitig kommt dem Betrachter ein Flugzeug im Tiefflug entgegen, als wolle es auf der Stra\u00dfe landen. Es k\u00f6nnte aber auch gerade erst starten, also den Ort verlassen, dem der Fotograf gerade entgegenf\u00e4hrt. Es steckt viel Aufbruchsstimmung in diesem Bild. Aber auch Gr\u00f6\u00dfenwahn, denn es macht deutlich, wo man sich gerade befindet: Mitten im Nirgendwo.<\/p>\n<p>Das letzte Bild im Buch ist von \u00e4hnlichem Symbolcharakter: Es zeigt wieder eine Stra\u00dfe in einer kargen Landschaft, allerdings stehen links und rechts bereits gro\u00dfe H\u00e4userbl\u00f6cke in Reih und Glied. Im Vordergrund hockt ein Mann, vermutlich ein Arbeiter, ungesch\u00fctzt in der prallen Sonne auf einem erh\u00f6ht liegenden Betonfu\u00dfboden. Ob er arbeitet oder eine Pause macht, wei\u00df man nicht so recht, aber es wirkt, als throne er \u00fcber der Stadt, die er gerade mit seinen eigenen H\u00e4nden baut.<\/p>\n<p>Zwischen diesen beiden Aufnahmen wird nichts Geringeres als die Entstehungsgeschichte einer ganzen Stadt erz\u00e4hlt: Der Schweizer Magnum-Fotograf <strong>Ren\u00e9 Burri<\/strong> dokumentierte die aus dem Boden gestampfte Hauptstadt Brasiliens von 1958 bis 1997. Immer wieder ist er zur\u00fcckgekehrt, hat erst ihren Aufbau und ihre Einweihung am 21. April 1960, sp\u00e4ter dann das Alltagsleben festgehalten. In dem Buch &#8222;Brasilia&#8220;, das im Verlag<strong> Scheidegger &amp; Spiess<\/strong> (224 Seiten, 77 Euro) erschienen ist, sind nun 104 Farb- sowie 118 Schwarzwei\u00dfaufnahmen zusammengefasst. Es zeigt die ungeheuren Anstrengungen und die Aufbruchsstimmung der damaligen Zeit sowie die vision\u00e4ren Dimensionen Brasilias: Der Betrachter sieht, wie eine Utopie verwirklicht wird, er sieht die Stadt fernab jeglicher Zivilisation wachsen, Architekten und Arbeiter, Schlamm und Beton, \u00f6de Landschaft und vision\u00e4re Geb\u00e4ude. Burri richtet den Blick genauso auf die Architektur wie auf den Menschen, er zeigt Arbeiter, die wie gepl\u00e4ttet im Schatten eines Baggerauslegers liegen, und das ber\u00fchmte Kongressgeb\u00e4ude mit seiner Kuppel und zahlreichen Menschen davor &#8211; allerdings so schr\u00e4g fotografiert, als w\u00fcrde das Haus gleich umkippen und die Passanten rechts aus dem Bild purzeln.<\/p>\n<p>Vor allem zeigt Burri den Wahnsinn und die Ambivalenz, die hinter diesem Bauprojekt stecken und die ihresgleichen suchen. Zu meinen Lieblingsbildern geh\u00f6rt dann auch die Aufnahme eines am Bau beteiligten Arbeiters mit seiner Frau und den vier Kindern, die unter den eleganten B\u00f6gen des Pal\u00e1cio do Planalto stehen: Sie haben sich schick gemacht, sind alle im festlichen Wei\u00df erschienen, denn der Ehemann und Vater pr\u00e4sentiert seiner Familie das Resultat seiner jahrelangen, harten Arbeit. Die sechs Personen f\u00fcgen sich in das Bild ein und sind gleichzeitig Fremdk\u00f6rper, wirken erhaben und winzig klein, deplatziert und zugeh\u00f6rig zugleich. Vor allem wirken sie wie Menschen, die stolz sind auf das, was sie geleistet haben, und die zugleich vom Ergebnis vollkommen fasziniert sind. Kein Wunder, denn wer kann schon von sich behaupten, eine ganze Hauptstadt mit aufgebaut zu haben?<\/p>\n<p>Links: <a href=\"http:\/\/www.scheidegger-spiess.ch\/fullinfo.php?id=370\" target=\"_blank\" rel=\"noopener noreferrer\">Scheidegger &amp; Spiess<\/a><\/p>\n\n\t\t<style type=\"text\/css\">\n\t\t\t#gallery-1 {\n\t\t\t\tmargin: auto;\n\t\t\t}\n\t\t\t#gallery-1 .gallery-item {\n\t\t\t\tfloat: left;\n\t\t\t\tmargin-top: 10px;\n\t\t\t\ttext-align: center;\n\t\t\t\twidth: 100%;\n\t\t\t}\n\t\t\t#gallery-1 img {\n\t\t\t\tborder: 2px solid #cfcfcf;\n\t\t\t}\n\t\t\t#gallery-1 .gallery-caption {\n\t\t\t\tmargin-left: 0;\n\t\t\t}\n\t\t\t\/* see gallery_shortcode() in wp-includes\/media.php *\/\n\t\t<\/style>\n\t\t<div id='gallery-1' class='gallery galleryid-5619 gallery-columns-1 gallery-size-large'><dl class='gallery-item'>\n\t\t\t<dt class='gallery-icon portrait'>\n\t\t\t\t<img loading=\"lazy\" decoding=\"async\" width=\"620\" height=\"838\" src=\"https:\/\/www.damianzimmermann.de\/blog\/wp-content\/uploads\/Brasilia-Cover.jpg\" class=\"attachment-large size-large\" alt=\"\" aria-describedby=\"gallery-1-5624\" srcset=\"https:\/\/www.damianzimmermann.de\/blog\/wp-content\/uploads\/Brasilia-Cover.jpg 666w, https:\/\/www.damianzimmermann.de\/blog\/wp-content\/uploads\/Brasilia-Cover-111x150.jpg 111w, https:\/\/www.damianzimmermann.de\/blog\/wp-content\/uploads\/Brasilia-Cover-296x400.jpg 296w\" sizes=\"auto, (max-width: 620px) 100vw, 620px\" \/>\n\t\t\t<\/dt>\n\t\t\t\t<dd class='wp-caption-text gallery-caption' id='gallery-1-5624'>\n\t\t\t\tRen\u00e9 Burri: &#8222;Brasilia&#8220;, Cover \u00a9 2011 Ren\u00e9 Burri \/ Magnum Photos\n\t\t\t\t<\/dd><\/dl><br style=\"clear: both\" \/><dl class='gallery-item'>\n\t\t\t<dt class='gallery-icon landscape'>\n\t\t\t\t<img loading=\"lazy\" decoding=\"async\" width=\"620\" height=\"418\" src=\"https:\/\/www.damianzimmermann.de\/blog\/wp-content\/uploads\/Brasilia-p026-027.jpg\" class=\"attachment-large size-large\" alt=\"\" aria-describedby=\"gallery-1-5626\" srcset=\"https:\/\/www.damianzimmermann.de\/blog\/wp-content\/uploads\/Brasilia-p026-027.jpg 900w, https:\/\/www.damianzimmermann.de\/blog\/wp-content\/uploads\/Brasilia-p026-027-200x134.jpg 200w, https:\/\/www.damianzimmermann.de\/blog\/wp-content\/uploads\/Brasilia-p026-027-400x269.jpg 400w\" sizes=\"auto, (max-width: 620px) 100vw, 620px\" \/>\n\t\t\t<\/dt>\n\t\t\t\t<dd class='wp-caption-text gallery-caption' id='gallery-1-5626'>\n\t\t\t\tAus dem Buch &#8222;Brasilia&#8220; von Ren\u00e9 Burri: Der Pal\u00e1cio da Alvorada (der Palast der Morgend\u00e4mmerung, Architekt Oscar Niemeyer), 1960. Der Palast des Pr\u00e4sidenten vor dem inzwischen aufgestauten Lago Parano\u00e1. Die weisse Fl\u00e4che im Vordergrund rechts ist der Heliport; darunter befinden sich Servicer\u00e4ume und Garagen. \u00a9 2011 Ren\u00e9 Burri \/ Magnum Photos\n\t\t\t\t<\/dd><\/dl><br style=\"clear: both\" \/>\n\t\t<\/div>\n\n","protected":false},"excerpt":{"rendered":"<p>Das Buch beginnt mit dem Blick durch die Windschutzscheibe auf eine wolkenverhangene Stra\u00dfe in einer kargen Landschaft. Ein Auto und ein Lkw fahren vorweg, gleichzeitig kommt dem Betrachter&#8230;<\/p>\n","protected":false},"author":1,"featured_media":5624,"comment_status":"closed","ping_status":"open","sticky":false,"template":"","format":"standard","meta":{"footnotes":""},"categories":[7],"tags":[381],"class_list":["post-5619","post","type-post","status-publish","format-standard","has-post-thumbnail","hentry","category-fotobuecher","tag-rene-burri"],"_links":{"self":[{"href":"https:\/\/www.damianzimmermann.de\/blog\/wp-json\/wp\/v2\/posts\/5619","targetHints":{"allow":["GET"]}}],"collection":[{"href":"https:\/\/www.damianzimmermann.de\/blog\/wp-json\/wp\/v2\/posts"}],"about":[{"href":"https:\/\/www.damianzimmermann.de\/blog\/wp-json\/wp\/v2\/types\/post"}],"author":[{"embeddable":true,"href":"https:\/\/www.damianzimmermann.de\/blog\/wp-json\/wp\/v2\/users\/1"}],"replies":[{"embeddable":true,"href":"https:\/\/www.damianzimmermann.de\/blog\/wp-json\/wp\/v2\/comments?post=5619"}],"version-history":[{"count":42,"href":"https:\/\/www.damianzimmermann.de\/blog\/wp-json\/wp\/v2\/posts\/5619\/revisions"}],"predecessor-version":[{"id":20562,"href":"https:\/\/www.damianzimmermann.de\/blog\/wp-json\/wp\/v2\/posts\/5619\/revisions\/20562"}],"wp:featuredmedia":[{"embeddable":true,"href":"https:\/\/www.damianzimmermann.de\/blog\/wp-json\/wp\/v2\/media\/5624"}],"wp:attachment":[{"href":"https:\/\/www.damianzimmermann.de\/blog\/wp-json\/wp\/v2\/media?parent=5619"}],"wp:term":[{"taxonomy":"category","embeddable":true,"href":"https:\/\/www.damianzimmermann.de\/blog\/wp-json\/wp\/v2\/categories?post=5619"},{"taxonomy":"post_tag","embeddable":true,"href":"https:\/\/www.damianzimmermann.de\/blog\/wp-json\/wp\/v2\/tags?post=5619"}],"curies":[{"name":"wp","href":"https:\/\/api.w.org\/{rel}","templated":true}]}}