{"id":5585,"date":"2011-04-07T21:45:44","date_gmt":"2011-04-07T19:45:44","guid":{"rendered":"http:\/\/www.damianzimmermann.de\/blog\/?p=5585"},"modified":"2019-03-26T18:33:04","modified_gmt":"2019-03-26T17:33:04","slug":"martina-sauter-bei-marion-scharmann","status":"publish","type":"post","link":"https:\/\/www.damianzimmermann.de\/blog\/martina-sauter-bei-marion-scharmann\/","title":{"rendered":"Martina Sauter bei Marion Scharmann"},"content":{"rendered":"<p>Die 1974 geborene <strong>Martina Sauter<\/strong> zeigt in der <strong>Galerie Marion Scharmann<\/strong> neue Arbeiten. Besonders ist dabei ihr Vorgehen: Die Meistersch\u00fclerin von <strong>Thomas Ruff<\/strong> an der Kunstakademie in D\u00fcsseldorf nutzt meist zwei Fotografien, die sie trotz ihrer sehr klassischen Pr\u00e4sentation auf Dibond oder im gerahmten Passepartout \u00fcbereinander legt.<\/p>\n<p>Meine Besprechung, die heute im Ksta erschienen ist, findet ihr <a href=\"https:\/\/www.damianzimmermann.de\/blog\/wp-content\/uploads\/155-Martina-Sauter.pdf\" target=\"_blank\" rel=\"noopener noreferrer\">hier<\/a>.<\/p>\n<p>Link: <a href=\"http:\/\/www.marion-scharmann.com\/xd\/public\/content\/index.html?pid=551\" target=\"_blank\" rel=\"noopener noreferrer\">Galerie Marion Scharmann<\/a><\/p>\n\n\t\t<style type=\"text\/css\">\n\t\t\t#gallery-1 {\n\t\t\t\tmargin: auto;\n\t\t\t}\n\t\t\t#gallery-1 .gallery-item {\n\t\t\t\tfloat: left;\n\t\t\t\tmargin-top: 10px;\n\t\t\t\ttext-align: center;\n\t\t\t\twidth: 100%;\n\t\t\t}\n\t\t\t#gallery-1 img {\n\t\t\t\tborder: 2px solid #cfcfcf;\n\t\t\t}\n\t\t\t#gallery-1 .gallery-caption {\n\t\t\t\tmargin-left: 0;\n\t\t\t}\n\t\t\t\/* see gallery_shortcode() in wp-includes\/media.php *\/\n\t\t<\/style>\n\t\t<div id='gallery-1' class='gallery galleryid-5585 gallery-columns-1 gallery-size-large'><dl class='gallery-item'>\n\t\t\t<dt class='gallery-icon landscape'>\n\t\t\t\t<img loading=\"lazy\" decoding=\"async\" width=\"620\" height=\"617\" src=\"https:\/\/www.damianzimmermann.de\/blog\/wp-content\/uploads\/Sauter-Vorhang.jpg\" class=\"attachment-large size-large\" alt=\"\" aria-describedby=\"gallery-1-5603\" srcset=\"https:\/\/www.damianzimmermann.de\/blog\/wp-content\/uploads\/Sauter-Vorhang.jpg 900w, https:\/\/www.damianzimmermann.de\/blog\/wp-content\/uploads\/Sauter-Vorhang-150x150.jpg 150w, https:\/\/www.damianzimmermann.de\/blog\/wp-content\/uploads\/Sauter-Vorhang-400x398.jpg 400w\" sizes=\"auto, (max-width: 620px) 100vw, 620px\" \/>\n\t\t\t<\/dt>\n\t\t\t\t<dd class='wp-caption-text gallery-caption' id='gallery-1-5603'>\n\t\t\t\tMartina Sauter: &#8222;Vorhang&#8220;, 2005, zweiteilige C-Print-Collage hinter Diasec, 150 x 155 cm \u00a9 Martina Sauter, Courtesy Marion Scharmann, K\u00f6ln\n\t\t\t\t<\/dd><\/dl><br style=\"clear: both\" \/><dl class='gallery-item'>\n\t\t\t<dt class='gallery-icon landscape'>\n\t\t\t\t<img loading=\"lazy\" decoding=\"async\" width=\"620\" height=\"421\" src=\"https:\/\/www.damianzimmermann.de\/blog\/wp-content\/uploads\/treppenhaus.jpg\" class=\"attachment-large size-large\" alt=\"\" aria-describedby=\"gallery-1-5604\" srcset=\"https:\/\/www.damianzimmermann.de\/blog\/wp-content\/uploads\/treppenhaus.jpg 900w, https:\/\/www.damianzimmermann.de\/blog\/wp-content\/uploads\/treppenhaus-200x135.jpg 200w, https:\/\/www.damianzimmermann.de\/blog\/wp-content\/uploads\/treppenhaus-400x271.jpg 400w\" sizes=\"auto, (max-width: 620px) 100vw, 620px\" \/>\n\t\t\t<\/dt>\n\t\t\t\t<dd class='wp-caption-text gallery-caption' id='gallery-1-5604'>\n\t\t\t\tMartina Sauter: &#8222;Treppenhaus&#8220;, 2011, 30 x 44 cm, 2-teilige C-Print-Collage, gerahmt \u00a9 Martina Sauter, Courtesy Marion Scharmann, K\u00f6ln\n\t\t\t\t<\/dd><\/dl><br style=\"clear: both\" \/><dl class='gallery-item'>\n\t\t\t<dt class='gallery-icon portrait'>\n\t\t\t\t<img loading=\"lazy\" decoding=\"async\" width=\"598\" height=\"900\" src=\"https:\/\/www.damianzimmermann.de\/blog\/wp-content\/uploads\/leiter.jpg\" class=\"attachment-large size-large\" alt=\"\" aria-describedby=\"gallery-1-5600\" srcset=\"https:\/\/www.damianzimmermann.de\/blog\/wp-content\/uploads\/leiter.jpg 598w, https:\/\/www.damianzimmermann.de\/blog\/wp-content\/uploads\/leiter-99x150.jpg 99w, https:\/\/www.damianzimmermann.de\/blog\/wp-content\/uploads\/leiter-265x400.jpg 265w\" sizes=\"auto, (max-width: 598px) 100vw, 598px\" \/>\n\t\t\t<\/dt>\n\t\t\t\t<dd class='wp-caption-text gallery-caption' id='gallery-1-5600'>\n\t\t\t\tMartina Sauter: &#8222;Leiter&#8220;, 2011, 30 x 19 cm 2-teilige C-Print-Collage auf Aluminium \u00a9 Martina Sauter, Courtesy Marion Scharmann, K\u00f6ln\n\t\t\t\t<\/dd><\/dl><br style=\"clear: both\" \/><dl class='gallery-item'>\n\t\t\t<dt class='gallery-icon portrait'>\n\t\t\t\t<img loading=\"lazy\" decoding=\"async\" width=\"620\" height=\"778\" src=\"https:\/\/www.damianzimmermann.de\/blog\/wp-content\/uploads\/M_Sauter_Tapete.jpg\" class=\"attachment-large size-large\" alt=\"\" aria-describedby=\"gallery-1-5601\" srcset=\"https:\/\/www.damianzimmermann.de\/blog\/wp-content\/uploads\/M_Sauter_Tapete.jpg 717w, https:\/\/www.damianzimmermann.de\/blog\/wp-content\/uploads\/M_Sauter_Tapete-119x150.jpg 119w, https:\/\/www.damianzimmermann.de\/blog\/wp-content\/uploads\/M_Sauter_Tapete-318x400.jpg 318w\" sizes=\"auto, (max-width: 620px) 100vw, 620px\" \/>\n\t\t\t<\/dt>\n\t\t\t\t<dd class='wp-caption-text gallery-caption' id='gallery-1-5601'>\n\t\t\t\tMartina Sauter: &#8222;Tapete&#8220;, 2007\/08, C-Print hinter Diasec, 140 x 115 cm  \u00a9 Martina Sauter, Courtesy Marion Scharmann, K\u00f6ln\n\t\t\t\t<\/dd><\/dl><br style=\"clear: both\" \/><dl class='gallery-item'>\n\t\t\t<dt class='gallery-icon portrait'>\n\t\t\t\t<img loading=\"lazy\" decoding=\"async\" width=\"620\" height=\"689\" src=\"https:\/\/www.damianzimmermann.de\/blog\/wp-content\/uploads\/Sauter-5-tueren.jpg\" class=\"attachment-large size-large\" alt=\"\" aria-describedby=\"gallery-1-5602\" srcset=\"https:\/\/www.damianzimmermann.de\/blog\/wp-content\/uploads\/Sauter-5-tueren.jpg 810w, https:\/\/www.damianzimmermann.de\/blog\/wp-content\/uploads\/Sauter-5-tueren-135x150.jpg 135w, https:\/\/www.damianzimmermann.de\/blog\/wp-content\/uploads\/Sauter-5-tueren-360x400.jpg 360w\" sizes=\"auto, (max-width: 620px) 100vw, 620px\" \/>\n\t\t\t<\/dt>\n\t\t\t\t<dd class='wp-caption-text gallery-caption' id='gallery-1-5602'>\n\t\t\t\tMartina Sauter: &#8222;5 T\u00fcren&#8220;, 2007, zweiteilige C-Print-Collage hinter Diasec,135 x 122 cm \u00a9 Martina Sauter, Courtesy Marion Scharmann, K\u00f6ln\n\t\t\t\t<\/dd><\/dl><br style=\"clear: both\" \/><dl class='gallery-item'>\n\t\t\t<dt class='gallery-icon portrait'>\n\t\t\t\t<img loading=\"lazy\" decoding=\"async\" width=\"620\" height=\"801\" src=\"https:\/\/www.damianzimmermann.de\/blog\/wp-content\/uploads\/camille.jpg\" class=\"attachment-large size-large\" alt=\"\" aria-describedby=\"gallery-1-5599\" srcset=\"https:\/\/www.damianzimmermann.de\/blog\/wp-content\/uploads\/camille.jpg 697w, https:\/\/www.damianzimmermann.de\/blog\/wp-content\/uploads\/camille-116x150.jpg 116w, https:\/\/www.damianzimmermann.de\/blog\/wp-content\/uploads\/camille-309x400.jpg 309w\" sizes=\"auto, (max-width: 620px) 100vw, 620px\" \/>\n\t\t\t<\/dt>\n\t\t\t\t<dd class='wp-caption-text gallery-caption' id='gallery-1-5599'>\n\t\t\t\tMartina Sauter: &#8222;Camille&#8220;, 2011, 30 x 23 cm 2-teilige C-Print-Collage, gerahmt \u00a9 Martina Sauter, Courtesy Marion Scharmann, K\u00f6ln\n\t\t\t\t<\/dd><\/dl><br style=\"clear: both\" \/>\n\t\t<\/div>\n\n","protected":false},"excerpt":{"rendered":"<p>Die 1974 geborene Martina Sauter zeigt in der Galerie Marion Scharmann neue Arbeiten. Besonders ist dabei ihr Vorgehen: Die Meistersch\u00fclerin von Thomas Ruff an der Kunstakademie in D\u00fcsseldorf&#8230;<\/p>\n","protected":false},"author":1,"featured_media":5601,"comment_status":"closed","ping_status":"open","sticky":false,"template":"","format":"standard","meta":{"footnotes":""},"categories":[6],"tags":[131,252],"class_list":["post-5585","post","type-post","status-publish","format-standard","has-post-thumbnail","hentry","category-ausstellungen","tag-martina-sauter","tag-thomas-ruff"],"_links":{"self":[{"href":"https:\/\/www.damianzimmermann.de\/blog\/wp-json\/wp\/v2\/posts\/5585","targetHints":{"allow":["GET"]}}],"collection":[{"href":"https:\/\/www.damianzimmermann.de\/blog\/wp-json\/wp\/v2\/posts"}],"about":[{"href":"https:\/\/www.damianzimmermann.de\/blog\/wp-json\/wp\/v2\/types\/post"}],"author":[{"embeddable":true,"href":"https:\/\/www.damianzimmermann.de\/blog\/wp-json\/wp\/v2\/users\/1"}],"replies":[{"embeddable":true,"href":"https:\/\/www.damianzimmermann.de\/blog\/wp-json\/wp\/v2\/comments?post=5585"}],"version-history":[{"count":23,"href":"https:\/\/www.damianzimmermann.de\/blog\/wp-json\/wp\/v2\/posts\/5585\/revisions"}],"predecessor-version":[{"id":20564,"href":"https:\/\/www.damianzimmermann.de\/blog\/wp-json\/wp\/v2\/posts\/5585\/revisions\/20564"}],"wp:featuredmedia":[{"embeddable":true,"href":"https:\/\/www.damianzimmermann.de\/blog\/wp-json\/wp\/v2\/media\/5601"}],"wp:attachment":[{"href":"https:\/\/www.damianzimmermann.de\/blog\/wp-json\/wp\/v2\/media?parent=5585"}],"wp:term":[{"taxonomy":"category","embeddable":true,"href":"https:\/\/www.damianzimmermann.de\/blog\/wp-json\/wp\/v2\/categories?post=5585"},{"taxonomy":"post_tag","embeddable":true,"href":"https:\/\/www.damianzimmermann.de\/blog\/wp-json\/wp\/v2\/tags?post=5585"}],"curies":[{"name":"wp","href":"https:\/\/api.w.org\/{rel}","templated":true}]}}