{"id":5541,"date":"2011-03-30T16:00:40","date_gmt":"2011-03-30T14:00:40","guid":{"rendered":"http:\/\/www.damianzimmermann.de\/blog\/?p=5541"},"modified":"2019-03-26T18:35:04","modified_gmt":"2019-03-26T17:35:04","slug":"fotografen-a-z-von-hans-michael-koetzle","status":"publish","type":"post","link":"https:\/\/www.damianzimmermann.de\/blog\/fotografen-a-z-von-hans-michael-koetzle\/","title":{"rendered":"&#8222;Fotografen A-Z&#8220; von Hans-Michael Koetzle"},"content":{"rendered":"<p>Das Fotobuch lebt. Das merke ich nicht nur daran, dass die Zahl der Publikationen, speziellen Buchl\u00e4den, Internetblogs, Festivals und nicht zuletzt auch die Preise f\u00fcr vergriffene Exemplare st\u00e4ndig steigen. Ich merke es auch, weil der K\u00f6lner Taschen Verlag, der ja eher f\u00fcr Mainstream-Ware bekannt ist, nun einen dicken W\u00e4lzer (444 Seiten, 49,99 Euro) zu diesem Thema herausgebracht hat. Der Titel &#8222;Fotografen A-Z&#8220; suggeriert eher ein Fotografen-Lexikon wie die ebenfalls bei Taschen erschienene <a href=\"https:\/\/www.damianzimmermann.de\/blog\/?p=3984\" target=\"_blank\" rel=\"noopener noreferrer\">Foto:Box<\/a>, doch es geht in dem Buch von Autor <strong>Hans-Michael Koetzle<\/strong> tats\u00e4chlich weniger um die Fotografen, sondern vielmehr um ihre &#8222;sch\u00f6nsten Monografien&#8220;, wie es in der Pressemitteilung hei\u00dft.<\/p>\n<p>So ist das Buch nun auch eine Art Enzyklop\u00e4die geworden, streng alphabetisch (und nicht etwa chronologisch) geordnet, die kompetent Auskunft geben will, die aber nicht den Anspruch auf Vollst\u00e4ndigkeit erhebt. Wie soll sie auch? Daf\u00fcr l\u00e4dt sie ein zum ziellosen Bl\u00e4ttern, St\u00f6bern, Surfen &#8211; kurz: zum Entdecken. Und zu entdecken gibt es viel, denn das Buch geizt nicht mit gro\u00dfen, popul\u00e4ren Namen wie <strong>Nobuyoshi Araki<\/strong>, <strong>Diane Arbus<\/strong>, <strong>Richard Avedon<\/strong>, <strong>Anton Corbijn<\/strong>, <strong>Peter Lindbergh<\/strong>, <strong>Man Ray<\/strong>, <strong>Robert Mapplethorpe<\/strong>, <strong>Helmut Newton<\/strong>, <strong>Leni Riefenstahl<\/strong>, <strong>Cindy Sherman<\/strong>, <strong>Wolfgang Tillmans<\/strong>, <strong>Ellen von Unwerth<\/strong> und <strong>Weegee<\/strong>, stellt aber auch weniger bekannte vor.<\/p>\n<p>Das ist zwar alles sch\u00f6n und gut und lockt sicherlich auch Kunden an, die sich sonst eher nicht mit dem Thema Fotobuch auseinandersetzen w\u00fcrden. Wahrscheinlich aber auch nur die. Denn die Texte, die Koetzle dem interessierten &#8222;Leser&#8220; liefert, sind wenig aufschlussreich: Ein als Flie\u00dftext getarnter Lebenslauf wird durch die Auflistung von Ausstellungen und weiteren B\u00fcchern des Fotografen angereichert. Auf die Bilder geht Koetzle kaum, auf die vorgestellten Monografien gar nicht ein. Daf\u00fcr werden Journalisten, Kuratoren, Sammler, Fotografen und weitere &#8222;Foto-Prominente&#8220; kurz zitiert und beziehen so wenigstens ein wenig Stellung.<\/p>\n<p>Nat\u00fcrlich ist es nicht einfach, ein gescheites Buch \u00fcber Fotob\u00fccher herauszubringen, schlie\u00dflich haben <strong>Martin Parr<\/strong> und<strong> Gerry Badger<\/strong> mit &#8222;The Photobook: A History&#8220; die Messlatte sehr hoch gelegt: Die zweib\u00e4ndige Publikation gilt heute als Kanon, Standardwerk und Bestellkatalog f\u00fcr Sammler zugleich. Der Taschen Verlag tut gut daran, sie nicht einfach zu kopieren. Gleichzeitig muss er dem Leser, der immerhin 50 Euro f\u00fcr &#8222;Fotografen A-Z&#8220; hinbl\u00e4ttern soll, inhaltlich mehr liefern als blo\u00dfe Faksimiles aus B\u00fcchern und Zeitschriften. In der jetzigen Form wirkt es jedenfalls wie ein Schnellschuss aus der H\u00fcfte und verkommt zum blo\u00dfen Coffee Table Book. Und genau das sollen gute Fotob\u00fccher ja eben nicht sein.<\/p>\n<p>Links: <a href=\"http:\/\/www.taschen.com\/pages\/de\/catalogue\/photography\/all\/05089\/facts.fotografen_a_z.htm\" target=\"_blank\" rel=\"noopener noreferrer\">Taschen Verlag<\/a><\/p>\n\n\t\t<style type=\"text\/css\">\n\t\t\t#gallery-1 {\n\t\t\t\tmargin: auto;\n\t\t\t}\n\t\t\t#gallery-1 .gallery-item {\n\t\t\t\tfloat: left;\n\t\t\t\tmargin-top: 10px;\n\t\t\t\ttext-align: center;\n\t\t\t\twidth: 100%;\n\t\t\t}\n\t\t\t#gallery-1 img {\n\t\t\t\tborder: 2px solid #cfcfcf;\n\t\t\t}\n\t\t\t#gallery-1 .gallery-caption {\n\t\t\t\tmargin-left: 0;\n\t\t\t}\n\t\t\t\/* see gallery_shortcode() in wp-includes\/media.php *\/\n\t\t<\/style>\n\t\t<div id='gallery-1' class='gallery galleryid-5541 gallery-columns-1 gallery-size-large'><dl class='gallery-item'>\n\t\t\t<dt class='gallery-icon portrait'>\n\t\t\t\t<img loading=\"lazy\" decoding=\"async\" width=\"620\" height=\"758\" src=\"https:\/\/www.damianzimmermann.de\/blog\/wp-content\/uploads\/ju_photographers_a-z_GB.jpg\" class=\"attachment-large size-large\" alt=\"\" aria-describedby=\"gallery-1-5546\" srcset=\"https:\/\/www.damianzimmermann.de\/blog\/wp-content\/uploads\/ju_photographers_a-z_GB.jpg 736w, https:\/\/www.damianzimmermann.de\/blog\/wp-content\/uploads\/ju_photographers_a-z_GB-122x150.jpg 122w, https:\/\/www.damianzimmermann.de\/blog\/wp-content\/uploads\/ju_photographers_a-z_GB-327x400.jpg 327w\" sizes=\"auto, (max-width: 620px) 100vw, 620px\" \/>\n\t\t\t<\/dt>\n\t\t\t\t<dd class='wp-caption-text gallery-caption' id='gallery-1-5546'>\n\t\t\t\t&#8222;Fotografen A-Z&#8220; von Hans-Michael Koetzle \u00a9 Taschen GmbH\n\t\t\t\t<\/dd><\/dl><br style=\"clear: both\" \/><dl class='gallery-item'>\n\t\t\t<dt class='gallery-icon landscape'>\n\t\t\t\t<img loading=\"lazy\" decoding=\"async\" width=\"620\" height=\"391\" src=\"https:\/\/www.damianzimmermann.de\/blog\/wp-content\/uploads\/ju_photographers_az_17.jpg\" class=\"attachment-large size-large\" alt=\"\" aria-describedby=\"gallery-1-5545\" srcset=\"https:\/\/www.damianzimmermann.de\/blog\/wp-content\/uploads\/ju_photographers_az_17.jpg 900w, https:\/\/www.damianzimmermann.de\/blog\/wp-content\/uploads\/ju_photographers_az_17-200x126.jpg 200w, https:\/\/www.damianzimmermann.de\/blog\/wp-content\/uploads\/ju_photographers_az_17-400x252.jpg 400w\" sizes=\"auto, (max-width: 620px) 100vw, 620px\" \/>\n\t\t\t<\/dt>\n\t\t\t\t<dd class='wp-caption-text gallery-caption' id='gallery-1-5545'>\n\t\t\t\tAus &#8222;Fotografen A-Z&#8220; von Hans-Michael Koetzle \u00a9 Taschen GmbH\n\t\t\t\t<\/dd><\/dl><br style=\"clear: both\" \/><dl class='gallery-item'>\n\t\t\t<dt class='gallery-icon landscape'>\n\t\t\t\t<img loading=\"lazy\" decoding=\"async\" width=\"620\" height=\"440\" src=\"https:\/\/www.damianzimmermann.de\/blog\/wp-content\/uploads\/ju_photographers_az_10.jpg\" class=\"attachment-large size-large\" alt=\"\" aria-describedby=\"gallery-1-5544\" srcset=\"https:\/\/www.damianzimmermann.de\/blog\/wp-content\/uploads\/ju_photographers_az_10.jpg 900w, https:\/\/www.damianzimmermann.de\/blog\/wp-content\/uploads\/ju_photographers_az_10-200x142.jpg 200w, https:\/\/www.damianzimmermann.de\/blog\/wp-content\/uploads\/ju_photographers_az_10-400x284.jpg 400w\" sizes=\"auto, (max-width: 620px) 100vw, 620px\" \/>\n\t\t\t<\/dt>\n\t\t\t\t<dd class='wp-caption-text gallery-caption' id='gallery-1-5544'>\n\t\t\t\tPaul Outerbridge, aus &#8222;Fotografen A-Z&#8220; von Hans-Michael Koetzle \u00a9 Taschen GmbH\n\t\t\t\t<\/dd><\/dl><br style=\"clear: both\" \/><dl class='gallery-item'>\n\t\t\t<dt class='gallery-icon landscape'>\n\t\t\t\t<img loading=\"lazy\" decoding=\"async\" width=\"620\" height=\"423\" src=\"https:\/\/www.damianzimmermann.de\/blog\/wp-content\/uploads\/ju_photographers_az_08.jpg\" class=\"attachment-large size-large\" alt=\"\" aria-describedby=\"gallery-1-5543\" srcset=\"https:\/\/www.damianzimmermann.de\/blog\/wp-content\/uploads\/ju_photographers_az_08.jpg 900w, https:\/\/www.damianzimmermann.de\/blog\/wp-content\/uploads\/ju_photographers_az_08-200x136.jpg 200w, https:\/\/www.damianzimmermann.de\/blog\/wp-content\/uploads\/ju_photographers_az_08-400x272.jpg 400w\" sizes=\"auto, (max-width: 620px) 100vw, 620px\" \/>\n\t\t\t<\/dt>\n\t\t\t\t<dd class='wp-caption-text gallery-caption' id='gallery-1-5543'>\n\t\t\t\tWolfgang Tillmans, aus &#8222;Fotografen A-Z&#8220; von Hans-Michael Koetzle \u00a9 Taschen GmbH\n\t\t\t\t<\/dd><\/dl><br style=\"clear: both\" \/>\n\t\t<\/div>\n\n","protected":false},"excerpt":{"rendered":"<p>Das Fotobuch lebt. Das merke ich nicht nur daran, dass die Zahl der Publikationen, speziellen Buchl\u00e4den, Internetblogs, Festivals und nicht zuletzt auch die Preise f\u00fcr vergriffene Exemplare st\u00e4ndig&#8230;<\/p>\n","protected":false},"author":1,"featured_media":5546,"comment_status":"closed","ping_status":"open","sticky":false,"template":"","format":"standard","meta":{"footnotes":""},"categories":[7],"tags":[615,619,267,621,533,614,474,618,89,516,347,623,616,575,617,622,620],"class_list":["post-5541","post","type-post","status-publish","format-standard","has-post-thumbnail","hentry","category-fotobuecher","tag-anton-corbijn","tag-cindy-sherman","tag-diane-arbus","tag-ellen-von-unwerth","tag-gerry-badger","tag-hans-michael-koetzle","tag-helmut-newton","tag-leni-riefenstahl","tag-man-ray","tag-martin-parr","tag-nobuyoshi-araki","tag-paul-outerbridge","tag-peter-lindbergh","tag-richard-avedon","tag-robert-mapplethorpe","tag-weegee","tag-wolfgang-tillmans"],"_links":{"self":[{"href":"https:\/\/www.damianzimmermann.de\/blog\/wp-json\/wp\/v2\/posts\/5541","targetHints":{"allow":["GET"]}}],"collection":[{"href":"https:\/\/www.damianzimmermann.de\/blog\/wp-json\/wp\/v2\/posts"}],"about":[{"href":"https:\/\/www.damianzimmermann.de\/blog\/wp-json\/wp\/v2\/types\/post"}],"author":[{"embeddable":true,"href":"https:\/\/www.damianzimmermann.de\/blog\/wp-json\/wp\/v2\/users\/1"}],"replies":[{"embeddable":true,"href":"https:\/\/www.damianzimmermann.de\/blog\/wp-json\/wp\/v2\/comments?post=5541"}],"version-history":[{"count":42,"href":"https:\/\/www.damianzimmermann.de\/blog\/wp-json\/wp\/v2\/posts\/5541\/revisions"}],"predecessor-version":[{"id":20566,"href":"https:\/\/www.damianzimmermann.de\/blog\/wp-json\/wp\/v2\/posts\/5541\/revisions\/20566"}],"wp:featuredmedia":[{"embeddable":true,"href":"https:\/\/www.damianzimmermann.de\/blog\/wp-json\/wp\/v2\/media\/5546"}],"wp:attachment":[{"href":"https:\/\/www.damianzimmermann.de\/blog\/wp-json\/wp\/v2\/media?parent=5541"}],"wp:term":[{"taxonomy":"category","embeddable":true,"href":"https:\/\/www.damianzimmermann.de\/blog\/wp-json\/wp\/v2\/categories?post=5541"},{"taxonomy":"post_tag","embeddable":true,"href":"https:\/\/www.damianzimmermann.de\/blog\/wp-json\/wp\/v2\/tags?post=5541"}],"curies":[{"name":"wp","href":"https:\/\/api.w.org\/{rel}","templated":true}]}}