{"id":5517,"date":"2011-03-24T09:30:53","date_gmt":"2011-03-24T08:30:53","guid":{"rendered":"http:\/\/www.damianzimmermann.de\/blog\/?p=5517"},"modified":"2019-03-26T18:36:23","modified_gmt":"2019-03-26T17:36:23","slug":"schaden-com-in-koln-ehrenfeld","status":"publish","type":"post","link":"https:\/\/www.damianzimmermann.de\/blog\/schaden-com-in-koln-ehrenfeld\/","title":{"rendered":"Schaden.com in K\u00f6ln-Ehrenfeld"},"content":{"rendered":"<p>In der heute erschienenen April-Ausgabe des K\u00f6lner Prinz stelle ich unter der Rubrik &#8222;Neu entdeckt&#8220; die Fotobuchhandlung <strong>Schaden.com<\/strong> von <strong>Markus Schaden<\/strong> vor. Der hat am 1. M\u00e4rz in der K\u00f6rnerstra\u00dfe in Ehrenfeld neu er\u00f6ffnet &#8211; mit mehr Platz f\u00fcr B\u00fccher, Mitarbeiter, Kunden und Gespr\u00e4che. Au\u00dferdem gibt es eine kleine Wohnung f\u00fcr Gastk\u00fcnstler. Das bisherige Gesch\u00e4ft an der Albertusstra\u00dfe in der Innenstadt wird gerade aufgel\u00f6st.<\/p>\n<p>Den vollst\u00e4ndigen Artikel findet ihr <a href=\"https:\/\/www.damianzimmermann.de\/blog\/wp-content\/uploads\/Prinz-neu-entdeckt.pdf\" target=\"_blank\" rel=\"noopener noreferrer\">hier<\/a>.<\/p>\n\n\t\t<style type=\"text\/css\">\n\t\t\t#gallery-1 {\n\t\t\t\tmargin: auto;\n\t\t\t}\n\t\t\t#gallery-1 .gallery-item {\n\t\t\t\tfloat: left;\n\t\t\t\tmargin-top: 10px;\n\t\t\t\ttext-align: center;\n\t\t\t\twidth: 100%;\n\t\t\t}\n\t\t\t#gallery-1 img {\n\t\t\t\tborder: 2px solid #cfcfcf;\n\t\t\t}\n\t\t\t#gallery-1 .gallery-caption {\n\t\t\t\tmargin-left: 0;\n\t\t\t}\n\t\t\t\/* see gallery_shortcode() in wp-includes\/media.php *\/\n\t\t<\/style>\n\t\t<div id='gallery-1' class='gallery galleryid-5517 gallery-columns-1 gallery-size-large'><dl class='gallery-item'>\n\t\t\t<dt class='gallery-icon landscape'>\n\t\t\t\t<img loading=\"lazy\" decoding=\"async\" width=\"620\" height=\"422\" src=\"https:\/\/www.damianzimmermann.de\/blog\/wp-content\/uploads\/Markus-Schaden-03.jpg\" class=\"attachment-large size-large\" alt=\"\" aria-describedby=\"gallery-1-5528\" srcset=\"https:\/\/www.damianzimmermann.de\/blog\/wp-content\/uploads\/Markus-Schaden-03.jpg 900w, https:\/\/www.damianzimmermann.de\/blog\/wp-content\/uploads\/Markus-Schaden-03-200x136.jpg 200w, https:\/\/www.damianzimmermann.de\/blog\/wp-content\/uploads\/Markus-Schaden-03-400x272.jpg 400w\" sizes=\"auto, (max-width: 620px) 100vw, 620px\" \/>\n\t\t\t<\/dt>\n\t\t\t\t<dd class='wp-caption-text gallery-caption' id='gallery-1-5528'>\n\t\t\t\tB\u00fccher, B\u00fccher, B\u00fccher und ein Larry Clark-Kalender bei Schaden.com in der K\u00f6rnerstra\u00dfe \u00a9 Damian Zimmermann\n\t\t\t\t<\/dd><\/dl><br style=\"clear: both\" \/><dl class='gallery-item'>\n\t\t\t<dt class='gallery-icon landscape'>\n\t\t\t\t<img loading=\"lazy\" decoding=\"async\" width=\"620\" height=\"418\" src=\"https:\/\/www.damianzimmermann.de\/blog\/wp-content\/uploads\/Markus-Schaden-02.jpg\" class=\"attachment-large size-large\" alt=\"\" aria-describedby=\"gallery-1-5527\" srcset=\"https:\/\/www.damianzimmermann.de\/blog\/wp-content\/uploads\/Markus-Schaden-02.jpg 900w, https:\/\/www.damianzimmermann.de\/blog\/wp-content\/uploads\/Markus-Schaden-02-200x134.jpg 200w, https:\/\/www.damianzimmermann.de\/blog\/wp-content\/uploads\/Markus-Schaden-02-400x269.jpg 400w\" sizes=\"auto, (max-width: 620px) 100vw, 620px\" \/>\n\t\t\t<\/dt>\n\t\t\t\t<dd class='wp-caption-text gallery-caption' id='gallery-1-5527'>\n\t\t\t\tMarkus Schaden in seinem neuen Laden \u00a9 Damian Zimmermann\n\t\t\t\t<\/dd><\/dl><br style=\"clear: both\" \/>\n\t\t<\/div>\n\n<p>Links: <a href=\"http:\/\/www.schaden.com\/\" target=\"_blank\" rel=\"noopener noreferrer\">Schaden.com<\/a><\/p>\n","protected":false},"excerpt":{"rendered":"<p>In der heute erschienenen April-Ausgabe des K\u00f6lner Prinz stelle ich unter der Rubrik &#8222;Neu entdeckt&#8220; die Fotobuchhandlung Schaden.com von Markus Schaden vor. Der hat am 1. M\u00e4rz in&#8230;<\/p>\n","protected":false},"author":1,"featured_media":5528,"comment_status":"closed","ping_status":"open","sticky":false,"template":"","format":"standard","meta":{"footnotes":""},"categories":[1,7],"tags":[137],"class_list":["post-5517","post","type-post","status-publish","format-standard","has-post-thumbnail","hentry","category-allgemein","category-fotobuecher","tag-markus-schaden"],"_links":{"self":[{"href":"https:\/\/www.damianzimmermann.de\/blog\/wp-json\/wp\/v2\/posts\/5517","targetHints":{"allow":["GET"]}}],"collection":[{"href":"https:\/\/www.damianzimmermann.de\/blog\/wp-json\/wp\/v2\/posts"}],"about":[{"href":"https:\/\/www.damianzimmermann.de\/blog\/wp-json\/wp\/v2\/types\/post"}],"author":[{"embeddable":true,"href":"https:\/\/www.damianzimmermann.de\/blog\/wp-json\/wp\/v2\/users\/1"}],"replies":[{"embeddable":true,"href":"https:\/\/www.damianzimmermann.de\/blog\/wp-json\/wp\/v2\/comments?post=5517"}],"version-history":[{"count":21,"href":"https:\/\/www.damianzimmermann.de\/blog\/wp-json\/wp\/v2\/posts\/5517\/revisions"}],"predecessor-version":[{"id":20567,"href":"https:\/\/www.damianzimmermann.de\/blog\/wp-json\/wp\/v2\/posts\/5517\/revisions\/20567"}],"wp:featuredmedia":[{"embeddable":true,"href":"https:\/\/www.damianzimmermann.de\/blog\/wp-json\/wp\/v2\/media\/5528"}],"wp:attachment":[{"href":"https:\/\/www.damianzimmermann.de\/blog\/wp-json\/wp\/v2\/media?parent=5517"}],"wp:term":[{"taxonomy":"category","embeddable":true,"href":"https:\/\/www.damianzimmermann.de\/blog\/wp-json\/wp\/v2\/categories?post=5517"},{"taxonomy":"post_tag","embeddable":true,"href":"https:\/\/www.damianzimmermann.de\/blog\/wp-json\/wp\/v2\/tags?post=5517"}],"curies":[{"name":"wp","href":"https:\/\/api.w.org\/{rel}","templated":true}]}}