{"id":5318,"date":"2011-03-13T23:00:58","date_gmt":"2011-03-13T22:00:58","guid":{"rendered":"http:\/\/www.damianzimmermann.de\/blog\/?p=5318"},"modified":"2019-03-26T18:43:11","modified_gmt":"2019-03-26T17:43:11","slug":"sight-_seeing-in-tirol","status":"publish","type":"post","link":"https:\/\/www.damianzimmermann.de\/blog\/sight-_seeing-in-tirol\/","title":{"rendered":"&#8222;Sight-_Seeing&#8220; in Tirol"},"content":{"rendered":"<p>Mit dem Projekt &#8222;Sight-_Seeing&#8220; ist dem Philosophen und Bildtheoretiker <strong>Wolfgang Scheppe<\/strong> ein gro\u00dfer Wurf gelungen. Auf seine Initiative und unter dem Patronat der <strong>Tirol Werbung<\/strong> wurden sieben erfahrene Reisefotografen eingeladen, die Klischees der \u00fcblichen Touristik-Werbekampagnen mit den Mitteln der zeitgen\u00f6ssischen Fotografie zu hinterfragen. Das ist gewagt &#8211; und geht oftmals leider auch in die Hose, weil die beauftragten &#8222;Autoren&#8220;-Fotografen entweder Bilder abliefern, die dem Auftraggeber zu &#8222;real&#8220; sind, oder aber, weil die Bilder in aller Regel doch noch weichgesp\u00fclt werden, um die Stereotypen zu erf\u00fcllen und so den angeblichen Massengeschmack zu treffen.<\/p>\n<p>Hier ist dies ausnahmsweise nicht der Fall. Ein halbes Jahr lang hatten die Fotografen Zeit, um sich im drittgr\u00f6\u00dften Bundesland \u00d6sterreichs umzuschauen &#8211; wobei sie mindestens acht Tage in Tirol arbeiten sollten. Nun war der Sommer 2010 ziemlich verregnet &#8211; doch was Reisefotografen normalerweise in die Verzweiflung treibt, entpuppte sich hier als ideale Voraussetzung, schlie\u00dflich konnten sie so schon einmal das Klischee vom immerblauen Himmel vermeiden. Was nicht vermieden werden konnte, war die Landschaft &#8211; die ist auch bei schlechtem Wetter einfach unglaublich.<\/p>\n<p>Um den Rest mussten sich die Fotografen\u00a0 hingegen selbst k\u00fcmmern &#8211; und haben mitunter sehr unterschiedliche Ans\u00e4tze gew\u00e4hlt: <strong>J\u00f6rg Koopmann<\/strong> hat sich einerseits auf Dinge konzentriert, &#8222;die sich verbieten&#8220; und gleichzeitig Landschaftsaufnahmen par excellence abgeliefert, w\u00e4hrend <strong>Monika H\u00f6fler<\/strong> verst\u00e4rkt Jugendliche und deren Alltag mit ihrer &#8222;optimierten Dokumentarfotografie&#8220; festgehalten hat &#8211; ihr Bild der Kindergruppe, die zur\u00fcck auf die Berglandschaft schaut, erinnert mich in seiner fast bedrohlichen Sch\u00f6nheit sehr an <strong>Jeff Wall<\/strong>. <strong>Andrew Phelps<\/strong> hat sich mit Orten des Massentourismus besch\u00e4ftigt &#8211; und man merkt seinen meist n\u00fcchtern-\u00e4sthetischen Bestandsaufnahmen an, dass er bei <strong>William Jenkins<\/strong>, dem Kurator der New Topographics-Ausstellung, studiert hat. \u00c4hnliches gilt f\u00fcr <strong>Matthias Ziegler<\/strong> &#8211; allerdings hat er seine Menschenmassen an Touristenhotspots um stille Portr\u00e4ts der Einwohner erweitert.<\/p>\n<p><strong>Dominik Gigler<\/strong> hat aus dem Auftrag hingegen eine ganz pers\u00f6nliche Reise gemacht und sich bewusst gegen Architektur, Werbung und Portr\u00e4ts entschieden &#8211; was dazu f\u00fchrte, dass er zum stillen Beobachter wurde, der aus der Distanz fotografierte. Gleichzeitig spielte er mit Perspektiven und machte Fotos auch zweimal: einmal die idyllische Landschaft und dann, zehn Meter zur\u00fcckgehend, noch einmal &#8211; allerdings mit der Stra\u00dfe und seinem Auto im Vordergrund. Offene Bilder hat hingegen <strong>Michael Danner<\/strong> gemacht &#8211; und zeigt ein offenes Holztor auf einer Hochweide, zu dem es aber gar kein Gatter mehr gibt, oder das extrem aufgetunte Auto eines Landjugendlichen. Sehr still und auch d\u00fcster hat hingegen <strong>Verena Kathrein<\/strong> fotografiert &#8211; als geb\u00fcrtige Tirolerin hat sie die Touristenrouten gemieden und stattdessen ihre Erinnerungs- und Sehnsuchtsorte aufgesucht. Eine Ausnahme sind die Bilder der Jugendgruppe an einer Bushaltestelle &#8211; f\u00fcrs Foto haben sich vier Jungs sogar auf das Dach gesetzt.<\/p>\n<p>Ach &#8211; &#8222;Sight-_Seeing&#8220; k\u00f6nnte so ein sch\u00f6nes Buch sein, w\u00e4ren da nicht diese grafischen Spielereien, mit denen es mich bel\u00e4stigt. Vielleicht sollen sie ja zum Nachdenken anregen, aber bei mir sorgen sie eher f\u00fcr Verwirrung. Das f\u00e4ngt schon beim Titel an: Was soll eigentlich dieser bl\u00f6de Unter- nach dem Bindestrich? Au\u00dferdem gibt es keine Seitenzahlen, sondern die Druckb\u00f6gen sind durchnummeriert, um &#8222;die physische Natur eines Buches&#8220; zu reflektieren, was zu Seiten- und Kapitelbezeichnungen wie &#8222;_02_11&#8220; und &#8222;04_01&#8220; f\u00fchrt. Dass Teile von Fotografien angedeutet und auf anderen, teilweise sehr viel sp\u00e4ter folgenden Seiten, fortgef\u00fchrt werden, kann im Einzelfall gut sein, meist irritiert es jedoch &#8211; und zerst\u00f6rt schlichtweg die Bilder. Auf der Homepage wird das Konzept ebenfalls aufgegriffen. Schaut es euch einfach mal an, vielleicht m\u00f6gt ihr es ja &#8211; mir hat sich der Sinn leider nicht erschlossen.<\/p>\n<p>Das Buch &#8222;Sight-_Seeing&#8220; ist bei Hatje Cantz erschienen. Es hat 192 Seiten mit 188 Abbildungen und kostet 35 Euro.<\/p>\n<p>Links: <a href=\"http:\/\/www.sight-seeing.tirol.at\/\" target=\"_blank\" rel=\"noopener noreferrer\">Sight-_Seeing<\/a>, <a href=\"http:\/\/www.hatjecantz.de\/controller.php?cmd=detail&amp;titzif=00003018\" target=\"_blank\" rel=\"noopener noreferrer\">Hatje Cantz<\/a><\/p>\n\n\t\t<style type=\"text\/css\">\n\t\t\t#gallery-1 {\n\t\t\t\tmargin: auto;\n\t\t\t}\n\t\t\t#gallery-1 .gallery-item {\n\t\t\t\tfloat: left;\n\t\t\t\tmargin-top: 10px;\n\t\t\t\ttext-align: center;\n\t\t\t\twidth: 100%;\n\t\t\t}\n\t\t\t#gallery-1 img {\n\t\t\t\tborder: 2px solid #cfcfcf;\n\t\t\t}\n\t\t\t#gallery-1 .gallery-caption {\n\t\t\t\tmargin-left: 0;\n\t\t\t}\n\t\t\t\/* see gallery_shortcode() in wp-includes\/media.php *\/\n\t\t<\/style>\n\t\t<div id='gallery-1' class='gallery galleryid-5318 gallery-columns-1 gallery-size-large'><dl class='gallery-item'>\n\t\t\t<dt class='gallery-icon portrait'>\n\t\t\t\t<img loading=\"lazy\" decoding=\"async\" width=\"585\" height=\"750\" src=\"https:\/\/www.damianzimmermann.de\/blog\/wp-content\/uploads\/Sight-Seeing-Cover.jpg\" class=\"attachment-large size-large\" alt=\"\" aria-describedby=\"gallery-1-5335\" srcset=\"https:\/\/www.damianzimmermann.de\/blog\/wp-content\/uploads\/Sight-Seeing-Cover.jpg 585w, https:\/\/www.damianzimmermann.de\/blog\/wp-content\/uploads\/Sight-Seeing-Cover-117x150.jpg 117w, https:\/\/www.damianzimmermann.de\/blog\/wp-content\/uploads\/Sight-Seeing-Cover-312x400.jpg 312w\" sizes=\"auto, (max-width: 585px) 100vw, 585px\" \/>\n\t\t\t<\/dt>\n\t\t\t\t<dd class='wp-caption-text gallery-caption' id='gallery-1-5335'>\n\t\t\t\t&#8222;Sight-_Seeing&#8220; &#8211; Cover, Abbildung von Monika H\u00f6fler\n\t\t\t\t<\/dd><\/dl><br style=\"clear: both\" \/><dl class='gallery-item'>\n\t\t\t<dt class='gallery-icon landscape'>\n\t\t\t\t<img loading=\"lazy\" decoding=\"async\" width=\"620\" height=\"500\" src=\"https:\/\/www.damianzimmermann.de\/blog\/wp-content\/uploads\/Sight_Seeing_Michael-Danner_01.jpg\" class=\"attachment-large size-large\" alt=\"\" aria-describedby=\"gallery-1-5333\" srcset=\"https:\/\/www.damianzimmermann.de\/blog\/wp-content\/uploads\/Sight_Seeing_Michael-Danner_01.jpg 900w, https:\/\/www.damianzimmermann.de\/blog\/wp-content\/uploads\/Sight_Seeing_Michael-Danner_01-185x150.jpg 185w, https:\/\/www.damianzimmermann.de\/blog\/wp-content\/uploads\/Sight_Seeing_Michael-Danner_01-400x322.jpg 400w\" sizes=\"auto, (max-width: 620px) 100vw, 620px\" \/>\n\t\t\t<\/dt>\n\t\t\t\t<dd class='wp-caption-text gallery-caption' id='gallery-1-5333'>\n\t\t\t\tMichael Danner, aus dem Buch &#8222;Sight-_Seeing&#8220;\n\t\t\t\t<\/dd><\/dl><br style=\"clear: both\" \/><dl class='gallery-item'>\n\t\t\t<dt class='gallery-icon landscape'>\n\t\t\t\t<img loading=\"lazy\" decoding=\"async\" width=\"620\" height=\"490\" src=\"https:\/\/www.damianzimmermann.de\/blog\/wp-content\/uploads\/Sight_Seeing_Michael-Danner_02.jpg\" class=\"attachment-large size-large\" alt=\"\" aria-describedby=\"gallery-1-5334\" srcset=\"https:\/\/www.damianzimmermann.de\/blog\/wp-content\/uploads\/Sight_Seeing_Michael-Danner_02.jpg 900w, https:\/\/www.damianzimmermann.de\/blog\/wp-content\/uploads\/Sight_Seeing_Michael-Danner_02-189x150.jpg 189w, https:\/\/www.damianzimmermann.de\/blog\/wp-content\/uploads\/Sight_Seeing_Michael-Danner_02-400x316.jpg 400w\" sizes=\"auto, (max-width: 620px) 100vw, 620px\" \/>\n\t\t\t<\/dt>\n\t\t\t\t<dd class='wp-caption-text gallery-caption' id='gallery-1-5334'>\n\t\t\t\tMichael Danner, aus dem Buch &#8222;Sight-_Seeing&#8220;\n\t\t\t\t<\/dd><\/dl><br style=\"clear: both\" \/><dl class='gallery-item'>\n\t\t\t<dt class='gallery-icon portrait'>\n\t\t\t\t<img loading=\"lazy\" decoding=\"async\" width=\"620\" height=\"780\" src=\"https:\/\/www.damianzimmermann.de\/blog\/wp-content\/uploads\/Sight_Seeing_Andrew-Phelps_02.jpg.jpg\" class=\"attachment-large size-large\" alt=\"\" aria-describedby=\"gallery-1-5330\" srcset=\"https:\/\/www.damianzimmermann.de\/blog\/wp-content\/uploads\/Sight_Seeing_Andrew-Phelps_02.jpg.jpg 715w, https:\/\/www.damianzimmermann.de\/blog\/wp-content\/uploads\/Sight_Seeing_Andrew-Phelps_02.jpg-119x150.jpg 119w, https:\/\/www.damianzimmermann.de\/blog\/wp-content\/uploads\/Sight_Seeing_Andrew-Phelps_02.jpg-317x400.jpg 317w\" sizes=\"auto, (max-width: 620px) 100vw, 620px\" \/>\n\t\t\t<\/dt>\n\t\t\t\t<dd class='wp-caption-text gallery-caption' id='gallery-1-5330'>\n\t\t\t\tAndrew Phelps, aus dem Buch &#8222;Sight-_Seeing&#8220;\n\t\t\t\t<\/dd><\/dl><br style=\"clear: both\" \/><dl class='gallery-item'>\n\t\t\t<dt class='gallery-icon landscape'>\n\t\t\t\t<img loading=\"lazy\" decoding=\"async\" width=\"620\" height=\"490\" src=\"https:\/\/www.damianzimmermann.de\/blog\/wp-content\/uploads\/Sight_Seeing_Andrew-Phelps_01.jpg\" class=\"attachment-large size-large\" alt=\"\" aria-describedby=\"gallery-1-5329\" srcset=\"https:\/\/www.damianzimmermann.de\/blog\/wp-content\/uploads\/Sight_Seeing_Andrew-Phelps_01.jpg 900w, https:\/\/www.damianzimmermann.de\/blog\/wp-content\/uploads\/Sight_Seeing_Andrew-Phelps_01-189x150.jpg 189w, https:\/\/www.damianzimmermann.de\/blog\/wp-content\/uploads\/Sight_Seeing_Andrew-Phelps_01-400x316.jpg 400w\" sizes=\"auto, (max-width: 620px) 100vw, 620px\" \/>\n\t\t\t<\/dt>\n\t\t\t\t<dd class='wp-caption-text gallery-caption' id='gallery-1-5329'>\n\t\t\t\tAndrew Phelps, aus dem Buch &#8222;Sight-_Seeing&#8220;\n\t\t\t\t<\/dd><\/dl><br style=\"clear: both\" \/><dl class='gallery-item'>\n\t\t\t<dt class='gallery-icon portrait'>\n\t\t\t\t<img loading=\"lazy\" decoding=\"async\" width=\"620\" height=\"804\" src=\"https:\/\/www.damianzimmermann.de\/blog\/wp-content\/uploads\/Sight_Seeing_Matthias-Ziegler.jpg\" class=\"attachment-large size-large\" alt=\"\" aria-describedby=\"gallery-1-5332\" srcset=\"https:\/\/www.damianzimmermann.de\/blog\/wp-content\/uploads\/Sight_Seeing_Matthias-Ziegler.jpg 694w, https:\/\/www.damianzimmermann.de\/blog\/wp-content\/uploads\/Sight_Seeing_Matthias-Ziegler-115x150.jpg 115w, https:\/\/www.damianzimmermann.de\/blog\/wp-content\/uploads\/Sight_Seeing_Matthias-Ziegler-308x400.jpg 308w\" sizes=\"auto, (max-width: 620px) 100vw, 620px\" \/>\n\t\t\t<\/dt>\n\t\t\t\t<dd class='wp-caption-text gallery-caption' id='gallery-1-5332'>\n\t\t\t\tMatthias Ziegler, aus dem Buch &#8222;Sight-_Seeing&#8220;\n\t\t\t\t<\/dd><\/dl><br style=\"clear: both\" \/><dl class='gallery-item'>\n\t\t\t<dt class='gallery-icon landscape'>\n\t\t\t\t<img loading=\"lazy\" decoding=\"async\" width=\"620\" height=\"475\" src=\"https:\/\/www.damianzimmermann.de\/blog\/wp-content\/uploads\/Sight-Seeing_Verena-Kathrein_01.jpg\" class=\"attachment-large size-large\" alt=\"\" aria-describedby=\"gallery-1-5338\" srcset=\"https:\/\/www.damianzimmermann.de\/blog\/wp-content\/uploads\/Sight-Seeing_Verena-Kathrein_01.jpg 900w, https:\/\/www.damianzimmermann.de\/blog\/wp-content\/uploads\/Sight-Seeing_Verena-Kathrein_01-195x150.jpg 195w, https:\/\/www.damianzimmermann.de\/blog\/wp-content\/uploads\/Sight-Seeing_Verena-Kathrein_01-400x306.jpg 400w\" sizes=\"auto, (max-width: 620px) 100vw, 620px\" \/>\n\t\t\t<\/dt>\n\t\t\t\t<dd class='wp-caption-text gallery-caption' id='gallery-1-5338'>\n\t\t\t\tVerena Kathrein, aus dem Buch &#8222;Sight-_Seeing&#8220;\n\t\t\t\t<\/dd><\/dl><br style=\"clear: both\" \/><dl class='gallery-item'>\n\t\t\t<dt class='gallery-icon landscape'>\n\t\t\t\t<img loading=\"lazy\" decoding=\"async\" width=\"620\" height=\"488\" src=\"https:\/\/www.damianzimmermann.de\/blog\/wp-content\/uploads\/Sight-Seeing_Joerg-Koopmann_01.jpg\" class=\"attachment-large size-large\" alt=\"\" aria-describedby=\"gallery-1-5337\" srcset=\"https:\/\/www.damianzimmermann.de\/blog\/wp-content\/uploads\/Sight-Seeing_Joerg-Koopmann_01.jpg 900w, https:\/\/www.damianzimmermann.de\/blog\/wp-content\/uploads\/Sight-Seeing_Joerg-Koopmann_01-190x150.jpg 190w, https:\/\/www.damianzimmermann.de\/blog\/wp-content\/uploads\/Sight-Seeing_Joerg-Koopmann_01-400x315.jpg 400w\" sizes=\"auto, (max-width: 620px) 100vw, 620px\" \/>\n\t\t\t<\/dt>\n\t\t\t\t<dd class='wp-caption-text gallery-caption' id='gallery-1-5337'>\n\t\t\t\tJ\u00f6rg Koopmann, aus dem Buch &#8222;Sight-_Seeing&#8220;\n\t\t\t\t<\/dd><\/dl><br style=\"clear: both\" \/><dl class='gallery-item'>\n\t\t\t<dt class='gallery-icon landscape'>\n\t\t\t\t<img loading=\"lazy\" decoding=\"async\" width=\"620\" height=\"496\" src=\"https:\/\/www.damianzimmermann.de\/blog\/wp-content\/uploads\/Sight_Seeing_Dominik-Gigler_01.jpg\" class=\"attachment-large size-large\" alt=\"\" aria-describedby=\"gallery-1-5331\" srcset=\"https:\/\/www.damianzimmermann.de\/blog\/wp-content\/uploads\/Sight_Seeing_Dominik-Gigler_01.jpg 900w, https:\/\/www.damianzimmermann.de\/blog\/wp-content\/uploads\/Sight_Seeing_Dominik-Gigler_01-187x150.jpg 187w, https:\/\/www.damianzimmermann.de\/blog\/wp-content\/uploads\/Sight_Seeing_Dominik-Gigler_01-400x320.jpg 400w\" sizes=\"auto, (max-width: 620px) 100vw, 620px\" \/>\n\t\t\t<\/dt>\n\t\t\t\t<dd class='wp-caption-text gallery-caption' id='gallery-1-5331'>\n\t\t\t\tDominik Gigler, aus dem Buch &#8222;Sight-_Seeing&#8220;\n\t\t\t\t<\/dd><\/dl><br style=\"clear: both\" \/><dl class='gallery-item'>\n\t\t\t<dt class='gallery-icon landscape'>\n\t\t\t\t<img loading=\"lazy\" decoding=\"async\" width=\"620\" height=\"496\" src=\"https:\/\/www.damianzimmermann.de\/blog\/wp-content\/uploads\/Sight-Seeing_Dominik-Gigler_02.jpg\" class=\"attachment-large size-large\" alt=\"\" aria-describedby=\"gallery-1-5336\" srcset=\"https:\/\/www.damianzimmermann.de\/blog\/wp-content\/uploads\/Sight-Seeing_Dominik-Gigler_02.jpg 900w, https:\/\/www.damianzimmermann.de\/blog\/wp-content\/uploads\/Sight-Seeing_Dominik-Gigler_02-187x150.jpg 187w, https:\/\/www.damianzimmermann.de\/blog\/wp-content\/uploads\/Sight-Seeing_Dominik-Gigler_02-400x320.jpg 400w\" sizes=\"auto, (max-width: 620px) 100vw, 620px\" \/>\n\t\t\t<\/dt>\n\t\t\t\t<dd class='wp-caption-text gallery-caption' id='gallery-1-5336'>\n\t\t\t\tDominik Gigler, aus dem Buch &#8222;Sight-_Seeing&#8220;\n\t\t\t\t<\/dd><\/dl><br style=\"clear: both\" \/>\n\t\t<\/div>\n\n","protected":false},"excerpt":{"rendered":"<p>Mit dem Projekt &#8222;Sight-_Seeing&#8220; ist dem Philosophen und Bildtheoretiker Wolfgang Scheppe ein gro\u00dfer Wurf gelungen. Auf seine Initiative und unter dem Patronat der Tirol Werbung wurden sieben erfahrene&#8230;<\/p>\n","protected":false},"author":1,"featured_media":5335,"comment_status":"closed","ping_status":"open","sticky":false,"template":"","format":"standard","meta":{"footnotes":""},"categories":[7],"tags":[608,604,611,607,609,603,605,606,568,610],"class_list":["post-5318","post","type-post","status-publish","format-standard","has-post-thumbnail","hentry","category-fotobuecher","tag-andrew-phelps","tag-dominik-gigler","tag-jeff-wall","tag-jorg-koopmann","tag-matthias-ziegler","tag-michael-danner","tag-monika-hofler","tag-verena-kathrein","tag-william-jenkins","tag-wolfgang-scheppe"],"_links":{"self":[{"href":"https:\/\/www.damianzimmermann.de\/blog\/wp-json\/wp\/v2\/posts\/5318","targetHints":{"allow":["GET"]}}],"collection":[{"href":"https:\/\/www.damianzimmermann.de\/blog\/wp-json\/wp\/v2\/posts"}],"about":[{"href":"https:\/\/www.damianzimmermann.de\/blog\/wp-json\/wp\/v2\/types\/post"}],"author":[{"embeddable":true,"href":"https:\/\/www.damianzimmermann.de\/blog\/wp-json\/wp\/v2\/users\/1"}],"replies":[{"embeddable":true,"href":"https:\/\/www.damianzimmermann.de\/blog\/wp-json\/wp\/v2\/comments?post=5318"}],"version-history":[{"count":78,"href":"https:\/\/www.damianzimmermann.de\/blog\/wp-json\/wp\/v2\/posts\/5318\/revisions"}],"predecessor-version":[{"id":20573,"href":"https:\/\/www.damianzimmermann.de\/blog\/wp-json\/wp\/v2\/posts\/5318\/revisions\/20573"}],"wp:featuredmedia":[{"embeddable":true,"href":"https:\/\/www.damianzimmermann.de\/blog\/wp-json\/wp\/v2\/media\/5335"}],"wp:attachment":[{"href":"https:\/\/www.damianzimmermann.de\/blog\/wp-json\/wp\/v2\/media?parent=5318"}],"wp:term":[{"taxonomy":"category","embeddable":true,"href":"https:\/\/www.damianzimmermann.de\/blog\/wp-json\/wp\/v2\/categories?post=5318"},{"taxonomy":"post_tag","embeddable":true,"href":"https:\/\/www.damianzimmermann.de\/blog\/wp-json\/wp\/v2\/tags?post=5318"}],"curies":[{"name":"wp","href":"https:\/\/api.w.org\/{rel}","templated":true}]}}