{"id":5087,"date":"2011-02-25T08:00:14","date_gmt":"2011-02-25T06:00:14","guid":{"rendered":"http:\/\/www.damianzimmermann.de\/blog\/?p=5087"},"modified":"2019-03-26T18:53:26","modified_gmt":"2019-03-26T17:53:26","slug":"andy-warhol-und-josef-schulz-in-koln","status":"publish","type":"post","link":"https:\/\/www.damianzimmermann.de\/blog\/andy-warhol-und-josef-schulz-in-koln\/","title":{"rendered":"Andy Warhol und Josef Schulz in K\u00f6ln"},"content":{"rendered":"<p>In einem gemeinsamen Artikel im K\u00f6lner Stadt-Anzeiger habe ich zwei Ausstellungen besprochen, die zurzeit in K\u00f6ln zu sehen sind: Die <strong>Galerie Priska Pasquer<\/strong> zeigt Polaroids, die <strong>Andy Warhol<\/strong> mit einer so genanten &#8222;Big Shot&#8220; aufgenommen hat, und die <strong>Galerie Fiebach, Minninger<\/strong> pr\u00e4sentiert von <strong>Josef Schulz<\/strong> ver\u00e4nderte Reklameschilder.<\/p>\n<p>Meinen Text findet ihr\u00a0<a href=\"https:\/\/www.damianzimmermann.de\/blog\/wp-content\/uploads\/PDF.pdf\" target=\"_blank\" rel=\"noopener noreferrer\">hier<\/a> als PDF.<\/p>\n<p>Links: <a href=\"http:\/\/www.priskapasquer.de\/\" target=\"_blank\" rel=\"noopener noreferrer\">Galerie Priska Pasquer<\/a>, <a href=\"http:\/\/www.fiebach-minninger.de\/\" target=\"_blank\" rel=\"noopener noreferrer\">Galerie Fiebach, Minninger<\/a><\/p>\n\n\t\t<style type=\"text\/css\">\n\t\t\t#gallery-1 {\n\t\t\t\tmargin: auto;\n\t\t\t}\n\t\t\t#gallery-1 .gallery-item {\n\t\t\t\tfloat: left;\n\t\t\t\tmargin-top: 10px;\n\t\t\t\ttext-align: center;\n\t\t\t\twidth: 100%;\n\t\t\t}\n\t\t\t#gallery-1 img {\n\t\t\t\tborder: 2px solid #cfcfcf;\n\t\t\t}\n\t\t\t#gallery-1 .gallery-caption {\n\t\t\t\tmargin-left: 0;\n\t\t\t}\n\t\t\t\/* see gallery_shortcode() in wp-includes\/media.php *\/\n\t\t<\/style>\n\t\t<div id='gallery-1' class='gallery galleryid-5087 gallery-columns-1 gallery-size-large'><dl class='gallery-item'>\n\t\t\t<dt class='gallery-icon portrait'>\n\t\t\t\t<img loading=\"lazy\" decoding=\"async\" width=\"620\" height=\"782\" src=\"https:\/\/www.damianzimmermann.de\/blog\/wp-content\/uploads\/WARHOL-05732.jpg\" class=\"attachment-large size-large\" alt=\"\" aria-describedby=\"gallery-1-5091\" srcset=\"https:\/\/www.damianzimmermann.de\/blog\/wp-content\/uploads\/WARHOL-05732.jpg 714w, https:\/\/www.damianzimmermann.de\/blog\/wp-content\/uploads\/WARHOL-05732-119x150.jpg 119w, https:\/\/www.damianzimmermann.de\/blog\/wp-content\/uploads\/WARHOL-05732-317x400.jpg 317w\" sizes=\"auto, (max-width: 620px) 100vw, 620px\" \/>\n\t\t\t<\/dt>\n\t\t\t\t<dd class='wp-caption-text gallery-caption' id='gallery-1-5091'>\n\t\t\t\tAndy Warhol: Self-Portrait (in Drag), 1981\n\t\t\t\t<\/dd><\/dl><br style=\"clear: both\" \/><dl class='gallery-item'>\n\t\t\t<dt class='gallery-icon portrait'>\n\t\t\t\t<img loading=\"lazy\" decoding=\"async\" width=\"620\" height=\"772\" src=\"https:\/\/www.damianzimmermann.de\/blog\/wp-content\/uploads\/WARHOL-05748.jpg\" class=\"attachment-large size-large\" alt=\"\" aria-describedby=\"gallery-1-5094\" srcset=\"https:\/\/www.damianzimmermann.de\/blog\/wp-content\/uploads\/WARHOL-05748.jpg 723w, https:\/\/www.damianzimmermann.de\/blog\/wp-content\/uploads\/WARHOL-05748-120x150.jpg 120w, https:\/\/www.damianzimmermann.de\/blog\/wp-content\/uploads\/WARHOL-05748-321x400.jpg 321w\" sizes=\"auto, (max-width: 620px) 100vw, 620px\" \/>\n\t\t\t<\/dt>\n\t\t\t\t<dd class='wp-caption-text gallery-caption' id='gallery-1-5094'>\n\t\t\t\tAndy Warhol: Muhammad Ali\n\t\t\t\t<\/dd><\/dl><br style=\"clear: both\" \/><dl class='gallery-item'>\n\t\t\t<dt class='gallery-icon portrait'>\n\t\t\t\t<img loading=\"lazy\" decoding=\"async\" width=\"620\" height=\"779\" src=\"https:\/\/www.damianzimmermann.de\/blog\/wp-content\/uploads\/WARHOL-05743.jpg\" class=\"attachment-large size-large\" alt=\"\" aria-describedby=\"gallery-1-5092\" srcset=\"https:\/\/www.damianzimmermann.de\/blog\/wp-content\/uploads\/WARHOL-05743.jpg 716w, https:\/\/www.damianzimmermann.de\/blog\/wp-content\/uploads\/WARHOL-05743-119x150.jpg 119w, https:\/\/www.damianzimmermann.de\/blog\/wp-content\/uploads\/WARHOL-05743-318x400.jpg 318w\" sizes=\"auto, (max-width: 620px) 100vw, 620px\" \/>\n\t\t\t<\/dt>\n\t\t\t\t<dd class='wp-caption-text gallery-caption' id='gallery-1-5092'>\n\t\t\t\tAndy Warhol: Joseph Beuys\n\t\t\t\t<\/dd><\/dl><br style=\"clear: both\" \/><dl class='gallery-item'>\n\t\t\t<dt class='gallery-icon portrait'>\n\t\t\t\t<img loading=\"lazy\" decoding=\"async\" width=\"620\" height=\"777\" src=\"https:\/\/www.damianzimmermann.de\/blog\/wp-content\/uploads\/WARHOL-05746.jpg\" class=\"attachment-large size-large\" alt=\"\" aria-describedby=\"gallery-1-5093\" srcset=\"https:\/\/www.damianzimmermann.de\/blog\/wp-content\/uploads\/WARHOL-05746.jpg 718w, https:\/\/www.damianzimmermann.de\/blog\/wp-content\/uploads\/WARHOL-05746-119x150.jpg 119w, https:\/\/www.damianzimmermann.de\/blog\/wp-content\/uploads\/WARHOL-05746-319x400.jpg 319w\" sizes=\"auto, (max-width: 620px) 100vw, 620px\" \/>\n\t\t\t<\/dt>\n\t\t\t\t<dd class='wp-caption-text gallery-caption' id='gallery-1-5093'>\n\t\t\t\tAndy Warhol: Liza Minnelli\n\t\t\t\t<\/dd><\/dl><br style=\"clear: both\" \/><dl class='gallery-item'>\n\t\t\t<dt class='gallery-icon landscape'>\n\t\t\t\t<img loading=\"lazy\" decoding=\"async\" width=\"620\" height=\"477\" src=\"https:\/\/www.damianzimmermann.de\/blog\/wp-content\/uploads\/schwarz-rot-weiss.jpg\" class=\"attachment-large size-large\" alt=\"\" aria-describedby=\"gallery-1-5090\" srcset=\"https:\/\/www.damianzimmermann.de\/blog\/wp-content\/uploads\/schwarz-rot-weiss.jpg 900w, https:\/\/www.damianzimmermann.de\/blog\/wp-content\/uploads\/schwarz-rot-weiss-195x150.jpg 195w, https:\/\/www.damianzimmermann.de\/blog\/wp-content\/uploads\/schwarz-rot-weiss-400x307.jpg 400w\" sizes=\"auto, (max-width: 620px) 100vw, 620px\" \/>\n\t\t\t<\/dt>\n\t\t\t\t<dd class='wp-caption-text gallery-caption' id='gallery-1-5090'>\n\t\t\t\tJosef Schulz: Schwarz rot weiss, 2009, C-Print, 100 x 130 cm\n\t\t\t\t<\/dd><\/dl><br style=\"clear: both\" \/><dl class='gallery-item'>\n\t\t\t<dt class='gallery-icon landscape'>\n\t\t\t\t<img loading=\"lazy\" decoding=\"async\" width=\"620\" height=\"477\" src=\"https:\/\/www.damianzimmermann.de\/blog\/wp-content\/uploads\/weiss-rot-1.jpg\" class=\"attachment-large size-large\" alt=\"\" aria-describedby=\"gallery-1-5096\" srcset=\"https:\/\/www.damianzimmermann.de\/blog\/wp-content\/uploads\/weiss-rot-1.jpg 900w, https:\/\/www.damianzimmermann.de\/blog\/wp-content\/uploads\/weiss-rot-1-195x150.jpg 195w, https:\/\/www.damianzimmermann.de\/blog\/wp-content\/uploads\/weiss-rot-1-400x307.jpg 400w\" sizes=\"auto, (max-width: 620px) 100vw, 620px\" \/>\n\t\t\t<\/dt>\n\t\t\t\t<dd class='wp-caption-text gallery-caption' id='gallery-1-5096'>\n\t\t\t\tJosef Schulz: Weiss rot #1, 2009, C-Print, 100 x 130 cm\n\t\t\t\t<\/dd><\/dl><br style=\"clear: both\" \/><dl class='gallery-item'>\n\t\t\t<dt class='gallery-icon portrait'>\n\t\t\t\t<img loading=\"lazy\" decoding=\"async\" width=\"620\" height=\"822\" src=\"https:\/\/www.damianzimmermann.de\/blog\/wp-content\/uploads\/weiss-dreieck.jpg\" class=\"attachment-large size-large\" alt=\"\" aria-describedby=\"gallery-1-5095\" srcset=\"https:\/\/www.damianzimmermann.de\/blog\/wp-content\/uploads\/weiss-dreieck.jpg 679w, https:\/\/www.damianzimmermann.de\/blog\/wp-content\/uploads\/weiss-dreieck-113x150.jpg 113w, https:\/\/www.damianzimmermann.de\/blog\/wp-content\/uploads\/weiss-dreieck-301x400.jpg 301w\" sizes=\"auto, (max-width: 620px) 100vw, 620px\" \/>\n\t\t\t<\/dt>\n\t\t\t\t<dd class='wp-caption-text gallery-caption' id='gallery-1-5095'>\n\t\t\t\tJosef Schulz: Weiss Dreieck, 2009, C-Print, 132,5 x 100 cm\n\t\t\t\t<\/dd><\/dl><br style=\"clear: both\" \/><dl class='gallery-item'>\n\t\t\t<dt class='gallery-icon portrait'>\n\t\t\t\t<img loading=\"lazy\" decoding=\"async\" width=\"620\" height=\"819\" src=\"https:\/\/www.damianzimmermann.de\/blog\/wp-content\/uploads\/gr\u00fcn-schwarz.jpg\" class=\"attachment-large size-large\" alt=\"\" aria-describedby=\"gallery-1-5089\" srcset=\"https:\/\/www.damianzimmermann.de\/blog\/wp-content\/uploads\/gr\u00fcn-schwarz.jpg 681w, https:\/\/www.damianzimmermann.de\/blog\/wp-content\/uploads\/gr\u00fcn-schwarz-113x150.jpg 113w, https:\/\/www.damianzimmermann.de\/blog\/wp-content\/uploads\/gr\u00fcn-schwarz-302x400.jpg 302w\" sizes=\"auto, (max-width: 620px) 100vw, 620px\" \/>\n\t\t\t<\/dt>\n\t\t\t\t<dd class='wp-caption-text gallery-caption' id='gallery-1-5089'>\n\t\t\t\tJosef Schulz: Gr\u00fcn schwarz, 2009, C-Print, 132,2 x 100 cm\n\t\t\t\t<\/dd><\/dl><br style=\"clear: both\" \/>\n\t\t<\/div>\n\n","protected":false},"excerpt":{"rendered":"<p>In einem gemeinsamen Artikel im K\u00f6lner Stadt-Anzeiger habe ich zwei Ausstellungen besprochen, die zurzeit in K\u00f6ln zu sehen sind: Die Galerie Priska Pasquer zeigt Polaroids, die Andy Warhol&#8230;<\/p>\n","protected":false},"author":1,"featured_media":5094,"comment_status":"closed","ping_status":"open","sticky":false,"template":"","format":"standard","meta":{"footnotes":""},"categories":[6],"tags":[595,399,72],"class_list":["post-5087","post","type-post","status-publish","format-standard","has-post-thumbnail","hentry","category-ausstellungen","tag-andy-warhol","tag-josef-schulz","tag-polaroid"],"_links":{"self":[{"href":"https:\/\/www.damianzimmermann.de\/blog\/wp-json\/wp\/v2\/posts\/5087","targetHints":{"allow":["GET"]}}],"collection":[{"href":"https:\/\/www.damianzimmermann.de\/blog\/wp-json\/wp\/v2\/posts"}],"about":[{"href":"https:\/\/www.damianzimmermann.de\/blog\/wp-json\/wp\/v2\/types\/post"}],"author":[{"embeddable":true,"href":"https:\/\/www.damianzimmermann.de\/blog\/wp-json\/wp\/v2\/users\/1"}],"replies":[{"embeddable":true,"href":"https:\/\/www.damianzimmermann.de\/blog\/wp-json\/wp\/v2\/comments?post=5087"}],"version-history":[{"count":25,"href":"https:\/\/www.damianzimmermann.de\/blog\/wp-json\/wp\/v2\/posts\/5087\/revisions"}],"predecessor-version":[{"id":20582,"href":"https:\/\/www.damianzimmermann.de\/blog\/wp-json\/wp\/v2\/posts\/5087\/revisions\/20582"}],"wp:featuredmedia":[{"embeddable":true,"href":"https:\/\/www.damianzimmermann.de\/blog\/wp-json\/wp\/v2\/media\/5094"}],"wp:attachment":[{"href":"https:\/\/www.damianzimmermann.de\/blog\/wp-json\/wp\/v2\/media?parent=5087"}],"wp:term":[{"taxonomy":"category","embeddable":true,"href":"https:\/\/www.damianzimmermann.de\/blog\/wp-json\/wp\/v2\/categories?post=5087"},{"taxonomy":"post_tag","embeddable":true,"href":"https:\/\/www.damianzimmermann.de\/blog\/wp-json\/wp\/v2\/tags?post=5087"}],"curies":[{"name":"wp","href":"https:\/\/api.w.org\/{rel}","templated":true}]}}