{"id":4985,"date":"2011-02-10T10:00:17","date_gmt":"2011-02-10T09:00:17","guid":{"rendered":"http:\/\/www.damianzimmermann.de\/blog\/?p=4985"},"modified":"2019-03-26T18:59:07","modified_gmt":"2019-03-26T17:59:07","slug":"thomas-boing-bei-kudlek-van-der-grinten","status":"publish","type":"post","link":"https:\/\/www.damianzimmermann.de\/blog\/thomas-boing-bei-kudlek-van-der-grinten\/","title":{"rendered":"Thomas B\u00f6ing bei Kudlek van der Grinten"},"content":{"rendered":"<p><strong>Thomas B\u00f6ing<\/strong> ist kein klassischer Fotograf, aber er arbeitet mit den Mitteln der Fotografie. Danach nimmt er sein Skalpell zur Hand und schneidet Fenster und T\u00fcren, Bilder und Tiere aus seinen Fotos heraus, rahmt sie und h\u00e4ngt sie an die Wand. Klingt simpel und ist es auch &#8211; aber es hat eine gro\u00dfe Wirkung auf seine Arbeiten.<\/p>\n<p>Wer mehr erfahren m\u00f6chte, dem\u00a0 m\u00f6chte ich meinen\u00a0<a href=\"https:\/\/www.damianzimmermann.de\/blog\/wp-content\/uploads\/Thomas-B\u00f6ing.pdf\" target=\"_blank\" rel=\"noopener noreferrer\">Text<\/a> aus dem K\u00f6lner Stadt-Anzeiger ans Herz legen. Au\u00dferdem ist im K\u00f6lner Salon Verlag unter dem Titel &#8222;Cut Out&#8220; eine Monografie mit Arbeiten von 2008 bis 2010 erschienen. Das Buch hat 84 Seiten und kostet 25 Euro.<\/p>\n<p>Links: <a href=\"http:\/\/www.kudlek-vandergrinten.de\/\" target=\"_blank\" rel=\"noopener noreferrer\">Kudlek van der Grinten Galerie<\/a>, <a href=\"http:\/\/www.salon-verlag.de\/\" target=\"_blank\" rel=\"noopener noreferrer\">Salon Verlag<\/a><\/p>\n\n\t\t<style type=\"text\/css\">\n\t\t\t#gallery-1 {\n\t\t\t\tmargin: auto;\n\t\t\t}\n\t\t\t#gallery-1 .gallery-item {\n\t\t\t\tfloat: left;\n\t\t\t\tmargin-top: 10px;\n\t\t\t\ttext-align: center;\n\t\t\t\twidth: 100%;\n\t\t\t}\n\t\t\t#gallery-1 img {\n\t\t\t\tborder: 2px solid #cfcfcf;\n\t\t\t}\n\t\t\t#gallery-1 .gallery-caption {\n\t\t\t\tmargin-left: 0;\n\t\t\t}\n\t\t\t\/* see gallery_shortcode() in wp-includes\/media.php *\/\n\t\t<\/style>\n\t\t<div id='gallery-1' class='gallery galleryid-4985 gallery-columns-1 gallery-size-large'><dl class='gallery-item'>\n\t\t\t<dt class='gallery-icon landscape'>\n\t\t\t\t<img loading=\"lazy\" decoding=\"async\" width=\"620\" height=\"404\" src=\"https:\/\/www.damianzimmermann.de\/blog\/wp-content\/uploads\/B\u00f6ing_08.07.2008-UddzTr-21-Fotografie-geschnitten-20-x-30-cm.jpg\" class=\"attachment-large size-large\" alt=\"\" aria-describedby=\"gallery-1-4989\" srcset=\"https:\/\/www.damianzimmermann.de\/blog\/wp-content\/uploads\/B\u00f6ing_08.07.2008-UddzTr-21-Fotografie-geschnitten-20-x-30-cm.jpg 900w, https:\/\/www.damianzimmermann.de\/blog\/wp-content\/uploads\/B\u00f6ing_08.07.2008-UddzTr-21-Fotografie-geschnitten-20-x-30-cm-200x130.jpg 200w, https:\/\/www.damianzimmermann.de\/blog\/wp-content\/uploads\/B\u00f6ing_08.07.2008-UddzTr-21-Fotografie-geschnitten-20-x-30-cm-400x260.jpg 400w\" sizes=\"auto, (max-width: 620px) 100vw, 620px\" \/>\n\t\t\t<\/dt>\n\t\t\t\t<dd class='wp-caption-text gallery-caption' id='gallery-1-4989'>\n\t\t\t\tThomas B\u00f6ing: &#8222;08.07.2008 (UddzTr) 21&#8220;, Fotografie, geschnitten, 20 x 30 cm\n\t\t\t\t<\/dd><\/dl><br style=\"clear: both\" \/><dl class='gallery-item'>\n\t\t\t<dt class='gallery-icon landscape'>\n\t\t\t\t<img loading=\"lazy\" decoding=\"async\" width=\"620\" height=\"406\" src=\"https:\/\/www.damianzimmermann.de\/blog\/wp-content\/uploads\/B\u00f6ing_08.07.2008-UddzTr-12-Fotografie-geschnitten-20-x-30-cm.jpg\" class=\"attachment-large size-large\" alt=\"\" aria-describedby=\"gallery-1-4988\" srcset=\"https:\/\/www.damianzimmermann.de\/blog\/wp-content\/uploads\/B\u00f6ing_08.07.2008-UddzTr-12-Fotografie-geschnitten-20-x-30-cm.jpg 900w, https:\/\/www.damianzimmermann.de\/blog\/wp-content\/uploads\/B\u00f6ing_08.07.2008-UddzTr-12-Fotografie-geschnitten-20-x-30-cm-200x131.jpg 200w, https:\/\/www.damianzimmermann.de\/blog\/wp-content\/uploads\/B\u00f6ing_08.07.2008-UddzTr-12-Fotografie-geschnitten-20-x-30-cm-400x262.jpg 400w\" sizes=\"auto, (max-width: 620px) 100vw, 620px\" \/>\n\t\t\t<\/dt>\n\t\t\t\t<dd class='wp-caption-text gallery-caption' id='gallery-1-4988'>\n\t\t\t\tThomas B\u00f6ing: &#8222;08.07.2008 (UddzTr) 12&#8220;, Fotografie, geschnitten, 20 x 30 cm\n\t\t\t\t<\/dd><\/dl><br style=\"clear: both\" \/><dl class='gallery-item'>\n\t\t\t<dt class='gallery-icon landscape'>\n\t\t\t\t<img loading=\"lazy\" decoding=\"async\" width=\"620\" height=\"409\" src=\"https:\/\/www.damianzimmermann.de\/blog\/wp-content\/uploads\/B\u00f6ing_16.01.2009-ML-6-Fotografie-geschnitten-20-x-30-cm.jpg\" class=\"attachment-large size-large\" alt=\"\" aria-describedby=\"gallery-1-4990\" srcset=\"https:\/\/www.damianzimmermann.de\/blog\/wp-content\/uploads\/B\u00f6ing_16.01.2009-ML-6-Fotografie-geschnitten-20-x-30-cm.jpg 900w, https:\/\/www.damianzimmermann.de\/blog\/wp-content\/uploads\/B\u00f6ing_16.01.2009-ML-6-Fotografie-geschnitten-20-x-30-cm-200x131.jpg 200w, https:\/\/www.damianzimmermann.de\/blog\/wp-content\/uploads\/B\u00f6ing_16.01.2009-ML-6-Fotografie-geschnitten-20-x-30-cm-400x263.jpg 400w\" sizes=\"auto, (max-width: 620px) 100vw, 620px\" \/>\n\t\t\t<\/dt>\n\t\t\t\t<dd class='wp-caption-text gallery-caption' id='gallery-1-4990'>\n\t\t\t\tThomas B\u00f6ing: &#8222;16.01.2009 (ML) 6&#8220;, Fotografie, geschnitten, 20 x 30 cm\n\t\t\t\t<\/dd><\/dl><br style=\"clear: both\" \/><dl class='gallery-item'>\n\t\t\t<dt class='gallery-icon landscape'>\n\t\t\t\t<img loading=\"lazy\" decoding=\"async\" width=\"620\" height=\"405\" src=\"https:\/\/www.damianzimmermann.de\/blog\/wp-content\/uploads\/B\u00f6ing_23.04.2010-AC-11-Fotografie-geschnitten-20-x-30-cm.jpg\" class=\"attachment-large size-large\" alt=\"\" aria-describedby=\"gallery-1-4992\" srcset=\"https:\/\/www.damianzimmermann.de\/blog\/wp-content\/uploads\/B\u00f6ing_23.04.2010-AC-11-Fotografie-geschnitten-20-x-30-cm.jpg 900w, https:\/\/www.damianzimmermann.de\/blog\/wp-content\/uploads\/B\u00f6ing_23.04.2010-AC-11-Fotografie-geschnitten-20-x-30-cm-200x130.jpg 200w, https:\/\/www.damianzimmermann.de\/blog\/wp-content\/uploads\/B\u00f6ing_23.04.2010-AC-11-Fotografie-geschnitten-20-x-30-cm-400x261.jpg 400w\" sizes=\"auto, (max-width: 620px) 100vw, 620px\" \/>\n\t\t\t<\/dt>\n\t\t\t\t<dd class='wp-caption-text gallery-caption' id='gallery-1-4992'>\n\t\t\t\tThomas B\u00f6ing: &#8222;23.04.2010 (AC) 11&#8220;, Fotografie, geschnitten, 20 x 30 cm\n\t\t\t\t<\/dd><\/dl><br style=\"clear: both\" \/><dl class='gallery-item'>\n\t\t\t<dt class='gallery-icon landscape'>\n\t\t\t\t<img loading=\"lazy\" decoding=\"async\" width=\"620\" height=\"406\" src=\"https:\/\/www.damianzimmermann.de\/blog\/wp-content\/uploads\/B\u00f6ing_28.03.2008-MK-3_ausverkauft..jpg\" class=\"attachment-large size-large\" alt=\"\" aria-describedby=\"gallery-1-4993\" srcset=\"https:\/\/www.damianzimmermann.de\/blog\/wp-content\/uploads\/B\u00f6ing_28.03.2008-MK-3_ausverkauft..jpg 900w, https:\/\/www.damianzimmermann.de\/blog\/wp-content\/uploads\/B\u00f6ing_28.03.2008-MK-3_ausverkauft.-200x130.jpg 200w, https:\/\/www.damianzimmermann.de\/blog\/wp-content\/uploads\/B\u00f6ing_28.03.2008-MK-3_ausverkauft.-400x261.jpg 400w\" sizes=\"auto, (max-width: 620px) 100vw, 620px\" \/>\n\t\t\t<\/dt>\n\t\t\t\t<dd class='wp-caption-text gallery-caption' id='gallery-1-4993'>\n\t\t\t\tThomas B\u00f6ing: &#8222;28.03.2008 (MK) 3&#8220;, Fotografie, geschnitten, 20 x 30cm\n\t\t\t\t<\/dd><\/dl><br style=\"clear: both\" \/><dl class='gallery-item'>\n\t\t\t<dt class='gallery-icon landscape'>\n\t\t\t\t<img loading=\"lazy\" decoding=\"async\" width=\"620\" height=\"513\" src=\"https:\/\/www.damianzimmermann.de\/blog\/wp-content\/uploads\/B\u00f6ing_16.05.2010-GW-12-2010-cut-out-photograph-framed-43-x-53-cm.jpg\" class=\"attachment-large size-large\" alt=\"\" aria-describedby=\"gallery-1-4991\" srcset=\"https:\/\/www.damianzimmermann.de\/blog\/wp-content\/uploads\/B\u00f6ing_16.05.2010-GW-12-2010-cut-out-photograph-framed-43-x-53-cm.jpg 900w, https:\/\/www.damianzimmermann.de\/blog\/wp-content\/uploads\/B\u00f6ing_16.05.2010-GW-12-2010-cut-out-photograph-framed-43-x-53-cm-181x150.jpg 181w, https:\/\/www.damianzimmermann.de\/blog\/wp-content\/uploads\/B\u00f6ing_16.05.2010-GW-12-2010-cut-out-photograph-framed-43-x-53-cm-400x331.jpg 400w\" sizes=\"auto, (max-width: 620px) 100vw, 620px\" \/>\n\t\t\t<\/dt>\n\t\t\t\t<dd class='wp-caption-text gallery-caption' id='gallery-1-4991'>\n\t\t\t\tThomas B\u00f6ing: &#8222;16.05.2010 (GW) 12&#8220;, Fotografie, geschnitten, gerahmt, 43 x 53 cm\n\t\t\t\t<\/dd><\/dl><br style=\"clear: both\" \/>\n\t\t<\/div>\n\n","protected":false},"excerpt":{"rendered":"<p>Thomas B\u00f6ing ist kein klassischer Fotograf, aber er arbeitet mit den Mitteln der Fotografie. Danach nimmt er sein Skalpell zur Hand und schneidet Fenster und T\u00fcren, Bilder und&#8230;<\/p>\n","protected":false},"author":1,"featured_media":4989,"comment_status":"closed","ping_status":"open","sticky":false,"template":"","format":"standard","meta":{"footnotes":""},"categories":[6],"tags":[592],"class_list":["post-4985","post","type-post","status-publish","format-standard","has-post-thumbnail","hentry","category-ausstellungen","tag-thomas-boing"],"_links":{"self":[{"href":"https:\/\/www.damianzimmermann.de\/blog\/wp-json\/wp\/v2\/posts\/4985","targetHints":{"allow":["GET"]}}],"collection":[{"href":"https:\/\/www.damianzimmermann.de\/blog\/wp-json\/wp\/v2\/posts"}],"about":[{"href":"https:\/\/www.damianzimmermann.de\/blog\/wp-json\/wp\/v2\/types\/post"}],"author":[{"embeddable":true,"href":"https:\/\/www.damianzimmermann.de\/blog\/wp-json\/wp\/v2\/users\/1"}],"replies":[{"embeddable":true,"href":"https:\/\/www.damianzimmermann.de\/blog\/wp-json\/wp\/v2\/comments?post=4985"}],"version-history":[{"count":24,"href":"https:\/\/www.damianzimmermann.de\/blog\/wp-json\/wp\/v2\/posts\/4985\/revisions"}],"predecessor-version":[{"id":20587,"href":"https:\/\/www.damianzimmermann.de\/blog\/wp-json\/wp\/v2\/posts\/4985\/revisions\/20587"}],"wp:featuredmedia":[{"embeddable":true,"href":"https:\/\/www.damianzimmermann.de\/blog\/wp-json\/wp\/v2\/media\/4989"}],"wp:attachment":[{"href":"https:\/\/www.damianzimmermann.de\/blog\/wp-json\/wp\/v2\/media?parent=4985"}],"wp:term":[{"taxonomy":"category","embeddable":true,"href":"https:\/\/www.damianzimmermann.de\/blog\/wp-json\/wp\/v2\/categories?post=4985"},{"taxonomy":"post_tag","embeddable":true,"href":"https:\/\/www.damianzimmermann.de\/blog\/wp-json\/wp\/v2\/tags?post=4985"}],"curies":[{"name":"wp","href":"https:\/\/api.w.org\/{rel}","templated":true}]}}