{"id":4891,"date":"2011-02-07T12:28:17","date_gmt":"2011-02-07T11:28:17","guid":{"rendered":"http:\/\/www.damianzimmermann.de\/blog\/?p=4891"},"modified":"2019-03-29T15:59:09","modified_gmt":"2019-03-29T14:59:09","slug":"zeitgeist-glamour-in-dusseldorf","status":"publish","type":"post","link":"https:\/\/www.damianzimmermann.de\/blog\/zeitgeist-glamour-in-dusseldorf\/","title":{"rendered":"&#8222;Zeitgeist &#038; Glamour&#8220; in D\u00fcsseldorf"},"content":{"rendered":"<p>Nach <a href=\"https:\/\/www.damianzimmermann.de\/blog\/?p=4820\" target=\"_blank\" rel=\"noopener noreferrer\">Sternstunden des Glamour<\/a> im <strong>Museum Ludwig<\/strong> wurde am Freitag die Ausstellung &#8222;Zeitgeist und Glamour&#8220; im <strong>NRW-Forum<\/strong> D\u00fcsseldorf er\u00f6ffnet. Beabsichtigt war diese Parallelit\u00e4t nicht, erm\u00f6glicht dem interessierten Besucher jedoch, sich intensiver mit den Themen Starkult und Mode zu besch\u00e4ftigen, denn &#8222;Zeitgeist und Glamour&#8220; setzt zeitlich da an, wo die K\u00f6lner Ausstellung aufh\u00f6rt: Gezeigt werden in D\u00fcsseldorf \u00fcber 400 Fotografien aus der &#8222;<strong>Nicola Erni Collection<\/strong>&#8222;, die mehr oder weniger unter der Klammer des Jet-Sets der 1960er und 70er Jahre zusammengehalten werden.<\/p>\n<p>Inhaltlich gehen die beiden Ausstellungen allerdings vollkommen andere Wege: Ruhig, sachlich und bescheiden punktet das Museum Ludwig mit den Sch\u00e4tzen aus seiner Fotografischen Sammlung, w\u00e4hrend das NRW-Forum fast ein wenig aufgeregt \u00fcberwiegend B-Ware pr\u00e4sentiert &#8211; wenn auch aufw\u00e4ndig und sehr sch\u00f6n aufbereitet. Mit dabei sind unter anderem Arbeiten von <strong>Richard Avedon<\/strong>, <strong>David Bailey<\/strong>, <strong>Bert Stern<\/strong>, <strong>Jeanloup Sieff<\/strong> und <strong>Diane Arbus<\/strong>, <strong>Ron Galella<\/strong>, <strong>Edward Quinn<\/strong>, <strong>Milton Gendel<\/strong>, <strong>Fred W. McDarrah<\/strong>, <strong>Thomas Hoepker<\/strong> und <strong>Rudi Meisel<\/strong>. Wer mehr wissen m\u00f6chte, kann sich meine ausf\u00fchrliche Besprechung, die heute bei artnet erschienen ist, <a href=\"http:\/\/www.artnet.de\/magazine\/zeitgeist-glamour-im-nrwforum-dusseldorf\/\" target=\"_blank\" rel=\"noopener noreferrer\">hier<\/a> durchlesen.<\/p>\n<p><em>Nachtrag: Weil das Artnet-Magazin leider nicht mehr existiert, gibt es meinen Artikel nun hier. <\/em><\/p>\n<p>&nbsp;<\/p>\n<h1>\u201eProminenten raten\u201c spielen<\/h1>\n<p class=\"western\">Die Er\u00f6ffnung von \u201eZeitgeist und Glamour\u201c glich ein wenig einer Galaveranstaltung \u2013 allerdings ohne Weltstars. Lediglich Jade Jagger, einzige Tochter von Mick und Bianca Jagger, schaute kurz vorbei, um sich vor der Pressewand mit dem markanten Sponsorenlogo ablichten zu lassen. Daf\u00fcr hatten sich aber zahlreiche Besucher in Schale geworfen und wurden im Eingangsbereich vom Blitzlichtgewitter einer Paparazzi-Wandinstallation empfangen. F\u00fcr eine Kunstausstellung ist ein solches Bohei eher ungew\u00f6hnlich \u2013 in diesem Fall aber doch irgendwie passend.<\/p>\n<p class=\"western\">Denn zu sehen sind erstmals \u00fcber 400 Exponate aus der Nicola Erni Collection. Die Schweizerin hat vor f\u00fcnf Jahren einige Schwarzwei\u00df-Fotografien zum Jetset von St. Moritz gekauft &#8211; und damit den Grundstein f\u00fcr ihrer heutige Sammlung gelegt. Ohne festes Konzept wuchs diese auf rund 1000 Arbeiten aus den 1960er und 70er Jahren an, und Erni fragte schlie\u00dflich das NRW Forum, ob sie dort nicht ausstellen d\u00fcrfe. Es ist ein Sammelsurium aus mitunter gro\u00dfartigen, meist jedoch weniger bekannten Modeaufnahmen und Star-Portr\u00e4ts von Richard Avedon, David Bailey, Bert Stern und Diane Arbus, seltenen Paparazzi-Troph\u00e4en von Ron Galella, Edward Quinn und Milton Gendel sowie einfachen Snapshots, das von Kuratorin Ira Stehmann und dem NRW-Forum in einer sehr sch\u00f6nen Clusterh\u00e4ngung gleichberechtigt pr\u00e4sentiert wird.<\/p>\n<h2>Schwarzeneggers intellektuelle Sprachlosigkeit<\/h2>\n<p class=\"western\">Dadurch, dass Erni nicht die ganz ber\u00fchmten Aufnahmen sammelt, bekommt der Besucher auch nicht das zu sehen, was er ohnehin schon zur Gen\u00fcge gesehen hat. Gleichzeitig birgt die Mischung aus Trivialem und Meisterhaftem, Allt\u00e4glichem und Besonderem Potential f\u00fcr eine spannende Gegen\u00fcberstellung, schlie\u00dflich bedingt das eine immer auch das andere. Theoretisch. Denn leider will der Funken selten \u00fcberspringen: Schnappsch\u00fcsse bleiben Schnappsch\u00fcsse, auch wenn Weltstars wie Alain Delon und Romy Schneider darauf zu sehen sind. Interessant wird es auf den Paparazzi-Bildern meist nur, wenn skurrile oder entbl\u00f6\u00dfende Momente eingefangen werden \u2013 Playboy Gunter Sachs war daf\u00fcr ein dankbares Motiv, zum Beispiel beim Open-Air-Schachspiel gegen eine nur mit einem Stringtanga bekleidete junge Dame. Grotesk ist auch ein Bild Fred W. McDarrahs: Es zeigt Arnold Schwarzenegger zu Besuch in Andy Warhols Factory \u2013 die intellektuelle Sprachlosigkeit des Muskelprotz&#8216; wird durch die betont l\u00e4ssig in den Manteltaschen steckenden H\u00e4nde unterstrichen.<\/p>\n<p class=\"western\">Pop traf auf Pop jegliche Couleur: K\u00fcnstler feierten mit Modemachern, Intellektuellen, Reichen, Sch\u00f6nen und Adeligen. Es war die Zeit des \u201eAnything goes\u201c und der Rebellion \u2013 allerdings ist zumindest vom letzten nichts zu sehen. Die rebellischsten Bilder sind die einer inszenierten Kissenschlacht der Beatles in einem Hotelzimmer und das gewaltt\u00e4tigste vielleicht das, auf der Sonia Romanoff dem aufdringlichen Paparazzo Rino Barillari ihre Eist\u00fcte ins Gesicht dr\u00fcckt &#8211; wenn man von Andy Warhols zernarbtem Bauch, fotografiert von Richard Avedon, einmal absieht.<\/p>\n<p class=\"western\">Die politisch-gesellschaftlichen Umw\u00e4lzungen und die Protestbewegungen der 60er und 70er Jahre kommen in der Nicola Erni Collection ebenfalls nicht vor \u2013 sie seien \u201ebewusst weggelassen\u201c worden, weil andere Ausstellungen diese Themen bereits zu gen\u00fcge beleuchtet h\u00e4tten. Ein wenig scheinen die Ausstellungsmacher ihr Gewissen aber doch beruhigen zu wollen und listen an einer Wand Begriffe wie \u201eNato-Doppelbeschluss\u201c, \u201e\u00d6lkrise\u201c und \u201eR\u00e4ucherst\u00e4bchen\u201c auf \u2013 von den D\u00fcsseldorfer Vernissage-Besuchern bleiben sie weitgehend unbeachtet.<\/p>\n<p class=\"western\">Die schwelgen lieber in Erinnerungen, spielen \u201eProminenten raten\u201c oder finden, wenn sie j\u00fcnger sind, die Zeit damals \u201eirgendwie cool\u201c. Das betonte auch der Leiter des NRW Forums, Werner Lippert, w\u00e4hrend der Pressekonferenz. So seien die \u201eFacebook-Freunde\u201c bei der Vorbesichtigung \u201erestlos begeistert\u201c gewesen: \u201eDie Generation 30 Minus f\u00e4hrt voll darauf ab.\u201c<\/p>\n<p>\u201e<i>Zeitgeist &amp; Glamour\u201c, NRW-Forum, D\u00fcsseldorf. Vom 4. Februar bis 15. Mai 2011. <\/i><i><br \/>\n<\/i><\/p>\n<p>Links: <a href=\"https:\/\/www.nrw-forum.de\/\" target=\"_blank\" rel=\"noopener noreferrer\">NRW-Forum<\/a><i>, <\/i><a href=\"https:\/\/www.irastehmann.com\/de\/press\/3\/\" target=\"_blank\" rel=\"noopener noreferrer\">Nicola Erni Collection<\/a><\/p>\n<p>&nbsp;<\/p>\n\n\t\t<style type=\"text\/css\">\n\t\t\t#gallery-1 {\n\t\t\t\tmargin: auto;\n\t\t\t}\n\t\t\t#gallery-1 .gallery-item {\n\t\t\t\tfloat: left;\n\t\t\t\tmargin-top: 10px;\n\t\t\t\ttext-align: center;\n\t\t\t\twidth: 100%;\n\t\t\t}\n\t\t\t#gallery-1 img {\n\t\t\t\tborder: 2px solid #cfcfcf;\n\t\t\t}\n\t\t\t#gallery-1 .gallery-caption {\n\t\t\t\tmargin-left: 0;\n\t\t\t}\n\t\t\t\/* see gallery_shortcode() in wp-includes\/media.php *\/\n\t\t<\/style>\n\t\t<div id='gallery-1' class='gallery galleryid-4891 gallery-columns-1 gallery-size-large'><dl class='gallery-item'>\n\t\t\t<dt class='gallery-icon portrait'>\n\t\t\t\t<img loading=\"lazy\" decoding=\"async\" width=\"620\" height=\"631\" src=\"https:\/\/www.damianzimmermann.de\/blog\/wp-content\/uploads\/JS0586.jpg\" class=\"attachment-large size-large\" alt=\"\" aria-describedby=\"gallery-1-4900\" srcset=\"https:\/\/www.damianzimmermann.de\/blog\/wp-content\/uploads\/JS0586.jpg 884w, https:\/\/www.damianzimmermann.de\/blog\/wp-content\/uploads\/JS0586-147x150.jpg 147w, https:\/\/www.damianzimmermann.de\/blog\/wp-content\/uploads\/JS0586-392x400.jpg 392w\" sizes=\"auto, (max-width: 620px) 100vw, 620px\" \/>\n\t\t\t<\/dt>\n\t\t\t\t<dd class='wp-caption-text gallery-caption' id='gallery-1-4900'>\n\t\t\t\tJeanloup Sieff: &#8222;Yves Saint Laurent&#8220;, 1971 \u00a9 The Estate of Jeanloup Sieff\n\t\t\t\t<\/dd><\/dl><br style=\"clear: both\" \/><dl class='gallery-item'>\n\t\t\t<dt class='gallery-icon portrait'>\n\t\t\t\t<img loading=\"lazy\" decoding=\"async\" width=\"620\" height=\"794\" src=\"https:\/\/www.damianzimmermann.de\/blog\/wp-content\/uploads\/JS0416.jpg\" class=\"attachment-large size-large\" alt=\"\" aria-describedby=\"gallery-1-4899\" srcset=\"https:\/\/www.damianzimmermann.de\/blog\/wp-content\/uploads\/JS0416.jpg 703w, https:\/\/www.damianzimmermann.de\/blog\/wp-content\/uploads\/JS0416-117x150.jpg 117w, https:\/\/www.damianzimmermann.de\/blog\/wp-content\/uploads\/JS0416-312x400.jpg 312w\" sizes=\"auto, (max-width: 620px) 100vw, 620px\" \/>\n\t\t\t<\/dt>\n\t\t\t\t<dd class='wp-caption-text gallery-caption' id='gallery-1-4899'>\n\t\t\t\tRichard Avedon: &#8222;Brigitte Bardot, actor, Paris&#8220;, January 1959 \u00a9 The Richard Avedon Foundation\n\t\t\t\t<\/dd><\/dl><br style=\"clear: both\" \/><dl class='gallery-item'>\n\t\t\t<dt class='gallery-icon portrait'>\n\t\t\t\t<img loading=\"lazy\" decoding=\"async\" width=\"620\" height=\"621\" src=\"https:\/\/www.damianzimmermann.de\/blog\/wp-content\/uploads\/JS0142.jpg\" class=\"attachment-large size-large\" alt=\"\" aria-describedby=\"gallery-1-4897\" srcset=\"https:\/\/www.damianzimmermann.de\/blog\/wp-content\/uploads\/JS0142.jpg 899w, https:\/\/www.damianzimmermann.de\/blog\/wp-content\/uploads\/JS0142-149x150.jpg 149w, https:\/\/www.damianzimmermann.de\/blog\/wp-content\/uploads\/JS0142-399x400.jpg 399w\" sizes=\"auto, (max-width: 620px) 100vw, 620px\" \/>\n\t\t\t<\/dt>\n\t\t\t\t<dd class='wp-caption-text gallery-caption' id='gallery-1-4897'>\n\t\t\t\tDavid Bailey: &#8222;Mick Jagger, Fur Hood&#8220;, 1964 \u00a9 David Bailey\n\t\t\t\t<\/dd><\/dl><br style=\"clear: both\" \/><dl class='gallery-item'>\n\t\t\t<dt class='gallery-icon landscape'>\n\t\t\t\t<img loading=\"lazy\" decoding=\"async\" width=\"620\" height=\"617\" src=\"https:\/\/www.damianzimmermann.de\/blog\/wp-content\/uploads\/JS0131.jpg\" class=\"attachment-large size-large\" alt=\"\" aria-describedby=\"gallery-1-4896\" srcset=\"https:\/\/www.damianzimmermann.de\/blog\/wp-content\/uploads\/JS0131.jpg 900w, https:\/\/www.damianzimmermann.de\/blog\/wp-content\/uploads\/JS0131-150x150.jpg 150w, https:\/\/www.damianzimmermann.de\/blog\/wp-content\/uploads\/JS0131-400x397.jpg 400w\" sizes=\"auto, (max-width: 620px) 100vw, 620px\" \/>\n\t\t\t<\/dt>\n\t\t\t\t<dd class='wp-caption-text gallery-caption' id='gallery-1-4896'>\n\t\t\t\tBert Stern: &#8222;Twiggy, VOGUE&#8220;, 1967 \u00a9 Bert Stern\n\t\t\t\t<\/dd><\/dl><br style=\"clear: both\" \/><dl class='gallery-item'>\n\t\t\t<dt class='gallery-icon landscape'>\n\t\t\t\t<img loading=\"lazy\" decoding=\"async\" width=\"620\" height=\"486\" src=\"https:\/\/www.damianzimmermann.de\/blog\/wp-content\/uploads\/JS0094.jpg\" class=\"attachment-large size-large\" alt=\"\" aria-describedby=\"gallery-1-4894\" srcset=\"https:\/\/www.damianzimmermann.de\/blog\/wp-content\/uploads\/JS0094.jpg 900w, https:\/\/www.damianzimmermann.de\/blog\/wp-content\/uploads\/JS0094-191x150.jpg 191w, https:\/\/www.damianzimmermann.de\/blog\/wp-content\/uploads\/JS0094-400x313.jpg 400w\" sizes=\"auto, (max-width: 620px) 100vw, 620px\" \/>\n\t\t\t<\/dt>\n\t\t\t\t<dd class='wp-caption-text gallery-caption' id='gallery-1-4894'>\n\t\t\t\tGiacomo Alexis: &#8222;Un gelato in faccia di Rino Barillari da Sonia Romanoff in Via Veneto, Roma&#8220;, 1970 \u00a9 Giacomo Alexis\n\t\t\t\t<\/dd><\/dl><br style=\"clear: both\" \/><dl class='gallery-item'>\n\t\t\t<dt class='gallery-icon landscape'>\n\t\t\t\t<img loading=\"lazy\" decoding=\"async\" width=\"620\" height=\"492\" src=\"https:\/\/www.damianzimmermann.de\/blog\/wp-content\/uploads\/JS0100.jpg\" class=\"attachment-large size-large\" alt=\"\" aria-describedby=\"gallery-1-4895\" srcset=\"https:\/\/www.damianzimmermann.de\/blog\/wp-content\/uploads\/JS0100.jpg 900w, https:\/\/www.damianzimmermann.de\/blog\/wp-content\/uploads\/JS0100-189x150.jpg 189w, https:\/\/www.damianzimmermann.de\/blog\/wp-content\/uploads\/JS0100-400x317.jpg 400w\" sizes=\"auto, (max-width: 620px) 100vw, 620px\" \/>\n\t\t\t<\/dt>\n\t\t\t\t<dd class='wp-caption-text gallery-caption' id='gallery-1-4895'>\n\t\t\t\tPaul Schmulbach: &#8222;Guarding against the Godfather &#8211; Marlon Brando and Ron Galella, The Waldorf Hotel, New York&#8220;, November 1974 \u00a9 Ron Galella, Ltd.\n\t\t\t\t<\/dd><\/dl><br style=\"clear: both\" \/><dl class='gallery-item'>\n\t\t\t<dt class='gallery-icon portrait'>\n\t\t\t\t<img loading=\"lazy\" decoding=\"async\" width=\"613\" height=\"900\" src=\"https:\/\/www.damianzimmermann.de\/blog\/wp-content\/uploads\/JS0268.jpg\" class=\"attachment-large size-large\" alt=\"\" aria-describedby=\"gallery-1-4898\" srcset=\"https:\/\/www.damianzimmermann.de\/blog\/wp-content\/uploads\/JS0268.jpg 613w, https:\/\/www.damianzimmermann.de\/blog\/wp-content\/uploads\/JS0268-102x150.jpg 102w, https:\/\/www.damianzimmermann.de\/blog\/wp-content\/uploads\/JS0268-272x400.jpg 272w\" sizes=\"auto, (max-width: 613px) 100vw, 613px\" \/>\n\t\t\t<\/dt>\n\t\t\t\t<dd class='wp-caption-text gallery-caption' id='gallery-1-4898'>\n\t\t\t\tThomas Hoepker: &#8222;Gunter Sachs im Pelzmantel&#8220;, 1966 \u00a9 Thomas Hoepker\/Magnum Photos\n\t\t\t\t<\/dd><\/dl><br style=\"clear: both\" \/><dl class='gallery-item'>\n\t\t\t<dt class='gallery-icon portrait'>\n\t\t\t\t<img loading=\"lazy\" decoding=\"async\" width=\"604\" height=\"900\" src=\"https:\/\/www.damianzimmermann.de\/blog\/wp-content\/uploads\/JS0780.jpg\" class=\"attachment-large size-large\" alt=\"\" aria-describedby=\"gallery-1-4903\" srcset=\"https:\/\/www.damianzimmermann.de\/blog\/wp-content\/uploads\/JS0780.jpg 604w, https:\/\/www.damianzimmermann.de\/blog\/wp-content\/uploads\/JS0780-100x150.jpg 100w, https:\/\/www.damianzimmermann.de\/blog\/wp-content\/uploads\/JS0780-268x400.jpg 268w\" sizes=\"auto, (max-width: 604px) 100vw, 604px\" \/>\n\t\t\t<\/dt>\n\t\t\t\t<dd class='wp-caption-text gallery-caption' id='gallery-1-4903'>\n\t\t\t\tRudi Meisel: &#8222;Picadilly Circus, London&#8220;, 1968 \u00a9 Rudi Meisel\n\t\t\t\t<\/dd><\/dl><br style=\"clear: both\" \/><dl class='gallery-item'>\n\t\t\t<dt class='gallery-icon portrait'>\n\t\t\t\t<img loading=\"lazy\" decoding=\"async\" width=\"620\" height=\"825\" src=\"https:\/\/www.damianzimmermann.de\/blog\/wp-content\/uploads\/JS0735.jpg\" class=\"attachment-large size-large\" alt=\"\" aria-describedby=\"gallery-1-4902\" srcset=\"https:\/\/www.damianzimmermann.de\/blog\/wp-content\/uploads\/JS0735.jpg 676w, https:\/\/www.damianzimmermann.de\/blog\/wp-content\/uploads\/JS0735-112x150.jpg 112w, https:\/\/www.damianzimmermann.de\/blog\/wp-content\/uploads\/JS0735-300x400.jpg 300w\" sizes=\"auto, (max-width: 620px) 100vw, 620px\" \/>\n\t\t\t<\/dt>\n\t\t\t\t<dd class='wp-caption-text gallery-caption' id='gallery-1-4902'>\n\t\t\t\tRon Galella: &#8222;Lester Persky, Andy Warhol and Truman Capote, New York&#8220;, December 1978 \u00a9 Ron Galella, Ltd\n\t\t\t\t<\/dd><\/dl><br style=\"clear: both\" \/>\n\t\t<\/div>\n\n","protected":false},"excerpt":{"rendered":"<p>Nach Sternstunden des Glamour im Museum Ludwig wurde am Freitag die Ausstellung &#8222;Zeitgeist und Glamour&#8220; im NRW-Forum D\u00fcsseldorf er\u00f6ffnet. Beabsichtigt war diese Parallelit\u00e4t nicht, erm\u00f6glicht dem interessierten Besucher&#8230;<\/p>\n","protected":false},"author":1,"featured_media":4900,"comment_status":"closed","ping_status":"open","sticky":false,"template":"","format":"standard","meta":{"footnotes":""},"categories":[6],"tags":[583,582,267,585,587,590,586,581,575,584,589,588],"class_list":["post-4891","post","type-post","status-publish","format-standard","has-post-thumbnail","hentry","category-ausstellungen","tag-bert-stern","tag-david-bailey","tag-diane-arbus","tag-edward-quinn","tag-fred-w-mcdarrah","tag-jeanloup-sieff","tag-milton-gendel","tag-nicola-erni-collection","tag-richard-avedon","tag-ron-galella","tag-rudi-meisel","tag-thomas-hoepker"],"_links":{"self":[{"href":"https:\/\/www.damianzimmermann.de\/blog\/wp-json\/wp\/v2\/posts\/4891","targetHints":{"allow":["GET"]}}],"collection":[{"href":"https:\/\/www.damianzimmermann.de\/blog\/wp-json\/wp\/v2\/posts"}],"about":[{"href":"https:\/\/www.damianzimmermann.de\/blog\/wp-json\/wp\/v2\/types\/post"}],"author":[{"embeddable":true,"href":"https:\/\/www.damianzimmermann.de\/blog\/wp-json\/wp\/v2\/users\/1"}],"replies":[{"embeddable":true,"href":"https:\/\/www.damianzimmermann.de\/blog\/wp-json\/wp\/v2\/comments?post=4891"}],"version-history":[{"count":61,"href":"https:\/\/www.damianzimmermann.de\/blog\/wp-json\/wp\/v2\/posts\/4891\/revisions"}],"predecessor-version":[{"id":20871,"href":"https:\/\/www.damianzimmermann.de\/blog\/wp-json\/wp\/v2\/posts\/4891\/revisions\/20871"}],"wp:featuredmedia":[{"embeddable":true,"href":"https:\/\/www.damianzimmermann.de\/blog\/wp-json\/wp\/v2\/media\/4900"}],"wp:attachment":[{"href":"https:\/\/www.damianzimmermann.de\/blog\/wp-json\/wp\/v2\/media?parent=4891"}],"wp:term":[{"taxonomy":"category","embeddable":true,"href":"https:\/\/www.damianzimmermann.de\/blog\/wp-json\/wp\/v2\/categories?post=4891"},{"taxonomy":"post_tag","embeddable":true,"href":"https:\/\/www.damianzimmermann.de\/blog\/wp-json\/wp\/v2\/tags?post=4891"}],"curies":[{"name":"wp","href":"https:\/\/api.w.org\/{rel}","templated":true}]}}