{"id":4820,"date":"2011-02-03T11:30:30","date_gmt":"2011-02-03T10:30:30","guid":{"rendered":"http:\/\/www.damianzimmermann.de\/blog\/?p=4820"},"modified":"2019-03-26T19:04:09","modified_gmt":"2019-03-26T18:04:09","slug":"sternstunden-des-glamour","status":"publish","type":"post","link":"https:\/\/www.damianzimmermann.de\/blog\/sternstunden-des-glamour\/","title":{"rendered":"&#8222;Sternstunden des Glamour&#8220; in K\u00f6ln"},"content":{"rendered":"<p>Nach &#8222;Meisterwerke aus der Fotografischen Sammlung&#8220; und &#8222;Fotografien des 19. Jahrhunderts aus Japan und China&#8220; zeigt das <strong>Museum Ludwig<\/strong> in K\u00f6ln erneut eine kleine, aber \u00e4u\u00dferst feine Auswahl aus seinem riesigen fotografischen Archiv. Thematisch geht es um die &#8222;Sternstunden des Glamour &#8211; Gesellschaftsbilder, K\u00fcnstlerportr\u00e4ts und Modefotografien des 20. Jahrhunderts&#8220;, wobei die Fotos \u00fcberwiegend aus der Sammlung L. Fritz Gruber stammen.<\/p>\n<p>Der Fokus liegt auf der ersten Generation der f\u00fchrenden Mode- und Werbefotografen des 20. Jahrhunderts: <strong>Cecil Beaton<\/strong>, <strong>George Hoyningen-Huene<\/strong> und vor allem <strong>Horst P. Horst<\/strong>, von dem fast die H\u00e4lfte der 56 gezeigten Arbeiten stammen. Sie profitierten von der allgemeinen Medieneuphorie der 1920er Jahre mit der expandierenden illustrierten Presse und der Filmindustrie sowie von der Entwicklung der Modewelten, die nach dem Ersten Weltkrieg auch ein v\u00f6llig neues Lebensgef\u00fchl entstehen lie\u00df. Dass sie sich selbst mehr als K\u00fcnstler denn als einfache Fotografen sahen, erkl\u00e4rt auch die suggestive und die Aufmerksamkeit auf sich ziehende Wirkung ihrer Bilder. Auff\u00e4llig ist vor allem die dramatische Lichtsetzung und die meisterhafte Inszenierung: &#8222;Bei Horst P. Horst sieht alles nach Marmor aus &#8211; obwohl alles Pappe war&#8220;, sagt der Kurator der Ausstellung, <strong>Bodo von Dewitz<\/strong>.<\/p>\n<p>Mit ihren Bildern haben Horst, Hoyningen-Huene und Beaton, der sich selbst als &#8222;fanatischen \u00c4stheten&#8220; bezeichnete, Stars wie <strong>Marlene Dietrich<\/strong>, <strong>Audrey Hepburn<\/strong> oder die Jet-Set-Ikone <strong>Barbara Hutton<\/strong> weiter popularisiert &#8211; und das teilweise mit absurden Mitteln und surrealen Effekten wie die in Cellophanfolie eingewickelte <strong>Nancy Beaton<\/strong>, die auch das Ausstellungsplakat ziert. Entsprechend gro\u00df war ihr Einfluss auf die n\u00e4chste Generation der Modefotografen wie <strong>Richard Avedon<\/strong>, <strong>Irving Penn<\/strong> und <strong>Angus McBean<\/strong>, von denen ebenfalls Arbeiten zu sehen sind &#8211; unter anderem Avedons ikonenhafte &#8222;Dovima mit Elefanten&#8220;, das erst im November f\u00fcr \u00fcber eine Million Dollar versteigert wurde (allerding als deutlich gr\u00f6\u00dferer Abzug).<\/p>\n<p>Die Ausstellung ist bis zum 4. September im Museum Ludwig zu sehen.<\/p>\n<p>Links: <a href=\"http:\/\/www.museenkoeln.de\/museum-ludwig\/default.asp?s=3342\" target=\"_blank\" rel=\"noopener noreferrer\">Museum Ludwig<\/a><\/p>\n\n\t\t<style type=\"text\/css\">\n\t\t\t#gallery-1 {\n\t\t\t\tmargin: auto;\n\t\t\t}\n\t\t\t#gallery-1 .gallery-item {\n\t\t\t\tfloat: left;\n\t\t\t\tmargin-top: 10px;\n\t\t\t\ttext-align: center;\n\t\t\t\twidth: 100%;\n\t\t\t}\n\t\t\t#gallery-1 img {\n\t\t\t\tborder: 2px solid #cfcfcf;\n\t\t\t}\n\t\t\t#gallery-1 .gallery-caption {\n\t\t\t\tmargin-left: 0;\n\t\t\t}\n\t\t\t\/* see gallery_shortcode() in wp-includes\/media.php *\/\n\t\t<\/style>\n\t\t<div id='gallery-1' class='gallery galleryid-4820 gallery-columns-1 gallery-size-large'><dl class='gallery-item'>\n\t\t\t<dt class='gallery-icon portrait'>\n\t\t\t\t<img loading=\"lazy\" decoding=\"async\" width=\"620\" height=\"776\" src=\"https:\/\/www.damianzimmermann.de\/blog\/wp-content\/uploads\/Penn_Dietrich.jpg\" class=\"attachment-large size-large\" alt=\"\" aria-describedby=\"gallery-1-4835\" srcset=\"https:\/\/www.damianzimmermann.de\/blog\/wp-content\/uploads\/Penn_Dietrich.jpg 719w, https:\/\/www.damianzimmermann.de\/blog\/wp-content\/uploads\/Penn_Dietrich-119x150.jpg 119w, https:\/\/www.damianzimmermann.de\/blog\/wp-content\/uploads\/Penn_Dietrich-319x400.jpg 319w\" sizes=\"auto, (max-width: 620px) 100vw, 620px\" \/>\n\t\t\t<\/dt>\n\t\t\t\t<dd class='wp-caption-text gallery-caption' id='gallery-1-4835'>\n\t\t\t\tIrving Penn: &#8222;Marlene Dietrich&#8220;, 1950, Foto: Rheinisches Bildarchiv K\u00f6ln \u00a9 Courtesy Vogue. The Cond\u00e9 Nast Publications Inc., New York Museum Ludwig K\u00f6ln \/ Fotografische Sammlung (Sammlung Gruber)\n\t\t\t\t<\/dd><\/dl><br style=\"clear: both\" \/><dl class='gallery-item'>\n\t\t\t<dt class='gallery-icon portrait'>\n\t\t\t\t<img loading=\"lazy\" decoding=\"async\" width=\"620\" height=\"761\" src=\"https:\/\/www.damianzimmermann.de\/blog\/wp-content\/uploads\/Avedon_Elefanten.jpg\" class=\"attachment-large size-large\" alt=\"\" aria-describedby=\"gallery-1-4828\" srcset=\"https:\/\/www.damianzimmermann.de\/blog\/wp-content\/uploads\/Avedon_Elefanten.jpg 733w, https:\/\/www.damianzimmermann.de\/blog\/wp-content\/uploads\/Avedon_Elefanten-122x150.jpg 122w, https:\/\/www.damianzimmermann.de\/blog\/wp-content\/uploads\/Avedon_Elefanten-325x400.jpg 325w\" sizes=\"auto, (max-width: 620px) 100vw, 620px\" \/>\n\t\t\t<\/dt>\n\t\t\t\t<dd class='wp-caption-text gallery-caption' id='gallery-1-4828'>\n\t\t\t\tRichard Avedon: &#8222;Dovima mit Elefanten, im Abendkleid von Dior&#8220;, 1955, Foto: Rheinisches Bildarchiv K\u00f6ln \u00a9 Richard Avedon Incorporated, New York Museum Ludwig K\u00f6ln \/ Fotografische Sammlung (Sammlung Gruber)\n\t\t\t\t<\/dd><\/dl><br style=\"clear: both\" \/><dl class='gallery-item'>\n\t\t\t<dt class='gallery-icon portrait'>\n\t\t\t\t<img loading=\"lazy\" decoding=\"async\" width=\"620\" height=\"783\" src=\"https:\/\/www.damianzimmermann.de\/blog\/wp-content\/uploads\/McBean_Hepburn.jpg\" class=\"attachment-large size-large\" alt=\"\" aria-describedby=\"gallery-1-4834\" srcset=\"https:\/\/www.damianzimmermann.de\/blog\/wp-content\/uploads\/McBean_Hepburn.jpg 713w, https:\/\/www.damianzimmermann.de\/blog\/wp-content\/uploads\/McBean_Hepburn-118x150.jpg 118w, https:\/\/www.damianzimmermann.de\/blog\/wp-content\/uploads\/McBean_Hepburn-316x400.jpg 316w\" sizes=\"auto, (max-width: 620px) 100vw, 620px\" \/>\n\t\t\t<\/dt>\n\t\t\t\t<dd class='wp-caption-text gallery-caption' id='gallery-1-4834'>\n\t\t\t\tAngus McBean: &#8222;Audrey Hepburn&#8220;, 1951, Foto: Rheinisches Bildarchiv K\u00f6ln \u00a9 Angus McBean Estate, Debenham, Suffolk Museum Ludwig K\u00f6ln \/ Fotografische Sammlung (Sammlung Gruber)\n\t\t\t\t<\/dd><\/dl><br style=\"clear: both\" \/><dl class='gallery-item'>\n\t\t\t<dt class='gallery-icon portrait'>\n\t\t\t\t<img loading=\"lazy\" decoding=\"async\" width=\"620\" height=\"798\" src=\"https:\/\/www.damianzimmermann.de\/blog\/wp-content\/uploads\/Horst_Stein.jpg\" class=\"attachment-large size-large\" alt=\"\" aria-describedby=\"gallery-1-4833\" srcset=\"https:\/\/www.damianzimmermann.de\/blog\/wp-content\/uploads\/Horst_Stein.jpg 699w, https:\/\/www.damianzimmermann.de\/blog\/wp-content\/uploads\/Horst_Stein-116x150.jpg 116w, https:\/\/www.damianzimmermann.de\/blog\/wp-content\/uploads\/Horst_Stein-310x400.jpg 310w\" sizes=\"auto, (max-width: 620px) 100vw, 620px\" \/>\n\t\t\t<\/dt>\n\t\t\t\t<dd class='wp-caption-text gallery-caption' id='gallery-1-4833'>\n\t\t\t\tHorst P. Horst: &#8222;Gertrude Stein with Balmain Model, Paris&#8220;, 1946, Foto: Rheinisches Bildarchiv K\u00f6ln \u00a9 R. J. Horst for Horst P. Horst, New York Museum Ludwig K\u00f6ln \/ Fotografische Sammlung (Sammlung Gruber)\n\t\t\t\t<\/dd><\/dl><br style=\"clear: both\" \/><dl class='gallery-item'>\n\t\t\t<dt class='gallery-icon portrait'>\n\t\t\t\t<img loading=\"lazy\" decoding=\"async\" width=\"620\" height=\"788\" src=\"https:\/\/www.damianzimmermann.de\/blog\/wp-content\/uploads\/Horst_Haende.jpg\" class=\"attachment-large size-large\" alt=\"\" aria-describedby=\"gallery-1-4832\" srcset=\"https:\/\/www.damianzimmermann.de\/blog\/wp-content\/uploads\/Horst_Haende.jpg 708w, https:\/\/www.damianzimmermann.de\/blog\/wp-content\/uploads\/Horst_Haende-118x150.jpg 118w, https:\/\/www.damianzimmermann.de\/blog\/wp-content\/uploads\/Horst_Haende-314x400.jpg 314w\" sizes=\"auto, (max-width: 620px) 100vw, 620px\" \/>\n\t\t\t<\/dt>\n\t\t\t\t<dd class='wp-caption-text gallery-caption' id='gallery-1-4832'>\n\t\t\t\tHorst P. Horst: &#8222;H\u00e4nde, H\u00e4nde&#8230;&#8220;, 1941, Foto: Rheinisches Bildarchiv K\u00f6ln \u00a9 R. J. Horst for Horst P. Horst, New York Museum Ludwig K\u00f6ln \/ Fotografische Sammlung (Sammlung Gruber)\n\t\t\t\t<\/dd><\/dl><br style=\"clear: both\" \/><dl class='gallery-item'>\n\t\t\t<dt class='gallery-icon portrait'>\n\t\t\t\t<img loading=\"lazy\" decoding=\"async\" width=\"620\" height=\"858\" src=\"https:\/\/www.damianzimmermann.de\/blog\/wp-content\/uploads\/Beaton.jpg\" class=\"attachment-large size-large\" alt=\"\" aria-describedby=\"gallery-1-4829\" srcset=\"https:\/\/www.damianzimmermann.de\/blog\/wp-content\/uploads\/Beaton.jpg 650w, https:\/\/www.damianzimmermann.de\/blog\/wp-content\/uploads\/Beaton-108x150.jpg 108w, https:\/\/www.damianzimmermann.de\/blog\/wp-content\/uploads\/Beaton-288x400.jpg 288w\" sizes=\"auto, (max-width: 620px) 100vw, 620px\" \/>\n\t\t\t<\/dt>\n\t\t\t\t<dd class='wp-caption-text gallery-caption' id='gallery-1-4829'>\n\t\t\t\tCecil Beaton: &#8222;Modefotografie&#8220;, um 1938, Foto: Rheinisches Bildarchiv K\u00f6ln \u00a9 Cecil Beaton Archive, Sotheby&#8217;s Museum Ludwig K\u00f6ln \/ Fotografische Sammlung (Sammlung Gruber)\n\t\t\t\t<\/dd><\/dl><br style=\"clear: both\" \/><dl class='gallery-item'>\n\t\t\t<dt class='gallery-icon portrait'>\n\t\t\t\t<img loading=\"lazy\" decoding=\"async\" width=\"620\" height=\"848\" src=\"https:\/\/www.damianzimmermann.de\/blog\/wp-content\/uploads\/Beaton_Fashion.jpg\" class=\"attachment-large size-large\" alt=\"\" aria-describedby=\"gallery-1-4830\" srcset=\"https:\/\/www.damianzimmermann.de\/blog\/wp-content\/uploads\/Beaton_Fashion.jpg 658w, https:\/\/www.damianzimmermann.de\/blog\/wp-content\/uploads\/Beaton_Fashion-109x150.jpg 109w, https:\/\/www.damianzimmermann.de\/blog\/wp-content\/uploads\/Beaton_Fashion-292x400.jpg 292w\" sizes=\"auto, (max-width: 620px) 100vw, 620px\" \/>\n\t\t\t<\/dt>\n\t\t\t\t<dd class='wp-caption-text gallery-caption' id='gallery-1-4830'>\n\t\t\t\tCecil Beaton: &#8222;Fashion&#8220;, um 1935, Foto: Rheinisches Bildarchiv K\u00f6ln \u00a9 Cecil Beaton Archive, Sotheby&#8217;s Museum Ludwig K\u00f6ln \/ Fotografische Sammlung (Sammlung Gruber)\n\t\t\t\t<\/dd><\/dl><br style=\"clear: both\" \/><dl class='gallery-item'>\n\t\t\t<dt class='gallery-icon portrait'>\n\t\t\t\t<img loading=\"lazy\" decoding=\"async\" width=\"620\" height=\"762\" src=\"https:\/\/www.damianzimmermann.de\/blog\/wp-content\/uploads\/Beaton_Nancy.jpg\" class=\"attachment-large size-large\" alt=\"\" aria-describedby=\"gallery-1-4831\" srcset=\"https:\/\/www.damianzimmermann.de\/blog\/wp-content\/uploads\/Beaton_Nancy.jpg 732w, https:\/\/www.damianzimmermann.de\/blog\/wp-content\/uploads\/Beaton_Nancy-122x150.jpg 122w, https:\/\/www.damianzimmermann.de\/blog\/wp-content\/uploads\/Beaton_Nancy-325x400.jpg 325w\" sizes=\"auto, (max-width: 620px) 100vw, 620px\" \/>\n\t\t\t<\/dt>\n\t\t\t\t<dd class='wp-caption-text gallery-caption' id='gallery-1-4831'>\n\t\t\t\tCecil Beaton: &#8222;Miss Nancy Beaton&#8220;, um 1925, Foto: Rheinisches Bildarchiv K\u00f6ln \u00a9 Cecil Beaton Archive, Sotheby&#8217;s Museum Ludwig K\u00f6ln \/ Fotografische Sammlung (Sammlung Gruber)\n\t\t\t\t<\/dd><\/dl><br style=\"clear: both\" \/>\n\t\t<\/div>\n\n","protected":false},"excerpt":{"rendered":"<p>Nach &#8222;Meisterwerke aus der Fotografischen Sammlung&#8220; und &#8222;Fotografien des 19. Jahrhunderts aus Japan und China&#8220; zeigt das Museum Ludwig in K\u00f6ln erneut eine kleine, aber \u00e4u\u00dferst feine Auswahl&#8230;<\/p>\n","protected":false},"author":1,"featured_media":4828,"comment_status":"closed","ping_status":"open","sticky":false,"template":"","format":"standard","meta":{"footnotes":""},"categories":[6],"tags":[573,352,576,217,579,578,577,580,574,95,575],"class_list":["post-4820","post","type-post","status-publish","format-standard","has-post-thumbnail","hentry","category-ausstellungen","tag-angus-mcbean","tag-bodo-von-dewitz","tag-cecil-beaton","tag-edward-steichen","tag-frank-horvat","tag-george-hoyningen-huene","tag-horst-p-horst","tag-irving-penn","tag-l-fritz-gruber","tag-philippe-halsman","tag-richard-avedon"],"_links":{"self":[{"href":"https:\/\/www.damianzimmermann.de\/blog\/wp-json\/wp\/v2\/posts\/4820","targetHints":{"allow":["GET"]}}],"collection":[{"href":"https:\/\/www.damianzimmermann.de\/blog\/wp-json\/wp\/v2\/posts"}],"about":[{"href":"https:\/\/www.damianzimmermann.de\/blog\/wp-json\/wp\/v2\/types\/post"}],"author":[{"embeddable":true,"href":"https:\/\/www.damianzimmermann.de\/blog\/wp-json\/wp\/v2\/users\/1"}],"replies":[{"embeddable":true,"href":"https:\/\/www.damianzimmermann.de\/blog\/wp-json\/wp\/v2\/comments?post=4820"}],"version-history":[{"count":65,"href":"https:\/\/www.damianzimmermann.de\/blog\/wp-json\/wp\/v2\/posts\/4820\/revisions"}],"predecessor-version":[{"id":20590,"href":"https:\/\/www.damianzimmermann.de\/blog\/wp-json\/wp\/v2\/posts\/4820\/revisions\/20590"}],"wp:featuredmedia":[{"embeddable":true,"href":"https:\/\/www.damianzimmermann.de\/blog\/wp-json\/wp\/v2\/media\/4828"}],"wp:attachment":[{"href":"https:\/\/www.damianzimmermann.de\/blog\/wp-json\/wp\/v2\/media?parent=4820"}],"wp:term":[{"taxonomy":"category","embeddable":true,"href":"https:\/\/www.damianzimmermann.de\/blog\/wp-json\/wp\/v2\/categories?post=4820"},{"taxonomy":"post_tag","embeddable":true,"href":"https:\/\/www.damianzimmermann.de\/blog\/wp-json\/wp\/v2\/tags?post=4820"}],"curies":[{"name":"wp","href":"https:\/\/api.w.org\/{rel}","templated":true}]}}