{"id":442,"date":"2009-07-30T09:30:08","date_gmt":"2009-07-30T07:30:08","guid":{"rendered":"http:\/\/www.damianzimmermann.de\/blog\/?p=442"},"modified":"2019-03-27T20:56:37","modified_gmt":"2019-03-27T19:56:37","slug":"der-polaroid-wahn-des-horst-ademeit","status":"publish","type":"post","link":"https:\/\/www.damianzimmermann.de\/blog\/der-polaroid-wahn-des-horst-ademeit\/","title":{"rendered":"Der Polaroid-Wahn des Horst Ademeit"},"content":{"rendered":"<p>Die K\u00f6lner Art Brut- und Outsider-Galeristin Susanne Zander hat wieder eine spannende Entdeckung gemacht.\u00a0 In einer Doppelausstellung gemeinsam mit der Galerie Sabine Schmidt pr\u00e4sentierte sie die vollgeschriebenen Polaroids von <strong>Horst Ademeit<\/strong>. Der hat es sich zur Aufgabe gemacht, jeden Tag ein Foto zu schie\u00dfen, um nachzuweisen, dass es K\u00e4ltestrahlung tats\u00e4chlich gibt. Au\u00dferdem hat er alles &#8222;verd\u00e4chtige&#8220; in seinem Umfeld fotografiert und akribisch auf den Polaroids notiert. Das grenzt schon nah am Wahnsinn &#8211; und ist vielleicht gerade deshalb so wunderbar.<\/p>\n<p>Die Besprechung findet ihr <a href=\"https:\/\/www.damianzimmermann.de\/blog\/wp-content\/uploads\/47Horst-Ademeit_2.pdf\" target=\"_blank\" rel=\"noopener noreferrer\">hier<\/a>.<\/p>\n\n\t\t<style type=\"text\/css\">\n\t\t\t#gallery-1 {\n\t\t\t\tmargin: auto;\n\t\t\t}\n\t\t\t#gallery-1 .gallery-item {\n\t\t\t\tfloat: left;\n\t\t\t\tmargin-top: 10px;\n\t\t\t\ttext-align: center;\n\t\t\t\twidth: 100%;\n\t\t\t}\n\t\t\t#gallery-1 img {\n\t\t\t\tborder: 2px solid #cfcfcf;\n\t\t\t}\n\t\t\t#gallery-1 .gallery-caption {\n\t\t\t\tmargin-left: 0;\n\t\t\t}\n\t\t\t\/* see gallery_shortcode() in wp-includes\/media.php *\/\n\t\t<\/style>\n\t\t<div id='gallery-1' class='gallery galleryid-442 gallery-columns-1 gallery-size-large'><dl class='gallery-item'>\n\t\t\t<dt class='gallery-icon portrait'>\n\t\t\t\t<img loading=\"lazy\" decoding=\"async\" width=\"512\" height=\"630\" src=\"https:\/\/www.damianzimmermann.de\/blog\/wp-content\/uploads\/ademeit3.jpg\" class=\"attachment-large size-large\" alt=\"\" aria-describedby=\"gallery-1-20721\" srcset=\"https:\/\/www.damianzimmermann.de\/blog\/wp-content\/uploads\/ademeit3.jpg 512w, https:\/\/www.damianzimmermann.de\/blog\/wp-content\/uploads\/ademeit3-122x150.jpg 122w, https:\/\/www.damianzimmermann.de\/blog\/wp-content\/uploads\/ademeit3-325x400.jpg 325w, https:\/\/www.damianzimmermann.de\/blog\/wp-content\/uploads\/ademeit3-210x258.jpg 210w\" sizes=\"auto, (max-width: 512px) 100vw, 512px\" \/>\n\t\t\t<\/dt>\n\t\t\t\t<dd class='wp-caption-text gallery-caption' id='gallery-1-20721'>\n\t\t\t\tHorst Ademeit \/ Courtesy Galerie Susanne Zander\n\t\t\t\t<\/dd><\/dl><br style=\"clear: both\" \/><dl class='gallery-item'>\n\t\t\t<dt class='gallery-icon portrait'>\n\t\t\t\t<img loading=\"lazy\" decoding=\"async\" width=\"620\" height=\"749\" src=\"https:\/\/www.damianzimmermann.de\/blog\/wp-content\/uploads\/ademeit1.jpg\" class=\"attachment-large size-large\" alt=\"\" aria-describedby=\"gallery-1-20722\" srcset=\"https:\/\/www.damianzimmermann.de\/blog\/wp-content\/uploads\/ademeit1.jpg 811w, https:\/\/www.damianzimmermann.de\/blog\/wp-content\/uploads\/ademeit1-124x150.jpg 124w, https:\/\/www.damianzimmermann.de\/blog\/wp-content\/uploads\/ademeit1-331x400.jpg 331w, https:\/\/www.damianzimmermann.de\/blog\/wp-content\/uploads\/ademeit1-768x928.jpg 768w, https:\/\/www.damianzimmermann.de\/blog\/wp-content\/uploads\/ademeit1-210x254.jpg 210w\" sizes=\"auto, (max-width: 620px) 100vw, 620px\" \/>\n\t\t\t<\/dt>\n\t\t\t\t<dd class='wp-caption-text gallery-caption' id='gallery-1-20722'>\n\t\t\t\tHorst Ademeit \/ Courtesy Galerie Susanne Zander\n\t\t\t\t<\/dd><\/dl><br style=\"clear: both\" \/><dl class='gallery-item'>\n\t\t\t<dt class='gallery-icon portrait'>\n\t\t\t\t<img loading=\"lazy\" decoding=\"async\" width=\"600\" height=\"727\" src=\"https:\/\/www.damianzimmermann.de\/blog\/wp-content\/uploads\/Horst-Ademeit-mostra-g.jpg\" class=\"attachment-large size-large\" alt=\"\" aria-describedby=\"gallery-1-20723\" srcset=\"https:\/\/www.damianzimmermann.de\/blog\/wp-content\/uploads\/Horst-Ademeit-mostra-g.jpg 600w, https:\/\/www.damianzimmermann.de\/blog\/wp-content\/uploads\/Horst-Ademeit-mostra-g-124x150.jpg 124w, https:\/\/www.damianzimmermann.de\/blog\/wp-content\/uploads\/Horst-Ademeit-mostra-g-330x400.jpg 330w, https:\/\/www.damianzimmermann.de\/blog\/wp-content\/uploads\/Horst-Ademeit-mostra-g-210x254.jpg 210w\" sizes=\"auto, (max-width: 600px) 100vw, 600px\" \/>\n\t\t\t<\/dt>\n\t\t\t\t<dd class='wp-caption-text gallery-caption' id='gallery-1-20723'>\n\t\t\t\tHorst Ademeit \/ Courtesy Galerie Susanne Zander\n\t\t\t\t<\/dd><\/dl><br style=\"clear: both\" \/><dl class='gallery-item'>\n\t\t\t<dt class='gallery-icon portrait'>\n\t\t\t\t<img loading=\"lazy\" decoding=\"async\" width=\"474\" height=\"587\" src=\"https:\/\/www.damianzimmermann.de\/blog\/wp-content\/uploads\/ademeit2.jpg\" class=\"attachment-large size-large\" alt=\"\" aria-describedby=\"gallery-1-20724\" srcset=\"https:\/\/www.damianzimmermann.de\/blog\/wp-content\/uploads\/ademeit2.jpg 474w, https:\/\/www.damianzimmermann.de\/blog\/wp-content\/uploads\/ademeit2-121x150.jpg 121w, https:\/\/www.damianzimmermann.de\/blog\/wp-content\/uploads\/ademeit2-323x400.jpg 323w, https:\/\/www.damianzimmermann.de\/blog\/wp-content\/uploads\/ademeit2-210x260.jpg 210w\" sizes=\"auto, (max-width: 474px) 100vw, 474px\" \/>\n\t\t\t<\/dt>\n\t\t\t\t<dd class='wp-caption-text gallery-caption' id='gallery-1-20724'>\n\t\t\t\tHorst Ademeit \/ Courtesy Galerie Susanne Zander\n\t\t\t\t<\/dd><\/dl><br style=\"clear: both\" \/>\n\t\t<\/div>\n\n","protected":false},"excerpt":{"rendered":"<p>Die K\u00f6lner Art Brut- und Outsider-Galeristin Susanne Zander hat wieder eine spannende Entdeckung gemacht.\u00a0 In einer Doppelausstellung gemeinsam mit der Galerie Sabine Schmidt pr\u00e4sentierte sie die vollgeschriebenen Polaroids&#8230;<\/p>\n","protected":false},"author":1,"featured_media":20721,"comment_status":"closed","ping_status":"open","sticky":false,"template":"","format":"standard","meta":{"footnotes":""},"categories":[6],"tags":[73,71,72],"class_list":["post-442","post","type-post","status-publish","format-standard","has-post-thumbnail","hentry","category-ausstellungen","tag-art-brut","tag-horst-ademeit","tag-polaroid"],"_links":{"self":[{"href":"https:\/\/www.damianzimmermann.de\/blog\/wp-json\/wp\/v2\/posts\/442","targetHints":{"allow":["GET"]}}],"collection":[{"href":"https:\/\/www.damianzimmermann.de\/blog\/wp-json\/wp\/v2\/posts"}],"about":[{"href":"https:\/\/www.damianzimmermann.de\/blog\/wp-json\/wp\/v2\/types\/post"}],"author":[{"embeddable":true,"href":"https:\/\/www.damianzimmermann.de\/blog\/wp-json\/wp\/v2\/users\/1"}],"replies":[{"embeddable":true,"href":"https:\/\/www.damianzimmermann.de\/blog\/wp-json\/wp\/v2\/comments?post=442"}],"version-history":[{"count":15,"href":"https:\/\/www.damianzimmermann.de\/blog\/wp-json\/wp\/v2\/posts\/442\/revisions"}],"predecessor-version":[{"id":20725,"href":"https:\/\/www.damianzimmermann.de\/blog\/wp-json\/wp\/v2\/posts\/442\/revisions\/20725"}],"wp:featuredmedia":[{"embeddable":true,"href":"https:\/\/www.damianzimmermann.de\/blog\/wp-json\/wp\/v2\/media\/20721"}],"wp:attachment":[{"href":"https:\/\/www.damianzimmermann.de\/blog\/wp-json\/wp\/v2\/media?parent=442"}],"wp:term":[{"taxonomy":"category","embeddable":true,"href":"https:\/\/www.damianzimmermann.de\/blog\/wp-json\/wp\/v2\/categories?post=442"},{"taxonomy":"post_tag","embeddable":true,"href":"https:\/\/www.damianzimmermann.de\/blog\/wp-json\/wp\/v2\/tags?post=442"}],"curies":[{"name":"wp","href":"https:\/\/api.w.org\/{rel}","templated":true}]}}