{"id":4223,"date":"2010-12-16T10:00:35","date_gmt":"2010-12-16T09:00:35","guid":{"rendered":"http:\/\/www.damianzimmermann.de\/blog\/?p=4223"},"modified":"2019-03-27T13:38:01","modified_gmt":"2019-03-27T12:38:01","slug":"der-fotograf-von-didier-lefevre","status":"publish","type":"post","link":"https:\/\/www.damianzimmermann.de\/blog\/der-fotograf-von-didier-lefevre\/","title":{"rendered":"&#8222;Der Fotograf&#8220; von Didier Lef\u00e8vre"},"content":{"rendered":"<p>Heute stelle ich ein bereits zwei Jahre altes, aber erst jetzt von mir entdecktes, au\u00dfergew\u00f6hnliches Buch vor &#8211; au\u00dfergew\u00f6hnlich deshalb, weil es eigentlich ein Comic ist. Allerdings ganz besonders gestaltet, denn er erz\u00e4hlt nicht nur die Geschichte des Fotografen <strong>Didier Lef\u00e8vre<\/strong>, der 1986 ein Team von &#8222;\u00c4rzte ohne Grenzen&#8220; nach Afghanistan begleitet, sondern es zeigt auch seine Fotografien, chronologisch eingebettet in die Handlung, so dass der Betrachter und Leser seine Fotos an der Stelle sieht, an der er sie auch gemacht hat. Alles, was er erlebt, aber nicht fotografiert hat, wurde von <strong>Emmanuel Guibert<\/strong> gezeichnet, was meine Meinung nach eine simple und doch geniale Art ist, Fotoreportagen zu pr\u00e4sentieren &#8211; besonders, wenn ich an die zahlreichen mit Musik und Kommentar unterlegten Slideshows denke, die sich Fotografen heutzutage ausdenken. Nat\u00fcrlich ist ein Comic ungleich aufw\u00e4ndiger, und es funktioniert auch nicht \u00fcberall so gut wie in der Triologie &#8222;Der Fotograf&#8220; &#8211; aber es zeigt auf, was m\u00f6glich ist, wenn man unorthodoxe Wege einschl\u00e4gt.<\/p>\n<p>Die Geschichte selbst ist eine Art Tagebuch &#8211; nicht von ungef\u00e4hr hat es mich sogar ein wenig an <a href=\"https:\/\/www.damianzimmermann.de\/blog\/?p=2830\" target=\"_blank\" rel=\"noopener noreferrer\">Black Passport<\/a> von <strong>Stanley Greene<\/strong> erinnert, wenngleich es vollkommen unterschiedlich ist. Gemein haben beide die visuelle Kraft und den sehr pers\u00f6nlichen, erz\u00e4hlerischen Eindruck, der vermittelt wird. Beides sind Tageb\u00fccher von Kriegs- und Krisenfotografen, die dem Betrachter an ihrem Erlebten Teil haben lassen. In weiten Teilen wird der Leser von der einfachen, aber spannenden Geschichten vereinahmt, die Fotografien selbst treten in den Hintergrund und sind meist auch gar nicht sonderlich aufregend oder au\u00dfergew\u00f6hnlich. Durch die Kombination aus Zeichnung und Fotografie wird der Leser aber immer wieder zur\u00fcck auf den Boden der Tatsachen geholt: Das ist eine <em>wahre <\/em>Geschichte. Denn so, wie man sich heutzutage viele Fotografien anschaut und gleichzeitig wei\u00df, dass sie niemals die ganze Wahrheit sagen, so wird dieses Ph\u00e4nomen hier quasi umgedreht: Die Bilder sind &#8222;echter&#8220; als die Wirklichkeit, weil die ja nur gezeichnet ist.<\/p>\n<p>Wirklich gute Fotografien habe ich &#8211; zumindest in Band 1 &#8211; hingegen selten gesehen. Meistens sind sie auch sehr klein pr\u00e4sentiert, so dass sie sich der Gr\u00f6\u00dfe der einzelnen Zeichnungen anpassen. Wirklich gute, ja: gro\u00dfartige Bilder bekommen dann hingegen ihren ganz speziellen Raum zugesprochen und werden dann sogar halbseitig pr\u00e4sentiert, wie ihr im unten gezeigten Beispiel der drei aufeinander folgenden Seiten sehen k\u00f6nnt. Das mag man bem\u00e4ngeln, aber unterm Strich ist es eben authentisch, da man tats\u00e4chlich eine autobiografische Geschichte erz\u00e4hlt bekommt &#8211; und im richtigen Leben ist nun einmal nicht jeder Schuss ein Treffer.<\/p>\n<p>&#8222;Der Fotograf&#8220; ist als Trilogie bei Edition Moderne erschienen und kostet je Band 24 bzw 28 Euro.<\/p>\n<p>Links: <a href=\"http:\/\/www.editionmoderne.de\/guibert.htm\" target=\"_blank\" rel=\"noopener noreferrer\">Edition Moderne<\/a><\/p>\n\n\t\t<style type=\"text\/css\">\n\t\t\t#gallery-1 {\n\t\t\t\tmargin: auto;\n\t\t\t}\n\t\t\t#gallery-1 .gallery-item {\n\t\t\t\tfloat: left;\n\t\t\t\tmargin-top: 10px;\n\t\t\t\ttext-align: center;\n\t\t\t\twidth: 100%;\n\t\t\t}\n\t\t\t#gallery-1 img {\n\t\t\t\tborder: 2px solid #cfcfcf;\n\t\t\t}\n\t\t\t#gallery-1 .gallery-caption {\n\t\t\t\tmargin-left: 0;\n\t\t\t}\n\t\t\t\/* see gallery_shortcode() in wp-includes\/media.php *\/\n\t\t<\/style>\n\t\t<div id='gallery-1' class='gallery galleryid-4223 gallery-columns-1 gallery-size-large'><dl class='gallery-item'>\n\t\t\t<dt class='gallery-icon portrait'>\n\t\t\t\t<img loading=\"lazy\" decoding=\"async\" width=\"620\" height=\"814\" src=\"https:\/\/www.damianzimmermann.de\/blog\/wp-content\/uploads\/Der-Fotograf-Cover.jpg\" class=\"attachment-large size-large\" alt=\"\" aria-describedby=\"gallery-1-4225\" srcset=\"https:\/\/www.damianzimmermann.de\/blog\/wp-content\/uploads\/Der-Fotograf-Cover.jpg 762w, https:\/\/www.damianzimmermann.de\/blog\/wp-content\/uploads\/Der-Fotograf-Cover-114x150.jpg 114w, https:\/\/www.damianzimmermann.de\/blog\/wp-content\/uploads\/Der-Fotograf-Cover-304x400.jpg 304w\" sizes=\"auto, (max-width: 620px) 100vw, 620px\" \/>\n\t\t\t<\/dt>\n\t\t\t\t<dd class='wp-caption-text gallery-caption' id='gallery-1-4225'>\n\t\t\t\tGuibert\/Lef\u00e8vre\/Lemercier: &#8222;Der Fotograf&#8220; &#8211; Cover, \u00a9 Edition Moderne 2008\/2009\n\t\t\t\t<\/dd><\/dl><br style=\"clear: both\" \/><dl class='gallery-item'>\n\t\t\t<dt class='gallery-icon portrait'>\n\t\t\t\t<img loading=\"lazy\" decoding=\"async\" width=\"620\" height=\"814\" src=\"https:\/\/www.damianzimmermann.de\/blog\/wp-content\/uploads\/Der-Fotograf.jpg\" class=\"attachment-large size-large\" alt=\"\" aria-describedby=\"gallery-1-4226\" srcset=\"https:\/\/www.damianzimmermann.de\/blog\/wp-content\/uploads\/Der-Fotograf.jpg 762w, https:\/\/www.damianzimmermann.de\/blog\/wp-content\/uploads\/Der-Fotograf-114x150.jpg 114w, https:\/\/www.damianzimmermann.de\/blog\/wp-content\/uploads\/Der-Fotograf-304x400.jpg 304w\" sizes=\"auto, (max-width: 620px) 100vw, 620px\" \/>\n\t\t\t<\/dt>\n\t\t\t\t<dd class='wp-caption-text gallery-caption' id='gallery-1-4226'>\n\t\t\t\tGuibert\/Lef\u00e8vre\/Lemercier &#8222;Der Fotograf&#8220;, \u00a9 Edition Moderne 2008\/2009\n\t\t\t\t<\/dd><\/dl><br style=\"clear: both\" \/><dl class='gallery-item'>\n\t\t\t<dt class='gallery-icon portrait'>\n\t\t\t\t<img loading=\"lazy\" decoding=\"async\" width=\"620\" height=\"814\" src=\"https:\/\/www.damianzimmermann.de\/blog\/wp-content\/uploads\/Der-Fotograf4.jpg\" class=\"attachment-large size-large\" alt=\"\" aria-describedby=\"gallery-1-4227\" srcset=\"https:\/\/www.damianzimmermann.de\/blog\/wp-content\/uploads\/Der-Fotograf4.jpg 762w, https:\/\/www.damianzimmermann.de\/blog\/wp-content\/uploads\/Der-Fotograf4-114x150.jpg 114w, https:\/\/www.damianzimmermann.de\/blog\/wp-content\/uploads\/Der-Fotograf4-304x400.jpg 304w\" sizes=\"auto, (max-width: 620px) 100vw, 620px\" \/>\n\t\t\t<\/dt>\n\t\t\t\t<dd class='wp-caption-text gallery-caption' id='gallery-1-4227'>\n\t\t\t\tGuibert\/Lef\u00e8vre\/Lemercier &#8222;Der Fotograf&#8220;, \u00a9 Edition Moderne 2008\/2009\n\t\t\t\t<\/dd><\/dl><br style=\"clear: both\" \/><dl class='gallery-item'>\n\t\t\t<dt class='gallery-icon portrait'>\n\t\t\t\t<img loading=\"lazy\" decoding=\"async\" width=\"620\" height=\"814\" src=\"https:\/\/www.damianzimmermann.de\/blog\/wp-content\/uploads\/Der-Fotograf5.jpg\" class=\"attachment-large size-large\" alt=\"\" aria-describedby=\"gallery-1-4228\" srcset=\"https:\/\/www.damianzimmermann.de\/blog\/wp-content\/uploads\/Der-Fotograf5.jpg 762w, https:\/\/www.damianzimmermann.de\/blog\/wp-content\/uploads\/Der-Fotograf5-114x150.jpg 114w, https:\/\/www.damianzimmermann.de\/blog\/wp-content\/uploads\/Der-Fotograf5-304x400.jpg 304w\" sizes=\"auto, (max-width: 620px) 100vw, 620px\" \/>\n\t\t\t<\/dt>\n\t\t\t\t<dd class='wp-caption-text gallery-caption' id='gallery-1-4228'>\n\t\t\t\tGuibert\/Lef\u00e8vre\/Lemercier &#8222;Der Fotograf&#8220;, \u00a9 Edition Moderne 2008\/2009\n\t\t\t\t<\/dd><\/dl><br style=\"clear: both\" \/>\n\t\t<\/div>\n\n","protected":false},"excerpt":{"rendered":"<p>Heute stelle ich ein bereits zwei Jahre altes, aber erst jetzt von mir entdecktes, au\u00dfergew\u00f6hnliches Buch vor &#8211; au\u00dfergew\u00f6hnlich deshalb, weil es eigentlich ein Comic ist. Allerdings ganz&#8230;<\/p>\n","protected":false},"author":1,"featured_media":4225,"comment_status":"closed","ping_status":"open","sticky":false,"template":"","format":"standard","meta":{"footnotes":""},"categories":[7],"tags":[525,526,327],"class_list":["post-4223","post","type-post","status-publish","format-standard","has-post-thumbnail","hentry","category-fotobuecher","tag-didier-lefevre","tag-emmanuel-guibert","tag-stanley-greene"],"_links":{"self":[{"href":"https:\/\/www.damianzimmermann.de\/blog\/wp-json\/wp\/v2\/posts\/4223","targetHints":{"allow":["GET"]}}],"collection":[{"href":"https:\/\/www.damianzimmermann.de\/blog\/wp-json\/wp\/v2\/posts"}],"about":[{"href":"https:\/\/www.damianzimmermann.de\/blog\/wp-json\/wp\/v2\/types\/post"}],"author":[{"embeddable":true,"href":"https:\/\/www.damianzimmermann.de\/blog\/wp-json\/wp\/v2\/users\/1"}],"replies":[{"embeddable":true,"href":"https:\/\/www.damianzimmermann.de\/blog\/wp-json\/wp\/v2\/comments?post=4223"}],"version-history":[{"count":39,"href":"https:\/\/www.damianzimmermann.de\/blog\/wp-json\/wp\/v2\/posts\/4223\/revisions"}],"predecessor-version":[{"id":20606,"href":"https:\/\/www.damianzimmermann.de\/blog\/wp-json\/wp\/v2\/posts\/4223\/revisions\/20606"}],"wp:featuredmedia":[{"embeddable":true,"href":"https:\/\/www.damianzimmermann.de\/blog\/wp-json\/wp\/v2\/media\/4225"}],"wp:attachment":[{"href":"https:\/\/www.damianzimmermann.de\/blog\/wp-json\/wp\/v2\/media?parent=4223"}],"wp:term":[{"taxonomy":"category","embeddable":true,"href":"https:\/\/www.damianzimmermann.de\/blog\/wp-json\/wp\/v2\/categories?post=4223"},{"taxonomy":"post_tag","embeddable":true,"href":"https:\/\/www.damianzimmermann.de\/blog\/wp-json\/wp\/v2\/tags?post=4223"}],"curies":[{"name":"wp","href":"https:\/\/api.w.org\/{rel}","templated":true}]}}