{"id":4074,"date":"2010-11-25T15:57:10","date_gmt":"2010-11-25T14:57:10","guid":{"rendered":"http:\/\/www.damianzimmermann.de\/blog\/?p=4074"},"modified":"2019-03-27T13:42:38","modified_gmt":"2019-03-27T12:42:38","slug":"neu-erschienen-frame-3","status":"publish","type":"post","link":"https:\/\/www.damianzimmermann.de\/blog\/neu-erschienen-frame-3\/","title":{"rendered":"Neu erschienen: frame #3"},"content":{"rendered":"<p>Die <strong>Deutsche Gesellschaft f\u00fcr Photographie<\/strong> (DGPh) hat mit <strong>frame #3<\/strong> ihr neues Jahrbuch ver\u00f6ffentlicht.\u00a0 Schwerpunkt der aktuellen Ausgabe sind die vier Dr.-Erich-Salomon-Preistr\u00e4ger <strong>Horst Faas<\/strong> (2005), <strong>Martin Parr<\/strong> (2006), <strong>Letizia Battaglia<\/strong> (2007) und <strong>Anders Petersen<\/strong> (2008) sowie die best\u00e4ndig wachsende Popularit\u00e4t des Mediums Fotobuch.<\/p>\n<p>Letzterer beginnt mit der Laudatio, die <strong>F.C. Grundlach<\/strong> 2008 anl\u00e4sslich der Kulturpreisverleihung an <strong>Sarah Moon<\/strong> und <strong>Robert Delpire<\/strong> gehalten hat, und geht weiter mit einem kurzweiligen Text von <strong>Andrea Holzherr<\/strong> \u00fcber &#8222;Mr. Ordinary&#8220; alias Martin Parr und seine zahlreichen Fotob\u00fccher, die mit Ausnahme seiner K\u00fcnstlerb\u00fccher auch alle einzeln vorgestellt werden.<\/p>\n<p>Das Jahrbuch &#8222;Frame #3&#8220; ist im Steidl-Verlag erschienen, hat 224 Seiten und kostet 18 Euro.<\/p>\n<p>Links: <a href=\"http:\/\/www.dgph.de\/\" target=\"_blank\" rel=\"noopener noreferrer\">Deutsche Gesellschaft f\u00fcr Photographie<\/a><\/p>\n\n\t\t<style type=\"text\/css\">\n\t\t\t#gallery-1 {\n\t\t\t\tmargin: auto;\n\t\t\t}\n\t\t\t#gallery-1 .gallery-item {\n\t\t\t\tfloat: left;\n\t\t\t\tmargin-top: 10px;\n\t\t\t\ttext-align: center;\n\t\t\t\twidth: 100%;\n\t\t\t}\n\t\t\t#gallery-1 img {\n\t\t\t\tborder: 2px solid #cfcfcf;\n\t\t\t}\n\t\t\t#gallery-1 .gallery-caption {\n\t\t\t\tmargin-left: 0;\n\t\t\t}\n\t\t\t\/* see gallery_shortcode() in wp-includes\/media.php *\/\n\t\t<\/style>\n\t\t<div id='gallery-1' class='gallery galleryid-4074 gallery-columns-1 gallery-size-large'><dl class='gallery-item'>\n\t\t\t<dt class='gallery-icon portrait'>\n\t\t\t\t<img loading=\"lazy\" decoding=\"async\" width=\"463\" height=\"650\" src=\"https:\/\/www.damianzimmermann.de\/blog\/wp-content\/uploads\/Cover_Frame3_72dpi.jpg\" class=\"attachment-large size-large\" alt=\"\" aria-describedby=\"gallery-1-4077\" srcset=\"https:\/\/www.damianzimmermann.de\/blog\/wp-content\/uploads\/Cover_Frame3_72dpi.jpg 463w, https:\/\/www.damianzimmermann.de\/blog\/wp-content\/uploads\/Cover_Frame3_72dpi-106x150.jpg 106w, https:\/\/www.damianzimmermann.de\/blog\/wp-content\/uploads\/Cover_Frame3_72dpi-284x400.jpg 284w\" sizes=\"auto, (max-width: 463px) 100vw, 463px\" \/>\n\t\t\t<\/dt>\n\t\t\t\t<dd class='wp-caption-text gallery-caption' id='gallery-1-4077'>\n\t\t\t\tFrame #3 &#8211; Cover\n\t\t\t\t<\/dd><\/dl><br style=\"clear: both\" \/><dl class='gallery-item'>\n\t\t\t<dt class='gallery-icon landscape'>\n\t\t\t\t<img loading=\"lazy\" decoding=\"async\" width=\"620\" height=\"454\" src=\"https:\/\/www.damianzimmermann.de\/blog\/wp-content\/uploads\/frame3_1.jpg\" class=\"attachment-large size-large\" alt=\"\" aria-describedby=\"gallery-1-4081\" srcset=\"https:\/\/www.damianzimmermann.de\/blog\/wp-content\/uploads\/frame3_1.jpg 900w, https:\/\/www.damianzimmermann.de\/blog\/wp-content\/uploads\/frame3_1-200x146.jpg 200w, https:\/\/www.damianzimmermann.de\/blog\/wp-content\/uploads\/frame3_1-400x292.jpg 400w\" sizes=\"auto, (max-width: 620px) 100vw, 620px\" \/>\n\t\t\t<\/dt>\n\t\t\t\t<dd class='wp-caption-text gallery-caption' id='gallery-1-4081'>\n\t\t\t\tPhilipp J. B\u00f6sel &#038; Burkhard Maus: &#8222;Die vermessene Mauer, 1984&#8220;, aus Frame #3\n\t\t\t\t<\/dd><\/dl><br style=\"clear: both\" \/><dl class='gallery-item'>\n\t\t\t<dt class='gallery-icon landscape'>\n\t\t\t\t<img loading=\"lazy\" decoding=\"async\" width=\"620\" height=\"421\" src=\"https:\/\/www.damianzimmermann.de\/blog\/wp-content\/uploads\/frame3_3.jpg\" class=\"attachment-large size-large\" alt=\"\" aria-describedby=\"gallery-1-4079\" srcset=\"https:\/\/www.damianzimmermann.de\/blog\/wp-content\/uploads\/frame3_3.jpg 900w, https:\/\/www.damianzimmermann.de\/blog\/wp-content\/uploads\/frame3_3-200x135.jpg 200w, https:\/\/www.damianzimmermann.de\/blog\/wp-content\/uploads\/frame3_3-400x271.jpg 400w\" sizes=\"auto, (max-width: 620px) 100vw, 620px\" \/>\n\t\t\t<\/dt>\n\t\t\t\t<dd class='wp-caption-text gallery-caption' id='gallery-1-4079'>\n\t\t\t\tMichael Oreal: &#8222;Martin Parr, 14.12.2004&#8220;, aus Frame #3\n\t\t\t\t<\/dd><\/dl><br style=\"clear: both\" \/><dl class='gallery-item'>\n\t\t\t<dt class='gallery-icon landscape'>\n\t\t\t\t<img loading=\"lazy\" decoding=\"async\" width=\"620\" height=\"413\" src=\"https:\/\/www.damianzimmermann.de\/blog\/wp-content\/uploads\/frame3_4.jpg\" class=\"attachment-large size-large\" alt=\"\" aria-describedby=\"gallery-1-4080\" srcset=\"https:\/\/www.damianzimmermann.de\/blog\/wp-content\/uploads\/frame3_4.jpg 900w, https:\/\/www.damianzimmermann.de\/blog\/wp-content\/uploads\/frame3_4-200x133.jpg 200w, https:\/\/www.damianzimmermann.de\/blog\/wp-content\/uploads\/frame3_4-400x266.jpg 400w\" sizes=\"auto, (max-width: 620px) 100vw, 620px\" \/>\n\t\t\t<\/dt>\n\t\t\t\t<dd class='wp-caption-text gallery-caption' id='gallery-1-4080'>\n\t\t\t\tR\u00fcdiger Glatz: &#8222;Letizia Battaglia, Ludwigshafen 2007&#8220;, aus Frame #3\n\t\t\t\t<\/dd><\/dl><br style=\"clear: both\" \/>\n\t\t<\/div>\n\n","protected":false},"excerpt":{"rendered":"<p>Die Deutsche Gesellschaft f\u00fcr Photographie (DGPh) hat mit frame #3 ihr neues Jahrbuch ver\u00f6ffentlicht.\u00a0 Schwerpunkt der aktuellen Ausgabe sind die vier Dr.-Erich-Salomon-Preistr\u00e4ger Horst Faas (2005), Martin Parr (2006),&#8230;<\/p>\n","protected":false},"author":1,"featured_media":4077,"comment_status":"closed","ping_status":"open","sticky":false,"template":"","format":"standard","meta":{"footnotes":""},"categories":[7],"tags":[179,521,43,514,518,513,515,517,516,520,519],"class_list":["post-4074","post","type-post","status-publish","format-standard","has-post-thumbnail","hentry","category-fotobuecher","tag-anders-petersen","tag-andrea-holzherr","tag-dgph","tag-dr-erich-salomon-preis","tag-f-c-grundlach","tag-frame-3","tag-horst-faas","tag-letizia-battaglia","tag-martin-parr","tag-robert-delpire","tag-sarah-moon"],"_links":{"self":[{"href":"https:\/\/www.damianzimmermann.de\/blog\/wp-json\/wp\/v2\/posts\/4074","targetHints":{"allow":["GET"]}}],"collection":[{"href":"https:\/\/www.damianzimmermann.de\/blog\/wp-json\/wp\/v2\/posts"}],"about":[{"href":"https:\/\/www.damianzimmermann.de\/blog\/wp-json\/wp\/v2\/types\/post"}],"author":[{"embeddable":true,"href":"https:\/\/www.damianzimmermann.de\/blog\/wp-json\/wp\/v2\/users\/1"}],"replies":[{"embeddable":true,"href":"https:\/\/www.damianzimmermann.de\/blog\/wp-json\/wp\/v2\/comments?post=4074"}],"version-history":[{"count":33,"href":"https:\/\/www.damianzimmermann.de\/blog\/wp-json\/wp\/v2\/posts\/4074\/revisions"}],"predecessor-version":[{"id":20610,"href":"https:\/\/www.damianzimmermann.de\/blog\/wp-json\/wp\/v2\/posts\/4074\/revisions\/20610"}],"wp:featuredmedia":[{"embeddable":true,"href":"https:\/\/www.damianzimmermann.de\/blog\/wp-json\/wp\/v2\/media\/4077"}],"wp:attachment":[{"href":"https:\/\/www.damianzimmermann.de\/blog\/wp-json\/wp\/v2\/media?parent=4074"}],"wp:term":[{"taxonomy":"category","embeddable":true,"href":"https:\/\/www.damianzimmermann.de\/blog\/wp-json\/wp\/v2\/categories?post=4074"},{"taxonomy":"post_tag","embeddable":true,"href":"https:\/\/www.damianzimmermann.de\/blog\/wp-json\/wp\/v2\/tags?post=4074"}],"curies":[{"name":"wp","href":"https:\/\/api.w.org\/{rel}","templated":true}]}}