{"id":387,"date":"2009-07-28T16:10:01","date_gmt":"2009-07-28T14:10:01","guid":{"rendered":"http:\/\/www.damianzimmermann.de\/blog\/?p=387"},"modified":"2019-03-27T21:17:44","modified_gmt":"2019-03-27T20:17:44","slug":"martha-rosler-und-trevor-paglen","status":"publish","type":"post","link":"https:\/\/www.damianzimmermann.de\/blog\/martha-rosler-und-trevor-paglen\/","title":{"rendered":"Martha Rosler und Trevor Paglen"},"content":{"rendered":"<p>In einem Gemeinschaftsartikel habe ich die beiden Ausstellungen von <strong>Martha Rosler<\/strong> (Galerie Christian Nagel) und von <strong>Trevor Paglen<\/strong> (Galerie Thomas Zander) besprochen &#8211; wobei mir Trevor Paglen wirklich gut gefallen hat. Denn obwohl er Geograf und Konzeptk\u00fcnstler ist, haben seine Arbeiten einen hohen \u00e4sthetischen Anspruch &#8211; und das ist eine Qualit\u00e4t, die ich leider sehr h\u00e4ufig in Ausstellungen vermisse. Seine Arbeiten funktionieren auch, wenn man die Geschichten dahinter nicht kennt. Wenn man sie jedoch erz\u00e4hlt bekommt, k\u00f6nnen sie schon mal G\u00e4nsehaut verursachen.<\/p>\n<p><a href=\"https:\/\/www.damianzimmermann.de\/blog\/wp-content\/uploads\/58Martha-Rosler-und-Trevor-Paglen_2.pdf\" target=\"_blank\" rel=\"noopener noreferrer\">Hier<\/a> gibt es den Artikel, ver\u00f6ffentlich im K\u00f6lner Stadt-Anzeiger .<\/p>\n\n\t\t<style type=\"text\/css\">\n\t\t\t#gallery-1 {\n\t\t\t\tmargin: auto;\n\t\t\t}\n\t\t\t#gallery-1 .gallery-item {\n\t\t\t\tfloat: left;\n\t\t\t\tmargin-top: 10px;\n\t\t\t\ttext-align: center;\n\t\t\t\twidth: 100%;\n\t\t\t}\n\t\t\t#gallery-1 img {\n\t\t\t\tborder: 2px solid #cfcfcf;\n\t\t\t}\n\t\t\t#gallery-1 .gallery-caption {\n\t\t\t\tmargin-left: 0;\n\t\t\t}\n\t\t\t\/* see gallery_shortcode() in wp-includes\/media.php *\/\n\t\t<\/style>\n\t\t<div id='gallery-1' class='gallery galleryid-387 gallery-columns-1 gallery-size-large'><dl class='gallery-item'>\n\t\t\t<dt class='gallery-icon portrait'>\n\t\t\t\t<img loading=\"lazy\" decoding=\"async\" width=\"474\" height=\"614\" src=\"https:\/\/www.damianzimmermann.de\/blog\/wp-content\/uploads\/rosler.jpg\" class=\"attachment-large size-large\" alt=\"\" aria-describedby=\"gallery-1-20730\" srcset=\"https:\/\/www.damianzimmermann.de\/blog\/wp-content\/uploads\/rosler.jpg 474w, https:\/\/www.damianzimmermann.de\/blog\/wp-content\/uploads\/rosler-116x150.jpg 116w, https:\/\/www.damianzimmermann.de\/blog\/wp-content\/uploads\/rosler-309x400.jpg 309w, https:\/\/www.damianzimmermann.de\/blog\/wp-content\/uploads\/rosler-210x272.jpg 210w\" sizes=\"auto, (max-width: 474px) 100vw, 474px\" \/>\n\t\t\t<\/dt>\n\t\t\t\t<dd class='wp-caption-text gallery-caption' id='gallery-1-20730'>\n\t\t\t\tMartha Rosler: &#8222;The Gray Drape&#8220;, 2008\n\t\t\t\t<\/dd><\/dl><br style=\"clear: both\" \/><dl class='gallery-item'>\n\t\t\t<dt class='gallery-icon landscape'>\n\t\t\t\t<img loading=\"lazy\" decoding=\"async\" width=\"620\" height=\"522\" src=\"https:\/\/www.damianzimmermann.de\/blog\/wp-content\/uploads\/rosler1.png\" class=\"attachment-large size-large\" alt=\"\" aria-describedby=\"gallery-1-20731\" srcset=\"https:\/\/www.damianzimmermann.de\/blog\/wp-content\/uploads\/rosler1.png 715w, https:\/\/www.damianzimmermann.de\/blog\/wp-content\/uploads\/rosler1-178x150.png 178w, https:\/\/www.damianzimmermann.de\/blog\/wp-content\/uploads\/rosler1-400x337.png 400w, https:\/\/www.damianzimmermann.de\/blog\/wp-content\/uploads\/rosler1-210x177.png 210w\" sizes=\"auto, (max-width: 620px) 100vw, 620px\" \/>\n\t\t\t<\/dt>\n\t\t\t\t<dd class='wp-caption-text gallery-caption' id='gallery-1-20731'>\n\t\t\t\tMartha Rosler: &#8222;Photo Op&#8220;, 2004\n\t\t\t\t<\/dd><\/dl><br style=\"clear: both\" \/><dl class='gallery-item'>\n\t\t\t<dt class='gallery-icon landscape'>\n\t\t\t\t<img loading=\"lazy\" decoding=\"async\" width=\"620\" height=\"233\" src=\"https:\/\/www.damianzimmermann.de\/blog\/wp-content\/uploads\/paglen-patches.jpg\" class=\"attachment-large size-large\" alt=\"\" aria-describedby=\"gallery-1-20728\" srcset=\"https:\/\/www.damianzimmermann.de\/blog\/wp-content\/uploads\/paglen-patches.jpg 800w, https:\/\/www.damianzimmermann.de\/blog\/wp-content\/uploads\/paglen-patches-200x75.jpg 200w, https:\/\/www.damianzimmermann.de\/blog\/wp-content\/uploads\/paglen-patches-400x150.jpg 400w, https:\/\/www.damianzimmermann.de\/blog\/wp-content\/uploads\/paglen-patches-768x288.jpg 768w, https:\/\/www.damianzimmermann.de\/blog\/wp-content\/uploads\/paglen-patches-210x79.jpg 210w\" sizes=\"auto, (max-width: 620px) 100vw, 620px\" \/>\n\t\t\t<\/dt>\n\t\t\t\t<dd class='wp-caption-text gallery-caption' id='gallery-1-20728'>\n\t\t\t\tTrevor Paglen: &#8222;Five Classified Aircraft&#8220;, 2007, aus der Serie &#8222;Symbology&#8220;\n\t\t\t\t<\/dd><\/dl><br style=\"clear: both\" \/><dl class='gallery-item'>\n\t\t\t<dt class='gallery-icon landscape'>\n\t\t\t\t<img loading=\"lazy\" decoding=\"async\" width=\"620\" height=\"253\" src=\"https:\/\/www.damianzimmermann.de\/blog\/wp-content\/uploads\/paglen-patches2.jpg\" class=\"attachment-large size-large\" alt=\"\" aria-describedby=\"gallery-1-20729\" srcset=\"https:\/\/www.damianzimmermann.de\/blog\/wp-content\/uploads\/paglen-patches2.jpg 800w, https:\/\/www.damianzimmermann.de\/blog\/wp-content\/uploads\/paglen-patches2-200x82.jpg 200w, https:\/\/www.damianzimmermann.de\/blog\/wp-content\/uploads\/paglen-patches2-400x164.jpg 400w, https:\/\/www.damianzimmermann.de\/blog\/wp-content\/uploads\/paglen-patches2-768x314.jpg 768w, https:\/\/www.damianzimmermann.de\/blog\/wp-content\/uploads\/paglen-patches2-210x86.jpg 210w\" sizes=\"auto, (max-width: 620px) 100vw, 620px\" \/>\n\t\t\t<\/dt>\n\t\t\t\t<dd class='wp-caption-text gallery-caption' id='gallery-1-20729'>\n\t\t\t\tTrevor Paglen: &#8222;Five Classified Squadrons&#8220;, 2007, aus der Serie &#8222;Symbology&#8220;\n\t\t\t\t<\/dd><\/dl><br style=\"clear: both\" \/><dl class='gallery-item'>\n\t\t\t<dt class='gallery-icon landscape'>\n\t\t\t\t<img loading=\"lazy\" decoding=\"async\" width=\"620\" height=\"433\" src=\"https:\/\/www.damianzimmermann.de\/blog\/wp-content\/uploads\/paglen-the-other-sky-2.jpg\" class=\"attachment-large size-large\" alt=\"\" aria-describedby=\"gallery-1-20727\" srcset=\"https:\/\/www.damianzimmermann.de\/blog\/wp-content\/uploads\/paglen-the-other-sky-2.jpg 800w, https:\/\/www.damianzimmermann.de\/blog\/wp-content\/uploads\/paglen-the-other-sky-2-200x140.jpg 200w, https:\/\/www.damianzimmermann.de\/blog\/wp-content\/uploads\/paglen-the-other-sky-2-400x280.jpg 400w, https:\/\/www.damianzimmermann.de\/blog\/wp-content\/uploads\/paglen-the-other-sky-2-768x537.jpg 768w, https:\/\/www.damianzimmermann.de\/blog\/wp-content\/uploads\/paglen-the-other-sky-2-210x147.jpg 210w\" sizes=\"auto, (max-width: 620px) 100vw, 620px\" \/>\n\t\t\t<\/dt>\n\t\t\t\t<dd class='wp-caption-text gallery-caption' id='gallery-1-20727'>\n\t\t\t\tTrevor Paglen: &#8222;Keyhole improved Crystal from Glacier Point&#8220;, aus der Serie &#8222;The Other Night Sky&#8220;\n\t\t\t\t<\/dd><\/dl><br style=\"clear: both\" \/><dl class='gallery-item'>\n\t\t\t<dt class='gallery-icon portrait'>\n\t\t\t\t<img loading=\"lazy\" decoding=\"async\" width=\"620\" height=\"775\" src=\"https:\/\/www.damianzimmermann.de\/blog\/wp-content\/uploads\/paglen-the-other-sky.jpg\" class=\"attachment-large size-large\" alt=\"\" aria-describedby=\"gallery-1-20732\" srcset=\"https:\/\/www.damianzimmermann.de\/blog\/wp-content\/uploads\/paglen-the-other-sky.jpg 640w, https:\/\/www.damianzimmermann.de\/blog\/wp-content\/uploads\/paglen-the-other-sky-120x150.jpg 120w, https:\/\/www.damianzimmermann.de\/blog\/wp-content\/uploads\/paglen-the-other-sky-320x400.jpg 320w, https:\/\/www.damianzimmermann.de\/blog\/wp-content\/uploads\/paglen-the-other-sky-210x263.jpg 210w\" sizes=\"auto, (max-width: 620px) 100vw, 620px\" \/>\n\t\t\t<\/dt>\n\t\t\t\t<dd class='wp-caption-text gallery-caption' id='gallery-1-20732'>\n\t\t\t\tTrevor Paglen: &#8222;PAN (Unknown; USA-207)&#8220;,  aus der Serie &#8222;The Other Night Sky&#8220;\n\t\t\t\t<\/dd><\/dl><br style=\"clear: both\" \/>\n\t\t<\/div>\n\n","protected":false},"excerpt":{"rendered":"<p>In einem Gemeinschaftsartikel habe ich die beiden Ausstellungen von Martha Rosler (Galerie Christian Nagel) und von Trevor Paglen (Galerie Thomas Zander) besprochen &#8211; wobei mir Trevor Paglen wirklich&#8230;<\/p>\n","protected":false},"author":1,"featured_media":20730,"comment_status":"closed","ping_status":"open","sticky":false,"template":"","format":"standard","meta":{"footnotes":""},"categories":[6],"tags":[65,63,64],"class_list":["post-387","post","type-post","status-publish","format-standard","has-post-thumbnail","hentry","category-ausstellungen","tag-konzeptfotografie","tag-martha-rosler","tag-trevor-paglen"],"_links":{"self":[{"href":"https:\/\/www.damianzimmermann.de\/blog\/wp-json\/wp\/v2\/posts\/387","targetHints":{"allow":["GET"]}}],"collection":[{"href":"https:\/\/www.damianzimmermann.de\/blog\/wp-json\/wp\/v2\/posts"}],"about":[{"href":"https:\/\/www.damianzimmermann.de\/blog\/wp-json\/wp\/v2\/types\/post"}],"author":[{"embeddable":true,"href":"https:\/\/www.damianzimmermann.de\/blog\/wp-json\/wp\/v2\/users\/1"}],"replies":[{"embeddable":true,"href":"https:\/\/www.damianzimmermann.de\/blog\/wp-json\/wp\/v2\/comments?post=387"}],"version-history":[{"count":12,"href":"https:\/\/www.damianzimmermann.de\/blog\/wp-json\/wp\/v2\/posts\/387\/revisions"}],"predecessor-version":[{"id":20733,"href":"https:\/\/www.damianzimmermann.de\/blog\/wp-json\/wp\/v2\/posts\/387\/revisions\/20733"}],"wp:featuredmedia":[{"embeddable":true,"href":"https:\/\/www.damianzimmermann.de\/blog\/wp-json\/wp\/v2\/media\/20730"}],"wp:attachment":[{"href":"https:\/\/www.damianzimmermann.de\/blog\/wp-json\/wp\/v2\/media?parent=387"}],"wp:term":[{"taxonomy":"category","embeddable":true,"href":"https:\/\/www.damianzimmermann.de\/blog\/wp-json\/wp\/v2\/categories?post=387"},{"taxonomy":"post_tag","embeddable":true,"href":"https:\/\/www.damianzimmermann.de\/blog\/wp-json\/wp\/v2\/tags?post=387"}],"curies":[{"name":"wp","href":"https:\/\/api.w.org\/{rel}","templated":true}]}}