{"id":3674,"date":"2010-10-09T19:45:35","date_gmt":"2010-10-09T17:45:35","guid":{"rendered":"http:\/\/www.damianzimmermann.de\/blog\/?p=3674"},"modified":"2019-03-27T17:22:31","modified_gmt":"2019-03-27T16:22:31","slug":"ivars-gravljes-in-der-v8-galerie","status":"publish","type":"post","link":"https:\/\/www.damianzimmermann.de\/blog\/ivars-gravljes-in-der-v8-galerie\/","title":{"rendered":"Ivars Gravljes in der V8-Galerie"},"content":{"rendered":"<p>Der Lette <strong>Ivars Gravljes <\/strong>hat als Fotoreporter f\u00fcr die tschechische Zeitung &#8222;Den\u00edk&#8220; gearbeitet. Bevor er seine Bilder von Terminen rund um Prag in der Redaktion einreichte, manipulierte er jedoch Kleinigkeiten. Dabei ging es ihm nicht darum, die Bilder zu versch\u00f6nern, indem er &#8222;st\u00f6rende&#8220; Details entfernte. Im Gegenteil: Meistens f\u00fcgte er unscheinbare und h\u00e4ufig auch unsinnige Details hinzu &#8211; dem Schriftsteller <span style=\"width: 283px;\">Zden\u011bk Mahler bastelte er drei zus\u00e4tzliche Kn\u00f6pfe auf sein Poloshirt und in einem Krankenzimmer waren sp\u00e4ter mehr Schalter an der Wand. Manchmal stellte er die Wirklichkeit aber auch so da, wie sie sein k\u00f6nnte, wenn er nur zu einem anderen Zeitpunkt dort gewesen w\u00e4re: Auf einem Foto von einer Autobahn baute er zus\u00e4tzliche Pkw hinein &#8211; schlie\u00dflich sollte er einen Stau fotografieren als gar kein Stau war.<\/span><\/p>\n<p><span style=\"width: 283px;\">Gravljes will den Manipulationen der Medien eine weitere Manipulation hinzuf\u00fcgen &#8211; jedoch ohne, dass die Medien diese selbst erkennen, denn w\u00e4hrend seiner Zeit bei der <\/span>&#8222;Den\u00edk&#8220; <span style=\"width: 283px;\">wurde er nie erwischt. Im Gegenteil: Weil Gravljes irgendwann genau wusste, welche Bilder bevorzugt genommen werden, konnte er sie entsprechend aufmotzen &#8211; bei einem Konzertfoto stempelte er mehr bunte Kreise in den Hintergrund und &#8211; zack &#8211; landete es sogar auf der Titelseite. Und weil auf dem Foto <\/span>von S\u00e4nger Jos\u00e9 Carreras eine unsch\u00f6ne Hand ins Bild ragt, lie\u00df Gravljes diese verschwinden &#8211; und mit ihr auch einen Finger Carreras. Offensichtlich bemerkten weder die Redaktion noch Leser diesen Fehler.<\/p>\n<p><span style=\"width: 283px;\">Mich erinnert Gravljes Arbeit &#8222;My Newspaper&#8220;, f\u00fcr die er 2009 den <\/span>sittcomm.award f\u00fcr k\u00fcnstlerische Fotografie verliehen bekam und die meiner Meinung nach als Buch besser funktionieren w\u00fcrde als an der Wand, auch an den Skandal, den der libanesische Reuters-Fotograf<strong> Adnan Hajj<\/strong> 2006 ausl\u00f6ste: Hajj schoss ein Bild von den Folgen eines Angriffs der israelischen Luftwaffe auf Hisbollah-Ziele in Beirut. Auf dem Foto sind Rauchschwaden \u00fcber der Stadt zu sehen, aber Haji kopierte mit Photoshop noch zus\u00e4tzlichen Rauch hinein, um die Aufnahme dramatischer wirken zu lassen. Bei aller Schelte, die Haji &#8211; v\u00f6llig zu Recht &#8211; f\u00fcr seine Manipulation erhielt: Er wird es kaum aus Spa\u00df gemacht haben. Sein Eingriff war entweder politisch oder aber beruflich motiviert, um das Bild besser verkaufen zu k\u00f6nnen. So oder so muss man aber auch den Redaktionen, in diesem Fall Reuters, eine Mitschuld geben &#8211; die Manipulation war so schlecht, dass sie eigentlich h\u00e4tte auffallen M\u00dcSSEN.<\/p>\n<p>Insofern stellt Gravljes mit seiner Ausstellung, die noch bis zum 6. November in der <strong>V8 Galerie<\/strong> in K\u00f6n zu sehen ist, die Frage nach der Verantwortung der Medien und auch, wie diese mit ihren Lesern, H\u00f6rern und Zuschauern umgehen.<\/p>\n\n\t\t<style type=\"text\/css\">\n\t\t\t#gallery-1 {\n\t\t\t\tmargin: auto;\n\t\t\t}\n\t\t\t#gallery-1 .gallery-item {\n\t\t\t\tfloat: left;\n\t\t\t\tmargin-top: 10px;\n\t\t\t\ttext-align: center;\n\t\t\t\twidth: 100%;\n\t\t\t}\n\t\t\t#gallery-1 img {\n\t\t\t\tborder: 2px solid #cfcfcf;\n\t\t\t}\n\t\t\t#gallery-1 .gallery-caption {\n\t\t\t\tmargin-left: 0;\n\t\t\t}\n\t\t\t\/* see gallery_shortcode() in wp-includes\/media.php *\/\n\t\t<\/style>\n\t\t<div id='gallery-1' class='gallery galleryid-3674 gallery-columns-1 gallery-size-large'><dl class='gallery-item'>\n\t\t\t<dt class='gallery-icon landscape'>\n\t\t\t\t<img loading=\"lazy\" decoding=\"async\" width=\"620\" height=\"421\" src=\"https:\/\/www.damianzimmermann.de\/blog\/wp-content\/uploads\/sittcom08-Kopie.jpg\" class=\"attachment-large size-large\" alt=\"\" aria-describedby=\"gallery-1-3681\" srcset=\"https:\/\/www.damianzimmermann.de\/blog\/wp-content\/uploads\/sittcom08-Kopie.jpg 900w, https:\/\/www.damianzimmermann.de\/blog\/wp-content\/uploads\/sittcom08-Kopie-200x135.jpg 200w, https:\/\/www.damianzimmermann.de\/blog\/wp-content\/uploads\/sittcom08-Kopie-400x271.jpg 400w\" sizes=\"auto, (max-width: 620px) 100vw, 620px\" \/>\n\t\t\t<\/dt>\n\t\t\t\t<dd class='wp-caption-text gallery-caption' id='gallery-1-3681'>\n\t\t\t\tIvars Gravljes: aus der Serie &#8222;My Newspaper&#8220;, \u00a9 Ivars Gravljes\n\t\t\t\t<\/dd><\/dl><br style=\"clear: both\" \/><dl class='gallery-item'>\n\t\t\t<dt class='gallery-icon landscape'>\n\t\t\t\t<img loading=\"lazy\" decoding=\"async\" width=\"620\" height=\"402\" src=\"https:\/\/www.damianzimmermann.de\/blog\/wp-content\/uploads\/sittcom11-Kopie.jpg\" class=\"attachment-large size-large\" alt=\"\" aria-describedby=\"gallery-1-3682\" srcset=\"https:\/\/www.damianzimmermann.de\/blog\/wp-content\/uploads\/sittcom11-Kopie.jpg 900w, https:\/\/www.damianzimmermann.de\/blog\/wp-content\/uploads\/sittcom11-Kopie-200x129.jpg 200w, https:\/\/www.damianzimmermann.de\/blog\/wp-content\/uploads\/sittcom11-Kopie-400x259.jpg 400w\" sizes=\"auto, (max-width: 620px) 100vw, 620px\" \/>\n\t\t\t<\/dt>\n\t\t\t\t<dd class='wp-caption-text gallery-caption' id='gallery-1-3682'>\n\t\t\t\tIvars Gravljes: aus der Serie &#8222;My Newspaper&#8220;, \u00a9 Ivars Gravljes\n\t\t\t\t<\/dd><\/dl><br style=\"clear: both\" \/><dl class='gallery-item'>\n\t\t\t<dt class='gallery-icon landscape'>\n\t\t\t\t<img loading=\"lazy\" decoding=\"async\" width=\"620\" height=\"405\" src=\"https:\/\/www.damianzimmermann.de\/blog\/wp-content\/uploads\/sittcom07-Kopie.jpg\" class=\"attachment-large size-large\" alt=\"\" aria-describedby=\"gallery-1-3680\" srcset=\"https:\/\/www.damianzimmermann.de\/blog\/wp-content\/uploads\/sittcom07-Kopie.jpg 900w, https:\/\/www.damianzimmermann.de\/blog\/wp-content\/uploads\/sittcom07-Kopie-200x130.jpg 200w, https:\/\/www.damianzimmermann.de\/blog\/wp-content\/uploads\/sittcom07-Kopie-400x261.jpg 400w\" sizes=\"auto, (max-width: 620px) 100vw, 620px\" \/>\n\t\t\t<\/dt>\n\t\t\t\t<dd class='wp-caption-text gallery-caption' id='gallery-1-3680'>\n\t\t\t\tIvars Gravljes: aus der Serie &#8222;My Newspaper&#8220;, \u00a9 Ivars Gravljes\n\t\t\t\t<\/dd><\/dl><br style=\"clear: both\" \/><dl class='gallery-item'>\n\t\t\t<dt class='gallery-icon landscape'>\n\t\t\t\t<img loading=\"lazy\" decoding=\"async\" width=\"620\" height=\"435\" src=\"https:\/\/www.damianzimmermann.de\/blog\/wp-content\/uploads\/sittcom04-Kopie.jpg\" class=\"attachment-large size-large\" alt=\"\" aria-describedby=\"gallery-1-3679\" srcset=\"https:\/\/www.damianzimmermann.de\/blog\/wp-content\/uploads\/sittcom04-Kopie.jpg 900w, https:\/\/www.damianzimmermann.de\/blog\/wp-content\/uploads\/sittcom04-Kopie-200x140.jpg 200w, https:\/\/www.damianzimmermann.de\/blog\/wp-content\/uploads\/sittcom04-Kopie-400x280.jpg 400w\" sizes=\"auto, (max-width: 620px) 100vw, 620px\" \/>\n\t\t\t<\/dt>\n\t\t\t\t<dd class='wp-caption-text gallery-caption' id='gallery-1-3679'>\n\t\t\t\tIvars Gravljes: aus der Serie &#8222;My Newspaper&#8220;, \u00a9 Ivars Gravljes\n\t\t\t\t<\/dd><\/dl><br style=\"clear: both\" \/>\n\t\t<\/div>\n\n","protected":false},"excerpt":{"rendered":"<p>Der Lette Ivars Gravljes hat als Fotoreporter f\u00fcr die tschechische Zeitung &#8222;Den\u00edk&#8220; gearbeitet. Bevor er seine Bilder von Terminen rund um Prag in der Redaktion einreichte, manipulierte er&#8230;<\/p>\n","protected":false},"author":1,"featured_media":3679,"comment_status":"closed","ping_status":"open","sticky":false,"template":"","format":"standard","meta":{"footnotes":""},"categories":[6],"tags":[471,470],"class_list":["post-3674","post","type-post","status-publish","format-standard","has-post-thumbnail","hentry","category-ausstellungen","tag-adnan-hajj","tag-ivars-gravljes"],"_links":{"self":[{"href":"https:\/\/www.damianzimmermann.de\/blog\/wp-json\/wp\/v2\/posts\/3674","targetHints":{"allow":["GET"]}}],"collection":[{"href":"https:\/\/www.damianzimmermann.de\/blog\/wp-json\/wp\/v2\/posts"}],"about":[{"href":"https:\/\/www.damianzimmermann.de\/blog\/wp-json\/wp\/v2\/types\/post"}],"author":[{"embeddable":true,"href":"https:\/\/www.damianzimmermann.de\/blog\/wp-json\/wp\/v2\/users\/1"}],"replies":[{"embeddable":true,"href":"https:\/\/www.damianzimmermann.de\/blog\/wp-json\/wp\/v2\/comments?post=3674"}],"version-history":[{"count":27,"href":"https:\/\/www.damianzimmermann.de\/blog\/wp-json\/wp\/v2\/posts\/3674\/revisions"}],"predecessor-version":[{"id":20622,"href":"https:\/\/www.damianzimmermann.de\/blog\/wp-json\/wp\/v2\/posts\/3674\/revisions\/20622"}],"wp:featuredmedia":[{"embeddable":true,"href":"https:\/\/www.damianzimmermann.de\/blog\/wp-json\/wp\/v2\/media\/3679"}],"wp:attachment":[{"href":"https:\/\/www.damianzimmermann.de\/blog\/wp-json\/wp\/v2\/media?parent=3674"}],"wp:term":[{"taxonomy":"category","embeddable":true,"href":"https:\/\/www.damianzimmermann.de\/blog\/wp-json\/wp\/v2\/categories?post=3674"},{"taxonomy":"post_tag","embeddable":true,"href":"https:\/\/www.damianzimmermann.de\/blog\/wp-json\/wp\/v2\/tags?post=3674"}],"curies":[{"name":"wp","href":"https:\/\/api.w.org\/{rel}","templated":true}]}}