{"id":312,"date":"2009-07-27T12:04:27","date_gmt":"2009-07-27T10:04:27","guid":{"rendered":"http:\/\/www.damianzimmermann.de\/blog\/?p=312"},"modified":"2019-03-27T22:19:43","modified_gmt":"2019-03-27T21:19:43","slug":"bitte-nicht-bewegen-judith-joy-ross","status":"publish","type":"post","link":"https:\/\/www.damianzimmermann.de\/blog\/bitte-nicht-bewegen-judith-joy-ross\/","title":{"rendered":"Judith Joy Ross in der Galerie Sabine Schmidt"},"content":{"rendered":"<p>Die Amerikanerin <strong>Judith Joy Ross<\/strong> hat im letzten Jahr in der Galerie von Sabine Schmidt ihre eindringlichen Schwarzwei\u00df-Portr\u00e4ts von Anti-Kriegs-Demonstranten pr\u00e4sentiert. Im Gegensatz zum Ehepaar <strong>Gabriele und Helmut Nothhelfer<\/strong> arbeitet Ross allerdings alles andere als spontan &#8211; ihre gro\u00dfformatige Plattenkamera zwingt sie zu minutenlangen Vorbereitungen. Ihre einzige Anweisung an die Modelle lautet daher: Bitte nicht bewegen!<\/p>\n<p>Den Artikel, erschienen im Ksta, findet ihr <a href=\"https:\/\/www.damianzimmermann.de\/blog\/wp-content\/uploads\/16Judith-Joy-Ross_2.pdf\" target=\"_blank\" rel=\"noopener noreferrer\">hier<\/a>.<\/p>\n<div id=\"attachment_20776\" style=\"width: 560px\" class=\"wp-caption aligncenter\"><img loading=\"lazy\" decoding=\"async\" aria-describedby=\"caption-attachment-20776\" class=\"size-full wp-image-20776\" src=\"https:\/\/www.damianzimmermann.de\/blog\/wp-content\/uploads\/judith_joy_ross_006.jpg\" alt=\"\" width=\"550\" height=\"688\" srcset=\"https:\/\/www.damianzimmermann.de\/blog\/wp-content\/uploads\/judith_joy_ross_006.jpg 550w, https:\/\/www.damianzimmermann.de\/blog\/wp-content\/uploads\/judith_joy_ross_006-120x150.jpg 120w, https:\/\/www.damianzimmermann.de\/blog\/wp-content\/uploads\/judith_joy_ross_006-320x400.jpg 320w, https:\/\/www.damianzimmermann.de\/blog\/wp-content\/uploads\/judith_joy_ross_006-210x263.jpg 210w\" sizes=\"auto, (max-width: 550px) 100vw, 550px\" \/><p id=\"caption-attachment-20776\" class=\"wp-caption-text\">\u00a9 Judith Joy Ross, Layne Cole, Betlehem, Pennsylvania, 2006<\/p><\/div>\n","protected":false},"excerpt":{"rendered":"<p>Die Amerikanerin Judith Joy Ross hat im letzten Jahr in der Galerie von Sabine Schmidt ihre eindringlichen Schwarzwei\u00df-Portr\u00e4ts von Anti-Kriegs-Demonstranten pr\u00e4sentiert. Im Gegensatz zum Ehepaar Gabriele und Helmut&#8230;<\/p>\n","protected":false},"author":1,"featured_media":20776,"comment_status":"closed","ping_status":"open","sticky":false,"template":"","format":"standard","meta":{"footnotes":""},"categories":[6],"tags":[51,54],"class_list":["post-312","post","type-post","status-publish","format-standard","has-post-thumbnail","hentry","category-ausstellungen","tag-gabriele-und-helmut-nothhelfer","tag-judith-joy-ross"],"_links":{"self":[{"href":"https:\/\/www.damianzimmermann.de\/blog\/wp-json\/wp\/v2\/posts\/312","targetHints":{"allow":["GET"]}}],"collection":[{"href":"https:\/\/www.damianzimmermann.de\/blog\/wp-json\/wp\/v2\/posts"}],"about":[{"href":"https:\/\/www.damianzimmermann.de\/blog\/wp-json\/wp\/v2\/types\/post"}],"author":[{"embeddable":true,"href":"https:\/\/www.damianzimmermann.de\/blog\/wp-json\/wp\/v2\/users\/1"}],"replies":[{"embeddable":true,"href":"https:\/\/www.damianzimmermann.de\/blog\/wp-json\/wp\/v2\/comments?post=312"}],"version-history":[{"count":21,"href":"https:\/\/www.damianzimmermann.de\/blog\/wp-json\/wp\/v2\/posts\/312\/revisions"}],"predecessor-version":[{"id":20779,"href":"https:\/\/www.damianzimmermann.de\/blog\/wp-json\/wp\/v2\/posts\/312\/revisions\/20779"}],"wp:featuredmedia":[{"embeddable":true,"href":"https:\/\/www.damianzimmermann.de\/blog\/wp-json\/wp\/v2\/media\/20776"}],"wp:attachment":[{"href":"https:\/\/www.damianzimmermann.de\/blog\/wp-json\/wp\/v2\/media?parent=312"}],"wp:term":[{"taxonomy":"category","embeddable":true,"href":"https:\/\/www.damianzimmermann.de\/blog\/wp-json\/wp\/v2\/categories?post=312"},{"taxonomy":"post_tag","embeddable":true,"href":"https:\/\/www.damianzimmermann.de\/blog\/wp-json\/wp\/v2\/tags?post=312"}],"curies":[{"name":"wp","href":"https:\/\/api.w.org\/{rel}","templated":true}]}}