{"id":2959,"date":"2010-07-18T10:00:49","date_gmt":"2010-07-18T08:00:49","guid":{"rendered":"http:\/\/www.damianzimmermann.de\/blog\/?p=2959"},"modified":"2019-03-27T17:51:46","modified_gmt":"2019-03-27T16:51:46","slug":"der-blog-feiert-geburtstag","status":"publish","type":"post","link":"https:\/\/www.damianzimmermann.de\/blog\/der-blog-feiert-geburtstag\/","title":{"rendered":"Der Blog feiert Geburtstag!"},"content":{"rendered":"<p>Heute vor einem Jahr bin ich mit meinem <strong>Blog<\/strong> online gegangen. Was als kleines Experiment begann, ist mittlerweile ordentlich gewachsen. Insgesamt 88 <strong>Artikel<\/strong> (davon fast die H\u00e4lfte Ausstellungsbesprechungen) sind in den vergangenen 365 Tagen erschienen &#8211; das macht statistisch alle vier Tage einen Beitrag, was deutlich mehr ist als ich anfangs angestrebt habe. Zwar habe ich insgesamt nur 16 &#8222;echte&#8220; <strong>Kommentare<\/strong> unter meinen Artikeln erhalten, daf\u00fcr allerdings stolze 803 Spam-Kommentare. Anders herum w\u00e4re mir lieber, aber man kann ja nicht alles auf einmal haben.<\/p>\n<p>Denn womit ich \u00fcberhaupt nicht gerechnet habe, ist die doch enorm gewachsene Anzahl der <strong>Besucher<\/strong>. Mit etwa 60 habe ich angefangen, mittlerweile klicken t\u00e4glich fast 300 User auf damianzimmermann.de\/blog. Das freut mich sehr, zeigt mir aber auch, dass der Blog mehr ist als nur ein schnell zu aktualisierendes Online-Portfolio (als was es eigentlich gedacht war). Fotografieinteressierte nutzen es als Informationsquelle f\u00fcr aktuelle Ausstellungen und B\u00fccher, lassen sich aber auch f\u00fcr eigene Arbeiten, egal ob es sich um Fotografie oder Texte zur Fotografie handelt, inspirieren.<\/p>\n<p>Aber auch meine Au\u00dfenwahrnehmung hat sich ver\u00e4ndert. Sah man mich fr\u00fcher, je nach Veranstaltung und Auftrag, entweder als <strong>Journalisten <\/strong>oder als <strong>Fotografen <\/strong>an, werde ich nun immer h\u00e4ufiger als <strong>Blogger<\/strong> vorgestellt. Ich wei\u00df noch nicht, ob ich das gut oder schlecht finden soll, aber es zeigt mir zumindest, dass ich das alles hier nicht umsonst mache.<\/p>\n<p>Was das n\u00e4chste Jahr bringen wird, kann ich nicht genau sagen. Seit einiger Zeit schwirrt mir aber die Idee f\u00fcr eine neue Kategorie durch den Kopf, in der ich meine <strong>Ewige Bestenliste f\u00fcr Fotob\u00fccher<\/strong> vorstellen m\u00f6chte. Dabei spielt es keine Rolle, ob das Buch erst seit zwei Wochen oder bereits seit 50 Jahren auf dem Markt ist &#8211; hauptsache, es hat eine qualitative und emotionale &#8222;Macht&#8220;, die weit \u00fcber den Moment hinaus reicht und mich noch Monate oder Jahre sp\u00e4ter fesselt &#8211; kurzum: Es hat Einfluss auf meine Wahrnehmung! Von solchen B\u00fcchern gibt es naturgem\u00e4\u00df nicht viele &#8211; aber es gibt sie. Und sie sind es wert, dass sie m\u00f6glichst viele Menschen kennen.<\/p>\n<p>Mal schauen &#8211; vielleicht fange ich ja bald damit an.<\/p>\n","protected":false},"excerpt":{"rendered":"<p>Heute vor einem Jahr bin ich mit meinem Blog online gegangen. Was als kleines Experiment begann, ist mittlerweile ordentlich gewachsen. Insgesamt 88 Artikel (davon fast die H\u00e4lfte Ausstellungsbesprechungen)&#8230;<\/p>\n","protected":false},"author":1,"featured_media":20639,"comment_status":"closed","ping_status":"open","sticky":false,"template":"","format":"standard","meta":{"footnotes":""},"categories":[1],"tags":[379],"class_list":["post-2959","post","type-post","status-publish","format-standard","has-post-thumbnail","hentry","category-allgemein","tag-geburtstag"],"_links":{"self":[{"href":"https:\/\/www.damianzimmermann.de\/blog\/wp-json\/wp\/v2\/posts\/2959","targetHints":{"allow":["GET"]}}],"collection":[{"href":"https:\/\/www.damianzimmermann.de\/blog\/wp-json\/wp\/v2\/posts"}],"about":[{"href":"https:\/\/www.damianzimmermann.de\/blog\/wp-json\/wp\/v2\/types\/post"}],"author":[{"embeddable":true,"href":"https:\/\/www.damianzimmermann.de\/blog\/wp-json\/wp\/v2\/users\/1"}],"replies":[{"embeddable":true,"href":"https:\/\/www.damianzimmermann.de\/blog\/wp-json\/wp\/v2\/comments?post=2959"}],"version-history":[{"count":32,"href":"https:\/\/www.damianzimmermann.de\/blog\/wp-json\/wp\/v2\/posts\/2959\/revisions"}],"predecessor-version":[{"id":2984,"href":"https:\/\/www.damianzimmermann.de\/blog\/wp-json\/wp\/v2\/posts\/2959\/revisions\/2984"}],"wp:featuredmedia":[{"embeddable":true,"href":"https:\/\/www.damianzimmermann.de\/blog\/wp-json\/wp\/v2\/media\/20639"}],"wp:attachment":[{"href":"https:\/\/www.damianzimmermann.de\/blog\/wp-json\/wp\/v2\/media?parent=2959"}],"wp:term":[{"taxonomy":"category","embeddable":true,"href":"https:\/\/www.damianzimmermann.de\/blog\/wp-json\/wp\/v2\/categories?post=2959"},{"taxonomy":"post_tag","embeddable":true,"href":"https:\/\/www.damianzimmermann.de\/blog\/wp-json\/wp\/v2\/tags?post=2959"}],"curies":[{"name":"wp","href":"https:\/\/api.w.org\/{rel}","templated":true}]}}