{"id":295,"date":"2009-07-24T12:00:19","date_gmt":"2009-07-24T10:00:19","guid":{"rendered":"http:\/\/www.damianzimmermann.de\/blog\/?p=295"},"modified":"2019-03-27T22:14:05","modified_gmt":"2019-03-27T21:14:05","slug":"nothhelfers-und-eijkelboom-in-koln","status":"publish","type":"post","link":"https:\/\/www.damianzimmermann.de\/blog\/nothhelfers-und-eijkelboom-in-koln\/","title":{"rendered":"Nothhelfers und Eijkelboom in K\u00f6ln"},"content":{"rendered":"<p>Noch bis zum 8. November widmet sich eine kleine, aber feine Ausstellung in der Sk Stiftung Kultur dem Individuum in der Masse &#8211; wobei sich &#8222;klein&#8220; eher auf die Ausstellungsfl\u00e4che, nicht jedoch auf die Anzahl der gezeigten Bilder bezieht.\u00a0 Denn<strong> Gabriele und Helmut Nothhelfer<\/strong> pr\u00e4sentieren in der Ausstellung &#8222;Menschen und Jahre&#8220; nichts Geringeres als ihr Lebenswerk, und auch der Niederl\u00e4nder <strong>Hans Eijkelboom<\/strong>, den ich gestern f\u00fcr mich pers\u00f6nlich entdeckt habe, spart auch nicht gerade mit seinen Bildern &#8211; er pr\u00e4sentiert sie gleich zu Hunderten.<\/p>\n<p>Den Artikel dazu, erschienen im K\u00f6lner Stadt-Anzeiger, gibt es <a href=\"https:\/\/www.damianzimmermann.de\/blog\/wp-content\/uploads\/69Nothhelfer-Eijkelboom_2.pdf\" target=\"_blank\" rel=\"noopener noreferrer\">hier<\/a>.<\/p>\n<div id=\"attachment_20773\" style=\"width: 610px\" class=\"wp-caption aligncenter\"><img loading=\"lazy\" decoding=\"async\" aria-describedby=\"caption-attachment-20773\" class=\"wp-image-20773\" src=\"https:\/\/www.damianzimmermann.de\/blog\/wp-content\/uploads\/Nothhelfer.jpg\" alt=\"\" width=\"600\" height=\"437\" srcset=\"https:\/\/www.damianzimmermann.de\/blog\/wp-content\/uploads\/Nothhelfer.jpg 600w, https:\/\/www.damianzimmermann.de\/blog\/wp-content\/uploads\/Nothhelfer-200x146.jpg 200w, https:\/\/www.damianzimmermann.de\/blog\/wp-content\/uploads\/Nothhelfer-400x291.jpg 400w, https:\/\/www.damianzimmermann.de\/blog\/wp-content\/uploads\/Nothhelfer-210x153.jpg 210w\" sizes=\"auto, (max-width: 600px) 100vw, 600px\" \/><p id=\"caption-attachment-20773\" class=\"wp-caption-text\">Gabriele und Helmut Nothhelfer: Dame beim Pfingstkonzert im Zoologischen Garten, Berlin 1974, \u00a9 VG Bild-Kunst, Bonn 2013<\/p><\/div>\n","protected":false},"excerpt":{"rendered":"<p>Noch bis zum 8. November widmet sich eine kleine, aber feine Ausstellung in der Sk Stiftung Kultur dem Individuum in der Masse &#8211; wobei sich &#8222;klein&#8220; eher auf&#8230;<\/p>\n","protected":false},"author":1,"featured_media":20773,"comment_status":"closed","ping_status":"open","sticky":false,"template":"","format":"standard","meta":{"footnotes":""},"categories":[6],"tags":[51,52,53,50],"class_list":["post-295","post","type-post","status-publish","format-standard","has-post-thumbnail","hentry","category-ausstellungen","tag-gabriele-und-helmut-nothhelfer","tag-hans-eijkelboom","tag-individuum","tag-sk-stiftung-kultur"],"_links":{"self":[{"href":"https:\/\/www.damianzimmermann.de\/blog\/wp-json\/wp\/v2\/posts\/295","targetHints":{"allow":["GET"]}}],"collection":[{"href":"https:\/\/www.damianzimmermann.de\/blog\/wp-json\/wp\/v2\/posts"}],"about":[{"href":"https:\/\/www.damianzimmermann.de\/blog\/wp-json\/wp\/v2\/types\/post"}],"author":[{"embeddable":true,"href":"https:\/\/www.damianzimmermann.de\/blog\/wp-json\/wp\/v2\/users\/1"}],"replies":[{"embeddable":true,"href":"https:\/\/www.damianzimmermann.de\/blog\/wp-json\/wp\/v2\/comments?post=295"}],"version-history":[{"count":16,"href":"https:\/\/www.damianzimmermann.de\/blog\/wp-json\/wp\/v2\/posts\/295\/revisions"}],"predecessor-version":[{"id":20774,"href":"https:\/\/www.damianzimmermann.de\/blog\/wp-json\/wp\/v2\/posts\/295\/revisions\/20774"}],"wp:featuredmedia":[{"embeddable":true,"href":"https:\/\/www.damianzimmermann.de\/blog\/wp-json\/wp\/v2\/media\/20773"}],"wp:attachment":[{"href":"https:\/\/www.damianzimmermann.de\/blog\/wp-json\/wp\/v2\/media?parent=295"}],"wp:term":[{"taxonomy":"category","embeddable":true,"href":"https:\/\/www.damianzimmermann.de\/blog\/wp-json\/wp\/v2\/categories?post=295"},{"taxonomy":"post_tag","embeddable":true,"href":"https:\/\/www.damianzimmermann.de\/blog\/wp-json\/wp\/v2\/tags?post=295"}],"curies":[{"name":"wp","href":"https:\/\/api.w.org\/{rel}","templated":true}]}}