{"id":2933,"date":"2010-07-14T13:50:53","date_gmt":"2010-07-14T11:50:53","guid":{"rendered":"http:\/\/www.damianzimmermann.de\/blog\/?p=2933"},"modified":"2019-03-27T17:53:12","modified_gmt":"2019-03-27T16:53:12","slug":"loredana-nemes-mannerwelten","status":"publish","type":"post","link":"https:\/\/www.damianzimmermann.de\/blog\/loredana-nemes-mannerwelten\/","title":{"rendered":"Loredana Nemes&#8216; M\u00e4nnerwelten"},"content":{"rendered":"<p>Die<strong> Baukunst Galerie<\/strong> zeigt noch bis zum 28. August eine Ausstellung mit Arbeiten der rum\u00e4nischen Fotografin <strong>Loredana Nemes<\/strong>, in denen sie sich mit den Innen- und Au\u00dfenansichten von M\u00e4nnern besch\u00e4ftigt. Zum einen fotografierte sie vor islamischen Caf\u00e9s in Berlin, deren Zutritt ihr verwehrt bleibt, und schuf damit nebul\u00f6se und im wahrsten Sinne des Wortes vielschichtige Portr\u00e4ts, zum anderen verkleidete sie sich als Braut und fragte M\u00e4nner in Europa und den USA, ob sie eine Frau liebten und fotografierte sich gemeinsam mit ihnen.<\/p>\n<p>Eine kurze\u00a0 <a href=\"https:\/\/www.damianzimmermann.de\/blog\/wp-content\/uploads\/110-Loredana-Nemes_2.pdf\" target=\"_blank\" rel=\"noopener noreferrer\">Besprechung<\/a> wurde heute auch im K\u00f6lner Stadt-Anzeiger ver\u00f6ffentlicht.<\/p>\n\n\t\t<style type=\"text\/css\">\n\t\t\t#gallery-1 {\n\t\t\t\tmargin: auto;\n\t\t\t}\n\t\t\t#gallery-1 .gallery-item {\n\t\t\t\tfloat: left;\n\t\t\t\tmargin-top: 10px;\n\t\t\t\ttext-align: center;\n\t\t\t\twidth: 100%;\n\t\t\t}\n\t\t\t#gallery-1 img {\n\t\t\t\tborder: 2px solid #cfcfcf;\n\t\t\t}\n\t\t\t#gallery-1 .gallery-caption {\n\t\t\t\tmargin-left: 0;\n\t\t\t}\n\t\t\t\/* see gallery_shortcode() in wp-includes\/media.php *\/\n\t\t<\/style>\n\t\t<div id='gallery-1' class='gallery galleryid-2933 gallery-columns-1 gallery-size-large'><dl class='gallery-item'>\n\t\t\t<dt class='gallery-icon portrait'>\n\t\t\t\t<img loading=\"lazy\" decoding=\"async\" width=\"550\" height=\"718\" src=\"https:\/\/www.damianzimmermann.de\/blog\/wp-content\/uploads\/Nemes_SV_Galatasaray_Berlin_Neuk\u00f6lln_2008.JPG\" class=\"attachment-large size-large\" alt=\"\" aria-describedby=\"gallery-1-2941\" srcset=\"https:\/\/www.damianzimmermann.de\/blog\/wp-content\/uploads\/Nemes_SV_Galatasaray_Berlin_Neuk\u00f6lln_2008.JPG 550w, https:\/\/www.damianzimmermann.de\/blog\/wp-content\/uploads\/Nemes_SV_Galatasaray_Berlin_Neuk\u00f6lln_2008-114x150.jpg 114w, https:\/\/www.damianzimmermann.de\/blog\/wp-content\/uploads\/Nemes_SV_Galatasaray_Berlin_Neuk\u00f6lln_2008-306x400.jpg 306w\" sizes=\"auto, (max-width: 550px) 100vw, 550px\" \/>\n\t\t\t<\/dt>\n\t\t\t\t<dd class='wp-caption-text gallery-caption' id='gallery-1-2941'>\n\t\t\t\tLoredana Nemes: &#8222;SV Galatasaray, Neuk\u00f6lln&#8220;, 2008, aus der Serie &#8222;Berliner M\u00e4nnerwelten&#8220;\n\t\t\t\t<\/dd><\/dl><br style=\"clear: both\" \/><dl class='gallery-item'>\n\t\t\t<dt class='gallery-icon landscape'>\n\t\t\t\t<img loading=\"lazy\" decoding=\"async\" width=\"620\" height=\"467\" src=\"https:\/\/www.damianzimmermann.de\/blog\/wp-content\/uploads\/Nemes_Oriental_Temple_Kreuzberg_2008.JPG\" class=\"attachment-large size-large\" alt=\"\" aria-describedby=\"gallery-1-2940\" srcset=\"https:\/\/www.damianzimmermann.de\/blog\/wp-content\/uploads\/Nemes_Oriental_Temple_Kreuzberg_2008.JPG 730w, https:\/\/www.damianzimmermann.de\/blog\/wp-content\/uploads\/Nemes_Oriental_Temple_Kreuzberg_2008-199x150.jpg 199w, https:\/\/www.damianzimmermann.de\/blog\/wp-content\/uploads\/Nemes_Oriental_Temple_Kreuzberg_2008-400x301.jpg 400w\" sizes=\"auto, (max-width: 620px) 100vw, 620px\" \/>\n\t\t\t<\/dt>\n\t\t\t\t<dd class='wp-caption-text gallery-caption' id='gallery-1-2940'>\n\t\t\t\tLoredana Nemes: &#8222;Oriental Tempel, Kreuzberg&#8220;, 2008, aus der Serie &#8222;Berliner M\u00e4nnerwelten&#8220;\n\t\t\t\t<\/dd><\/dl><br style=\"clear: both\" \/><dl class='gallery-item'>\n\t\t\t<dt class='gallery-icon portrait'>\n\t\t\t\t<img loading=\"lazy\" decoding=\"async\" width=\"550\" height=\"625\" src=\"https:\/\/www.damianzimmermann.de\/blog\/wp-content\/uploads\/Nemes_KEMAL_Neuk\u00f6lln_2009.JPG\" class=\"attachment-large size-large\" alt=\"\" aria-describedby=\"gallery-1-2939\" srcset=\"https:\/\/www.damianzimmermann.de\/blog\/wp-content\/uploads\/Nemes_KEMAL_Neuk\u00f6lln_2009.JPG 550w, https:\/\/www.damianzimmermann.de\/blog\/wp-content\/uploads\/Nemes_KEMAL_Neuk\u00f6lln_2009-132x150.jpg 132w, https:\/\/www.damianzimmermann.de\/blog\/wp-content\/uploads\/Nemes_KEMAL_Neuk\u00f6lln_2009-352x400.jpg 352w\" sizes=\"auto, (max-width: 550px) 100vw, 550px\" \/>\n\t\t\t<\/dt>\n\t\t\t\t<dd class='wp-caption-text gallery-caption' id='gallery-1-2939'>\n\t\t\t\tLoredana Nemes: &#8222;Kemal, Neuk\u00f6lln&#8220;, 2009, aus der Serie &#8222;Berliner M\u00e4nnerwelten&#8220;\n\t\t\t\t<\/dd><\/dl><br style=\"clear: both\" \/><dl class='gallery-item'>\n\t\t\t<dt class='gallery-icon portrait'>\n\t\t\t\t<img loading=\"lazy\" decoding=\"async\" width=\"530\" height=\"600\" src=\"https:\/\/www.damianzimmermann.de\/blog\/wp-content\/uploads\/Nemes_BEKER_Neuk\u00f6lln_2009.JPG\" class=\"attachment-large size-large\" alt=\"\" aria-describedby=\"gallery-1-2938\" srcset=\"https:\/\/www.damianzimmermann.de\/blog\/wp-content\/uploads\/Nemes_BEKER_Neuk\u00f6lln_2009.JPG 530w, https:\/\/www.damianzimmermann.de\/blog\/wp-content\/uploads\/Nemes_BEKER_Neuk\u00f6lln_2009-132x150.jpg 132w, https:\/\/www.damianzimmermann.de\/blog\/wp-content\/uploads\/Nemes_BEKER_Neuk\u00f6lln_2009-353x400.jpg 353w\" sizes=\"auto, (max-width: 530px) 100vw, 530px\" \/>\n\t\t\t<\/dt>\n\t\t\t\t<dd class='wp-caption-text gallery-caption' id='gallery-1-2938'>\n\t\t\t\tLoredana Nemes: &#8222;Beker, Neuk\u00f6lln&#8220;, 2009, aus der Serie &#8222;Berliner M\u00e4nnerwelten&#8220;\n\t\t\t\t<\/dd><\/dl><br style=\"clear: both\" \/><dl class='gallery-item'>\n\t\t\t<dt class='gallery-icon landscape'>\n\t\t\t\t<img loading=\"lazy\" decoding=\"async\" width=\"620\" height=\"317\" src=\"https:\/\/www.damianzimmermann.de\/blog\/wp-content\/uploads\/2007.09_Leipzig_DEU_Marcus_27-1024x523.jpg\" class=\"attachment-large size-large\" alt=\"\" aria-describedby=\"gallery-1-2935\" srcset=\"https:\/\/www.damianzimmermann.de\/blog\/wp-content\/uploads\/2007.09_Leipzig_DEU_Marcus_27-1024x523.jpg 1024w, https:\/\/www.damianzimmermann.de\/blog\/wp-content\/uploads\/2007.09_Leipzig_DEU_Marcus_27-200x102.jpg 200w, https:\/\/www.damianzimmermann.de\/blog\/wp-content\/uploads\/2007.09_Leipzig_DEU_Marcus_27-400x204.jpg 400w, https:\/\/www.damianzimmermann.de\/blog\/wp-content\/uploads\/2007.09_Leipzig_DEU_Marcus_27.jpg 1134w\" sizes=\"auto, (max-width: 620px) 100vw, 620px\" \/>\n\t\t\t<\/dt>\n\t\t\t\t<dd class='wp-caption-text gallery-caption' id='gallery-1-2935'>\n\t\t\t\tLoredana Nemes: &#8222;Dionysos, 21, Chania, Griechenland&#8220;, 2008, aus der Serie &#8222;\u00dcber Liebe&#8220;\n\t\t\t\t<\/dd><\/dl><br style=\"clear: both\" \/><dl class='gallery-item'>\n\t\t\t<dt class='gallery-icon landscape'>\n\t\t\t\t<img loading=\"lazy\" decoding=\"async\" width=\"620\" height=\"465\" src=\"https:\/\/www.damianzimmermann.de\/blog\/wp-content\/uploads\/2008.05_Chania_GRIE_Dionysos_21-1024x768.jpg\" class=\"attachment-large size-large\" alt=\"\" aria-describedby=\"gallery-1-2936\" srcset=\"https:\/\/www.damianzimmermann.de\/blog\/wp-content\/uploads\/2008.05_Chania_GRIE_Dionysos_21-1024x768.jpg 1024w, https:\/\/www.damianzimmermann.de\/blog\/wp-content\/uploads\/2008.05_Chania_GRIE_Dionysos_21-199x150.jpg 199w, https:\/\/www.damianzimmermann.de\/blog\/wp-content\/uploads\/2008.05_Chania_GRIE_Dionysos_21-400x300.jpg 400w, https:\/\/www.damianzimmermann.de\/blog\/wp-content\/uploads\/2008.05_Chania_GRIE_Dionysos_21.jpg 1134w\" sizes=\"auto, (max-width: 620px) 100vw, 620px\" \/>\n\t\t\t<\/dt>\n\t\t\t\t<dd class='wp-caption-text gallery-caption' id='gallery-1-2936'>\n\t\t\t\tLoredana Nemes: &#8222;Marcus, 27, Leipzig, Deutschland&#8220;, 2007, aus der Serie &#8222;\u00dcber Liebe&#8220;\n\t\t\t\t<\/dd><\/dl><br style=\"clear: both\" \/><dl class='gallery-item'>\n\t\t\t<dt class='gallery-icon landscape'>\n\t\t\t\t<img loading=\"lazy\" decoding=\"async\" width=\"620\" height=\"465\" src=\"https:\/\/www.damianzimmermann.de\/blog\/wp-content\/uploads\/2008.07_Oslo_NOR_Ivar_28-1024x768.jpg\" class=\"attachment-large size-large\" alt=\"\" aria-describedby=\"gallery-1-2937\" srcset=\"https:\/\/www.damianzimmermann.de\/blog\/wp-content\/uploads\/2008.07_Oslo_NOR_Ivar_28-1024x768.jpg 1024w, https:\/\/www.damianzimmermann.de\/blog\/wp-content\/uploads\/2008.07_Oslo_NOR_Ivar_28-199x150.jpg 199w, https:\/\/www.damianzimmermann.de\/blog\/wp-content\/uploads\/2008.07_Oslo_NOR_Ivar_28-400x300.jpg 400w, https:\/\/www.damianzimmermann.de\/blog\/wp-content\/uploads\/2008.07_Oslo_NOR_Ivar_28.jpg 1134w\" sizes=\"auto, (max-width: 620px) 100vw, 620px\" \/>\n\t\t\t<\/dt>\n\t\t\t\t<dd class='wp-caption-text gallery-caption' id='gallery-1-2937'>\n\t\t\t\tLoredana Nemes: &#8222;Ivar, 28, Oslo, Norwegen&#8220;, 2008, aus der Serie &#8222;\u00dcber Liebe&#8220;\n\t\t\t\t<\/dd><\/dl><br style=\"clear: both\" \/><dl class='gallery-item'>\n\t\t\t<dt class='gallery-icon landscape'>\n\t\t\t\t<img loading=\"lazy\" decoding=\"async\" width=\"620\" height=\"465\" src=\"https:\/\/www.damianzimmermann.de\/blog\/wp-content\/uploads\/2006.09_New_York_USA_Greg_35-1024x768.jpg\" class=\"attachment-large size-large\" alt=\"\" aria-describedby=\"gallery-1-2934\" srcset=\"https:\/\/www.damianzimmermann.de\/blog\/wp-content\/uploads\/2006.09_New_York_USA_Greg_35-1024x768.jpg 1024w, https:\/\/www.damianzimmermann.de\/blog\/wp-content\/uploads\/2006.09_New_York_USA_Greg_35-199x150.jpg 199w, https:\/\/www.damianzimmermann.de\/blog\/wp-content\/uploads\/2006.09_New_York_USA_Greg_35-400x300.jpg 400w, https:\/\/www.damianzimmermann.de\/blog\/wp-content\/uploads\/2006.09_New_York_USA_Greg_35.jpg 1134w\" sizes=\"auto, (max-width: 620px) 100vw, 620px\" \/>\n\t\t\t<\/dt>\n\t\t\t\t<dd class='wp-caption-text gallery-caption' id='gallery-1-2934'>\n\t\t\t\tLoredana Nemes: &#8222;Greg, 35, New York, USA&#8220;, 2006, aus der Serie &#8222;\u00dcber Liebe&#8220;\n\t\t\t\t<\/dd><\/dl><br style=\"clear: both\" \/>\n\t\t<\/div>\n\n","protected":false},"excerpt":{"rendered":"<p>Die Baukunst Galerie zeigt noch bis zum 28. August eine Ausstellung mit Arbeiten der rum\u00e4nischen Fotografin Loredana Nemes, in denen sie sich mit den Innen- und Au\u00dfenansichten von&#8230;<\/p>\n","protected":false},"author":1,"featured_media":2939,"comment_status":"closed","ping_status":"open","sticky":false,"template":"","format":"standard","meta":{"footnotes":""},"categories":[6],"tags":[373,374],"class_list":["post-2933","post","type-post","status-publish","format-standard","has-post-thumbnail","hentry","category-ausstellungen","tag-loredana-nemes","tag-manner"],"_links":{"self":[{"href":"https:\/\/www.damianzimmermann.de\/blog\/wp-json\/wp\/v2\/posts\/2933","targetHints":{"allow":["GET"]}}],"collection":[{"href":"https:\/\/www.damianzimmermann.de\/blog\/wp-json\/wp\/v2\/posts"}],"about":[{"href":"https:\/\/www.damianzimmermann.de\/blog\/wp-json\/wp\/v2\/types\/post"}],"author":[{"embeddable":true,"href":"https:\/\/www.damianzimmermann.de\/blog\/wp-json\/wp\/v2\/users\/1"}],"replies":[{"embeddable":true,"href":"https:\/\/www.damianzimmermann.de\/blog\/wp-json\/wp\/v2\/comments?post=2933"}],"version-history":[{"count":17,"href":"https:\/\/www.damianzimmermann.de\/blog\/wp-json\/wp\/v2\/posts\/2933\/revisions"}],"predecessor-version":[{"id":20640,"href":"https:\/\/www.damianzimmermann.de\/blog\/wp-json\/wp\/v2\/posts\/2933\/revisions\/20640"}],"wp:featuredmedia":[{"embeddable":true,"href":"https:\/\/www.damianzimmermann.de\/blog\/wp-json\/wp\/v2\/media\/2939"}],"wp:attachment":[{"href":"https:\/\/www.damianzimmermann.de\/blog\/wp-json\/wp\/v2\/media?parent=2933"}],"wp:term":[{"taxonomy":"category","embeddable":true,"href":"https:\/\/www.damianzimmermann.de\/blog\/wp-json\/wp\/v2\/categories?post=2933"},{"taxonomy":"post_tag","embeddable":true,"href":"https:\/\/www.damianzimmermann.de\/blog\/wp-json\/wp\/v2\/tags?post=2933"}],"curies":[{"name":"wp","href":"https:\/\/api.w.org\/{rel}","templated":true}]}}