{"id":2879,"date":"2010-07-03T09:00:42","date_gmt":"2010-07-03T08:00:42","guid":{"rendered":"http:\/\/www.damianzimmermann.de\/blog\/?p=2879"},"modified":"2019-03-27T17:54:20","modified_gmt":"2019-03-27T16:54:20","slug":"oliver-siebers-imaginary-club","status":"publish","type":"post","link":"https:\/\/www.damianzimmermann.de\/blog\/oliver-siebers-imaginary-club\/","title":{"rendered":"Oliver Siebers &#8222;Imaginary Club&#8220;"},"content":{"rendered":"<p>Der D\u00fcsseldorfer Fotograf und Publizist<strong> Oliver Sieber<\/strong> ist mir erstmals vor zwei oder drei Jahren mit seiner Serie &#8222;Character Thieves&#8220; aufgefallen, f\u00fcr die er Cosplayer auf der ganzen Welt besucht und in ihrem heimischen Umfeld portr\u00e4tiert hat. Der Kontrast zwischen den aufwendigen, extravaganten Fantasiekost\u00fcmen und den spie\u00dfigen Wohnungen war f\u00fcr mich das Sinnbild f\u00fcr eine nach Individualit\u00e4t schreienden, aber dem Konservativmus nicht entfliehen k\u00f6nnenden Welt.<\/p>\n<p>Nun zeigt Sieber in der <strong>Galerie Priska Pasquer<\/strong> seine Ausstellung \u201cImaginary Club\u201d &#8211; und beweist nicht nur, dass er zu den wichtigsten zeitgen\u00f6ssischen Portr\u00e4tfotografen z\u00e4hlt, sondern auch, dass er seine Arbeiten wundervoll pr\u00e4sentieren kann. Die schwarz gestrichenen Galeriew\u00e4nde sind ein Statement, aber auch eine B\u00fchne f\u00fcr seine Protagonisten, die alle Mitglied in (s)einem ganz besonderen, fiktiven Verein sind. Hier treffen Punks, Visus, Psychobillies und Gothic Lolitas aus Los Angeles, New York, Tokyo, K\u00f6ln oder Schw\u00e4bisch Hall aufeinander. Es sind Menschen, die ihre Identit\u00e4t durch deutlich sichtbare, aber nicht f\u00fcr Jedermann verst\u00e4ndliche Codes kommunizieren &#8211; um sich von der Masse abzugrenzen und gleichzeitig der eigenen Gruppe zuzuordnen. Erweitert und erg\u00e4nzt werden die Protagonisten seiner bisherigen Serien um schwarzwei\u00dfe Stra\u00dfenszenen und Portr\u00e4ts von Freunden und Bekannten wie der Kunsthistorikerin <strong>Nadia Ismail<\/strong> (deren Kontaktlinsen auf dem Bild eine fast verst\u00f6rende Wirkung haben) und dem Fotografen <strong>Ted Partin<\/strong>, so dass eine f\u00fcr Sieber ideale Gesellschaft, eine Art Utopia entsteht, in der er sich wohl f\u00fchlt.<\/p>\n<p>Die Ausstellung ist noch bis zum 28. August in der Galerie Priska Pasquer in K\u00f6ln zu sehen. Im K\u00f6lner Stadt-Anzeiger ist mittlerweile au\u00dferdem noch eine\u00a0<a href=\"https:\/\/www.damianzimmermann.de\/blog\/wp-content\/uploads\/111-Oliver-Sieber_2.pdf\" target=\"_blank\" rel=\"noopener noreferrer\">Rezension<\/a> erschienen.<\/p>\n\n\t\t<style type=\"text\/css\">\n\t\t\t#gallery-1 {\n\t\t\t\tmargin: auto;\n\t\t\t}\n\t\t\t#gallery-1 .gallery-item {\n\t\t\t\tfloat: left;\n\t\t\t\tmargin-top: 10px;\n\t\t\t\ttext-align: center;\n\t\t\t\twidth: 100%;\n\t\t\t}\n\t\t\t#gallery-1 img {\n\t\t\t\tborder: 2px solid #cfcfcf;\n\t\t\t}\n\t\t\t#gallery-1 .gallery-caption {\n\t\t\t\tmargin-left: 0;\n\t\t\t}\n\t\t\t\/* see gallery_shortcode() in wp-includes\/media.php *\/\n\t\t<\/style>\n\t\t<div id='gallery-1' class='gallery galleryid-2879 gallery-columns-1 gallery-size-large'><dl class='gallery-item'>\n\t\t\t<dt class='gallery-icon portrait'>\n\t\t\t\t<img loading=\"lazy\" decoding=\"async\" width=\"620\" height=\"797\" src=\"https:\/\/www.damianzimmermann.de\/blog\/wp-content\/uploads\/Reita_SIEBER.jpg\" class=\"attachment-large size-large\" alt=\"\" aria-describedby=\"gallery-1-2888\" srcset=\"https:\/\/www.damianzimmermann.de\/blog\/wp-content\/uploads\/Reita_SIEBER.jpg 700w, https:\/\/www.damianzimmermann.de\/blog\/wp-content\/uploads\/Reita_SIEBER-116x150.jpg 116w, https:\/\/www.damianzimmermann.de\/blog\/wp-content\/uploads\/Reita_SIEBER-311x400.jpg 311w\" sizes=\"auto, (max-width: 620px) 100vw, 620px\" \/>\n\t\t\t<\/dt>\n\t\t\t\t<dd class='wp-caption-text gallery-caption' id='gallery-1-2888'>\n\t\t\t\tOliver Sieber: &#8222;Reita (Kayleigh)&#8220;, K\u00f6ln, 2007\n\t\t\t\t<\/dd><\/dl><br style=\"clear: both\" \/><dl class='gallery-item'>\n\t\t\t<dt class='gallery-icon portrait'>\n\t\t\t\t<img loading=\"lazy\" decoding=\"async\" width=\"620\" height=\"771\" src=\"https:\/\/www.damianzimmermann.de\/blog\/wp-content\/uploads\/LeVent_SIEBER.jpg\" class=\"attachment-large size-large\" alt=\"\" aria-describedby=\"gallery-1-2886\" srcset=\"https:\/\/www.damianzimmermann.de\/blog\/wp-content\/uploads\/LeVent_SIEBER.jpg 724w, https:\/\/www.damianzimmermann.de\/blog\/wp-content\/uploads\/LeVent_SIEBER-120x150.jpg 120w, https:\/\/www.damianzimmermann.de\/blog\/wp-content\/uploads\/LeVent_SIEBER-321x400.jpg 321w\" sizes=\"auto, (max-width: 620px) 100vw, 620px\" \/>\n\t\t\t<\/dt>\n\t\t\t\t<dd class='wp-caption-text gallery-caption' id='gallery-1-2886'>\n\t\t\t\tOliver Sieber: Alex (LeVent), K\u00f6ln, 2007 \n\t\t\t\t<\/dd><\/dl><br style=\"clear: both\" \/><dl class='gallery-item'>\n\t\t\t<dt class='gallery-icon landscape'>\n\t\t\t\t<img loading=\"lazy\" decoding=\"async\" width=\"620\" height=\"418\" src=\"https:\/\/www.damianzimmermann.de\/blog\/wp-content\/uploads\/Blonder-Engel_SIEBER.jpg\" class=\"attachment-large size-large\" alt=\"\" aria-describedby=\"gallery-1-2885\" srcset=\"https:\/\/www.damianzimmermann.de\/blog\/wp-content\/uploads\/Blonder-Engel_SIEBER.jpg 900w, https:\/\/www.damianzimmermann.de\/blog\/wp-content\/uploads\/Blonder-Engel_SIEBER-200x134.jpg 200w, https:\/\/www.damianzimmermann.de\/blog\/wp-content\/uploads\/Blonder-Engel_SIEBER-400x269.jpg 400w\" sizes=\"auto, (max-width: 620px) 100vw, 620px\" \/>\n\t\t\t<\/dt>\n\t\t\t\t<dd class='wp-caption-text gallery-caption' id='gallery-1-2885'>\n\t\t\t\tOliver Sieber: &#8222;Blonder Engel&#8220;\n\t\t\t\t<\/dd><\/dl><br style=\"clear: both\" \/><dl class='gallery-item'>\n\t\t\t<dt class='gallery-icon landscape'>\n\t\t\t\t<img loading=\"lazy\" decoding=\"async\" width=\"620\" height=\"267\" src=\"https:\/\/www.damianzimmermann.de\/blog\/wp-content\/uploads\/Oliver-Sieber-Installationsansicht1.jpg\" class=\"attachment-large size-large\" alt=\"\" aria-describedby=\"gallery-1-2887\" srcset=\"https:\/\/www.damianzimmermann.de\/blog\/wp-content\/uploads\/Oliver-Sieber-Installationsansicht1.jpg 1000w, https:\/\/www.damianzimmermann.de\/blog\/wp-content\/uploads\/Oliver-Sieber-Installationsansicht1-200x86.jpg 200w, https:\/\/www.damianzimmermann.de\/blog\/wp-content\/uploads\/Oliver-Sieber-Installationsansicht1-400x172.jpg 400w\" sizes=\"auto, (max-width: 620px) 100vw, 620px\" \/>\n\t\t\t<\/dt>\n\t\t\t\t<dd class='wp-caption-text gallery-caption' id='gallery-1-2887'>\n\t\t\t\tOliver Sieber: Installationsansicht &#8222;Imaginary Club&#8220;\n\t\t\t\t<\/dd><\/dl><br style=\"clear: both\" \/>\n\t\t<\/div>\n\n","protected":false},"excerpt":{"rendered":"<p>Der D\u00fcsseldorfer Fotograf und Publizist Oliver Sieber ist mir erstmals vor zwei oder drei Jahren mit seiner Serie &#8222;Character Thieves&#8220; aufgefallen, f\u00fcr die er Cosplayer auf der ganzen&#8230;<\/p>\n","protected":false},"author":1,"featured_media":2885,"comment_status":"closed","ping_status":"open","sticky":false,"template":"","format":"standard","meta":{"footnotes":""},"categories":[6],"tags":[367,141,1521,350],"class_list":["post-2879","post","type-post","status-publish","format-standard","has-post-thumbnail","hentry","category-ausstellungen","tag-nadia-ismail","tag-oliver-sieber","tag-portrat","tag-ted-partin"],"_links":{"self":[{"href":"https:\/\/www.damianzimmermann.de\/blog\/wp-json\/wp\/v2\/posts\/2879","targetHints":{"allow":["GET"]}}],"collection":[{"href":"https:\/\/www.damianzimmermann.de\/blog\/wp-json\/wp\/v2\/posts"}],"about":[{"href":"https:\/\/www.damianzimmermann.de\/blog\/wp-json\/wp\/v2\/types\/post"}],"author":[{"embeddable":true,"href":"https:\/\/www.damianzimmermann.de\/blog\/wp-json\/wp\/v2\/users\/1"}],"replies":[{"embeddable":true,"href":"https:\/\/www.damianzimmermann.de\/blog\/wp-json\/wp\/v2\/comments?post=2879"}],"version-history":[{"count":31,"href":"https:\/\/www.damianzimmermann.de\/blog\/wp-json\/wp\/v2\/posts\/2879\/revisions"}],"predecessor-version":[{"id":20641,"href":"https:\/\/www.damianzimmermann.de\/blog\/wp-json\/wp\/v2\/posts\/2879\/revisions\/20641"}],"wp:featuredmedia":[{"embeddable":true,"href":"https:\/\/www.damianzimmermann.de\/blog\/wp-json\/wp\/v2\/media\/2885"}],"wp:attachment":[{"href":"https:\/\/www.damianzimmermann.de\/blog\/wp-json\/wp\/v2\/media?parent=2879"}],"wp:term":[{"taxonomy":"category","embeddable":true,"href":"https:\/\/www.damianzimmermann.de\/blog\/wp-json\/wp\/v2\/categories?post=2879"},{"taxonomy":"post_tag","embeddable":true,"href":"https:\/\/www.damianzimmermann.de\/blog\/wp-json\/wp\/v2\/tags?post=2879"}],"curies":[{"name":"wp","href":"https:\/\/api.w.org\/{rel}","templated":true}]}}