{"id":2851,"date":"2010-06-29T16:33:24","date_gmt":"2010-06-29T15:33:24","guid":{"rendered":"http:\/\/www.damianzimmermann.de\/blog\/?p=2851"},"modified":"2019-03-27T17:56:03","modified_gmt":"2019-03-27T16:56:03","slug":"alleine-vereint-von-nadine-preis","status":"publish","type":"post","link":"https:\/\/www.damianzimmermann.de\/blog\/alleine-vereint-von-nadine-preis\/","title":{"rendered":"&#8222;Alleine Vereint&#8220; von Nadine Prei\u00df"},"content":{"rendered":"<p>Ich muss an dieser Stelle mal ein wenig Werbung f\u00fcr meine Freundin <strong>Nadine Prei\u00df<\/strong> machen: In der gerade erschienenen Juli\/August-Ausgabe der <strong>Photonews<\/strong> wird ihre wunderbare Diplomarbeit &#8222;Alleine Vereint&#8220; auf einer Doppelseite vorgestellt und hat es sogar auf die Titelseite geschafft. Daf\u00fcr meinen Gl\u00fcckwunsch!<\/p>\n<p>In ihrer Serie geht es um Jugendliche, die alle aktives Mitglied in einem uniformierten Verein sind. Nadine interessiert sich f\u00fcr die \u00dcbergangsphase, in der man nicht mehr Kind, aber auch noch nicht ganz erwachsen ist. Mehr Informationen gibt es in dem begleitenden Text von <strong>Anna Gripp<\/strong>. Deshalb: Photonews kaufen gehen!<\/p>\n\n\t\t<style type=\"text\/css\">\n\t\t\t#gallery-1 {\n\t\t\t\tmargin: auto;\n\t\t\t}\n\t\t\t#gallery-1 .gallery-item {\n\t\t\t\tfloat: left;\n\t\t\t\tmargin-top: 10px;\n\t\t\t\ttext-align: center;\n\t\t\t\twidth: 100%;\n\t\t\t}\n\t\t\t#gallery-1 img {\n\t\t\t\tborder: 2px solid #cfcfcf;\n\t\t\t}\n\t\t\t#gallery-1 .gallery-caption {\n\t\t\t\tmargin-left: 0;\n\t\t\t}\n\t\t\t\/* see gallery_shortcode() in wp-includes\/media.php *\/\n\t\t<\/style>\n\t\t<div id='gallery-1' class='gallery galleryid-2851 gallery-columns-1 gallery-size-large'><dl class='gallery-item'>\n\t\t\t<dt class='gallery-icon landscape'>\n\t\t\t\t<img loading=\"lazy\" decoding=\"async\" width=\"620\" height=\"620\" src=\"https:\/\/www.damianzimmermann.de\/blog\/wp-content\/uploads\/alleine-vereint-b.jpg\" class=\"attachment-large size-large\" alt=\"\" aria-describedby=\"gallery-1-2862\" srcset=\"https:\/\/www.damianzimmermann.de\/blog\/wp-content\/uploads\/alleine-vereint-b.jpg 900w, https:\/\/www.damianzimmermann.de\/blog\/wp-content\/uploads\/alleine-vereint-b-150x150.jpg 150w, https:\/\/www.damianzimmermann.de\/blog\/wp-content\/uploads\/alleine-vereint-b-400x400.jpg 400w\" sizes=\"auto, (max-width: 620px) 100vw, 620px\" \/>\n\t\t\t<\/dt>\n\t\t\t\t<dd class='wp-caption-text gallery-caption' id='gallery-1-2862'>\n\t\t\t\tNadine Prei\u00df: &#8222;Querfl\u00f6tistin (17) &#8211; Feuerwehr-Spielmannszug \/ K\u00f6ln-Porz-Langel&#8220;, aus ihrer Diplomarbeit &#8222;Alleine Vereint&#8220;, 2009 \u00a9 Nadine Prei\u00df\n\t\t\t\t<\/dd><\/dl><br style=\"clear: both\" \/><dl class='gallery-item'>\n\t\t\t<dt class='gallery-icon landscape'>\n\t\t\t\t<img loading=\"lazy\" decoding=\"async\" width=\"620\" height=\"620\" src=\"https:\/\/www.damianzimmermann.de\/blog\/wp-content\/uploads\/alleine-vereint-f.jpg\" class=\"attachment-large size-large\" alt=\"\" aria-describedby=\"gallery-1-2866\" srcset=\"https:\/\/www.damianzimmermann.de\/blog\/wp-content\/uploads\/alleine-vereint-f.jpg 900w, https:\/\/www.damianzimmermann.de\/blog\/wp-content\/uploads\/alleine-vereint-f-150x150.jpg 150w, https:\/\/www.damianzimmermann.de\/blog\/wp-content\/uploads\/alleine-vereint-f-400x400.jpg 400w\" sizes=\"auto, (max-width: 620px) 100vw, 620px\" \/>\n\t\t\t<\/dt>\n\t\t\t\t<dd class='wp-caption-text gallery-caption' id='gallery-1-2866'>\n\t\t\t\tNadine Prei\u00df: &#8222;Jugendfeuerwehrmann (16) &#8211; Jugendfeuerwehr \/ K\u00f6ln-F\u00fchlingen&#8220;, aus ihrer Diplomarbeit &#8222;Alleine Vereint&#8220;, 2009 \u00a9 Nadine Prei\u00df\n\t\t\t\t<\/dd><\/dl><br style=\"clear: both\" \/><dl class='gallery-item'>\n\t\t\t<dt class='gallery-icon landscape'>\n\t\t\t\t<img loading=\"lazy\" decoding=\"async\" width=\"620\" height=\"620\" src=\"https:\/\/www.damianzimmermann.de\/blog\/wp-content\/uploads\/alleine-vereint-c.jpg\" class=\"attachment-large size-large\" alt=\"\" aria-describedby=\"gallery-1-2863\" srcset=\"https:\/\/www.damianzimmermann.de\/blog\/wp-content\/uploads\/alleine-vereint-c.jpg 900w, https:\/\/www.damianzimmermann.de\/blog\/wp-content\/uploads\/alleine-vereint-c-150x150.jpg 150w, https:\/\/www.damianzimmermann.de\/blog\/wp-content\/uploads\/alleine-vereint-c-400x400.jpg 400w\" sizes=\"auto, (max-width: 620px) 100vw, 620px\" \/>\n\t\t\t<\/dt>\n\t\t\t\t<dd class='wp-caption-text gallery-caption' id='gallery-1-2863'>\n\t\t\t\tNadine Prei\u00df: &#8222;Gardist (14) &#8211; Karnevalsverein Altst\u00e4dter 1922 \/ K\u00f6ln&#8220;, aus ihrer Diplomarbeit &#8222;Alleine Vereint&#8220;, 2009 \u00a9 Nadine Prei\u00df\n\t\t\t\t<\/dd><\/dl><br style=\"clear: both\" \/><dl class='gallery-item'>\n\t\t\t<dt class='gallery-icon landscape'>\n\t\t\t\t<img loading=\"lazy\" decoding=\"async\" width=\"620\" height=\"620\" src=\"https:\/\/www.damianzimmermann.de\/blog\/wp-content\/uploads\/alleine-vereint-h.jpg\" class=\"attachment-large size-large\" alt=\"\" aria-describedby=\"gallery-1-2868\" srcset=\"https:\/\/www.damianzimmermann.de\/blog\/wp-content\/uploads\/alleine-vereint-h.jpg 900w, https:\/\/www.damianzimmermann.de\/blog\/wp-content\/uploads\/alleine-vereint-h-150x150.jpg 150w, https:\/\/www.damianzimmermann.de\/blog\/wp-content\/uploads\/alleine-vereint-h-400x400.jpg 400w\" sizes=\"auto, (max-width: 620px) 100vw, 620px\" \/>\n\t\t\t<\/dt>\n\t\t\t\t<dd class='wp-caption-text gallery-caption' id='gallery-1-2868'>\n\t\t\t\tNadine Prei\u00df: &#8222;Gardist (14) &#8211; Karnevalsverein Altst\u00e4dter 1922 \/ K\u00f6ln&#8220;, aus ihrer Diplomarbeit &#8222;Alleine Vereint&#8220;, 2009 \u00a9 Nadine Prei\u00df\n\t\t\t\t<\/dd><\/dl><br style=\"clear: both\" \/><dl class='gallery-item'>\n\t\t\t<dt class='gallery-icon landscape'>\n\t\t\t\t<img loading=\"lazy\" decoding=\"async\" width=\"620\" height=\"620\" src=\"https:\/\/www.damianzimmermann.de\/blog\/wp-content\/uploads\/alleine-vereint-i.jpg\" class=\"attachment-large size-large\" alt=\"\" aria-describedby=\"gallery-1-2869\" srcset=\"https:\/\/www.damianzimmermann.de\/blog\/wp-content\/uploads\/alleine-vereint-i.jpg 900w, https:\/\/www.damianzimmermann.de\/blog\/wp-content\/uploads\/alleine-vereint-i-150x150.jpg 150w, https:\/\/www.damianzimmermann.de\/blog\/wp-content\/uploads\/alleine-vereint-i-400x400.jpg 400w\" sizes=\"auto, (max-width: 620px) 100vw, 620px\" \/>\n\t\t\t<\/dt>\n\t\t\t\t<dd class='wp-caption-text gallery-caption' id='gallery-1-2869'>\n\t\t\t\tNadine Prei\u00df: &#8222;Rover (16) &#8211; Pfadfinder Stamm Silva \/ Solinger Wald&#8220;, aus ihrer Diplomarbeit &#8222;Alleine Vereint&#8220;, 2009 \u00a9 Nadine Prei\u00df\n\t\t\t\t<\/dd><\/dl><br style=\"clear: both\" \/><dl class='gallery-item'>\n\t\t\t<dt class='gallery-icon landscape'>\n\t\t\t\t<img loading=\"lazy\" decoding=\"async\" width=\"620\" height=\"620\" src=\"https:\/\/www.damianzimmermann.de\/blog\/wp-content\/uploads\/alleine-vereint-a.jpg\" class=\"attachment-large size-large\" alt=\"\" aria-describedby=\"gallery-1-2861\" srcset=\"https:\/\/www.damianzimmermann.de\/blog\/wp-content\/uploads\/alleine-vereint-a.jpg 900w, https:\/\/www.damianzimmermann.de\/blog\/wp-content\/uploads\/alleine-vereint-a-150x150.jpg 150w, https:\/\/www.damianzimmermann.de\/blog\/wp-content\/uploads\/alleine-vereint-a-400x400.jpg 400w\" sizes=\"auto, (max-width: 620px) 100vw, 620px\" \/>\n\t\t\t<\/dt>\n\t\t\t\t<dd class='wp-caption-text gallery-caption' id='gallery-1-2861'>\n\t\t\t\tNadine Prei\u00df: &#8222;Rover (16) &#8211; Pfadfinder Stamm Silva \/ Solinger Wald&#8220;, aus ihrer Diplomarbeit &#8222;Alleine Vereint&#8220;, 2009 \u00a9 Nadine Prei\u00df\n\t\t\t\t<\/dd><\/dl><br style=\"clear: both\" \/><dl class='gallery-item'>\n\t\t\t<dt class='gallery-icon landscape'>\n\t\t\t\t<img loading=\"lazy\" decoding=\"async\" width=\"620\" height=\"620\" src=\"https:\/\/www.damianzimmermann.de\/blog\/wp-content\/uploads\/alleine-vereint-g.jpg\" class=\"attachment-large size-large\" alt=\"\" aria-describedby=\"gallery-1-2867\" srcset=\"https:\/\/www.damianzimmermann.de\/blog\/wp-content\/uploads\/alleine-vereint-g.jpg 900w, https:\/\/www.damianzimmermann.de\/blog\/wp-content\/uploads\/alleine-vereint-g-150x150.jpg 150w, https:\/\/www.damianzimmermann.de\/blog\/wp-content\/uploads\/alleine-vereint-g-400x400.jpg 400w\" sizes=\"auto, (max-width: 620px) 100vw, 620px\" \/>\n\t\t\t<\/dt>\n\t\t\t\t<dd class='wp-caption-text gallery-caption' id='gallery-1-2867'>\n\t\t\t\tNadine Prei\u00df: &#8222;Jungsch\u00fctzenk\u00f6nig (17) &#8211; Sch\u00fctzenbruderschaft St. Hubertus 1926 \/ K\u00f6ln-Porz-Urbach&#8220;, aus ihrer Diplomarbeit &#8222;Alleine Vereint&#8220;, 2009 \u00a9 Nadine Prei\u00df\n\t\t\t\t<\/dd><\/dl><br style=\"clear: both\" \/><dl class='gallery-item'>\n\t\t\t<dt class='gallery-icon landscape'>\n\t\t\t\t<img loading=\"lazy\" decoding=\"async\" width=\"620\" height=\"620\" src=\"https:\/\/www.damianzimmermann.de\/blog\/wp-content\/uploads\/alleine-vereint-j.jpg\" class=\"attachment-large size-large\" alt=\"\" aria-describedby=\"gallery-1-2870\" srcset=\"https:\/\/www.damianzimmermann.de\/blog\/wp-content\/uploads\/alleine-vereint-j.jpg 900w, https:\/\/www.damianzimmermann.de\/blog\/wp-content\/uploads\/alleine-vereint-j-150x150.jpg 150w, https:\/\/www.damianzimmermann.de\/blog\/wp-content\/uploads\/alleine-vereint-j-400x400.jpg 400w\" sizes=\"auto, (max-width: 620px) 100vw, 620px\" \/>\n\t\t\t<\/dt>\n\t\t\t\t<dd class='wp-caption-text gallery-caption' id='gallery-1-2870'>\n\t\t\t\tNadine Prei\u00df: &#8222;Jungsch\u00fctzenk\u00f6nig (17) &#8211; Sch\u00fctzenbruderschaft St. Hubertus 1926 \/ K\u00f6ln-Porz-Urbach&#8220;, aus ihrer Diplomarbeit &#8222;Alleine Vereint&#8220;, 2009 \u00a9 Nadine Prei\u00df\n\t\t\t\t<\/dd><\/dl><br style=\"clear: both\" \/><dl class='gallery-item'>\n\t\t\t<dt class='gallery-icon landscape'>\n\t\t\t\t<img loading=\"lazy\" decoding=\"async\" width=\"620\" height=\"620\" src=\"https:\/\/www.damianzimmermann.de\/blog\/wp-content\/uploads\/alleine-vereint-d.jpg\" class=\"attachment-large size-large\" alt=\"\" aria-describedby=\"gallery-1-2864\" srcset=\"https:\/\/www.damianzimmermann.de\/blog\/wp-content\/uploads\/alleine-vereint-d.jpg 900w, https:\/\/www.damianzimmermann.de\/blog\/wp-content\/uploads\/alleine-vereint-d-150x150.jpg 150w, https:\/\/www.damianzimmermann.de\/blog\/wp-content\/uploads\/alleine-vereint-d-400x400.jpg 400w\" sizes=\"auto, (max-width: 620px) 100vw, 620px\" \/>\n\t\t\t<\/dt>\n\t\t\t\t<dd class='wp-caption-text gallery-caption' id='gallery-1-2864'>\n\t\t\t\tNadine Prei\u00df: &#8222;Mariechen der Tanzgarde (16) &#8211; Tanzgarden der KG Rut Wiess \/ Ranzel&#8220;, aus ihrer Diplomarbeit &#8222;Alleine Vereint&#8220;, 2009 \u00a9 Nadine Prei\u00df\n\t\t\t\t<\/dd><\/dl><br style=\"clear: both\" \/><dl class='gallery-item'>\n\t\t\t<dt class='gallery-icon landscape'>\n\t\t\t\t<img loading=\"lazy\" decoding=\"async\" width=\"620\" height=\"620\" src=\"https:\/\/www.damianzimmermann.de\/blog\/wp-content\/uploads\/alleine-vereint-e.jpg\" class=\"attachment-large size-large\" alt=\"\" aria-describedby=\"gallery-1-2865\" srcset=\"https:\/\/www.damianzimmermann.de\/blog\/wp-content\/uploads\/alleine-vereint-e.jpg 900w, https:\/\/www.damianzimmermann.de\/blog\/wp-content\/uploads\/alleine-vereint-e-150x150.jpg 150w, https:\/\/www.damianzimmermann.de\/blog\/wp-content\/uploads\/alleine-vereint-e-400x400.jpg 400w\" sizes=\"auto, (max-width: 620px) 100vw, 620px\" \/>\n\t\t\t<\/dt>\n\t\t\t\t<dd class='wp-caption-text gallery-caption' id='gallery-1-2865'>\n\t\t\t\tNadine Prei\u00df: &#8222;Mariechen der Tanzgarde (16) &#8211; Tanzgarden der KG Rut Wiess \/ Ranzel&#8220;, aus ihrer Diplomarbeit &#8222;Alleine Vereint&#8220;, 2009 \u00a9 Nadine Prei\u00df\n\t\t\t\t<\/dd><\/dl><br style=\"clear: both\" \/><dl class='gallery-item'>\n\t\t\t<dt class='gallery-icon portrait'>\n\t\t\t\t<img loading=\"lazy\" decoding=\"async\" width=\"620\" height=\"752\" src=\"https:\/\/www.damianzimmermann.de\/blog\/wp-content\/uploads\/Alleine-Vereint-Photonews-01.jpg\" class=\"attachment-large size-large\" alt=\"\" aria-describedby=\"gallery-1-2859\" srcset=\"https:\/\/www.damianzimmermann.de\/blog\/wp-content\/uploads\/Alleine-Vereint-Photonews-01.jpg 742w, https:\/\/www.damianzimmermann.de\/blog\/wp-content\/uploads\/Alleine-Vereint-Photonews-01-123x150.jpg 123w, https:\/\/www.damianzimmermann.de\/blog\/wp-content\/uploads\/Alleine-Vereint-Photonews-01-329x400.jpg 329w\" sizes=\"auto, (max-width: 620px) 100vw, 620px\" \/>\n\t\t\t<\/dt>\n\t\t\t\t<dd class='wp-caption-text gallery-caption' id='gallery-1-2859'>\n\t\t\t\tAlleine Vereint &#8211; Photonews 01\n\t\t\t\t<\/dd><\/dl><br style=\"clear: both\" \/><dl class='gallery-item'>\n\t\t\t<dt class='gallery-icon landscape'>\n\t\t\t\t<img loading=\"lazy\" decoding=\"async\" width=\"620\" height=\"403\" src=\"https:\/\/www.damianzimmermann.de\/blog\/wp-content\/uploads\/Alleine-Vereint-Photonews-02.jpg\" class=\"attachment-large size-large\" alt=\"\" aria-describedby=\"gallery-1-2860\" srcset=\"https:\/\/www.damianzimmermann.de\/blog\/wp-content\/uploads\/Alleine-Vereint-Photonews-02.jpg 900w, https:\/\/www.damianzimmermann.de\/blog\/wp-content\/uploads\/Alleine-Vereint-Photonews-02-200x130.jpg 200w, https:\/\/www.damianzimmermann.de\/blog\/wp-content\/uploads\/Alleine-Vereint-Photonews-02-400x260.jpg 400w\" sizes=\"auto, (max-width: 620px) 100vw, 620px\" \/>\n\t\t\t<\/dt>\n\t\t\t\t<dd class='wp-caption-text gallery-caption' id='gallery-1-2860'>\n\t\t\t\tAlleine Vereint &#8211; Photonews 02\n\t\t\t\t<\/dd><\/dl><br style=\"clear: both\" \/>\n\t\t<\/div>\n\n","protected":false},"excerpt":{"rendered":"<p>Ich muss an dieser Stelle mal ein wenig Werbung f\u00fcr meine Freundin Nadine Prei\u00df machen: In der gerade erschienenen Juli\/August-Ausgabe der Photonews wird ihre wunderbare Diplomarbeit &#8222;Alleine Vereint&#8220;&#8230;<\/p>\n","protected":false},"author":1,"featured_media":2865,"comment_status":"closed","ping_status":"open","sticky":false,"template":"","format":"standard","meta":{"footnotes":""},"categories":[1],"tags":[375,366,376,105,103,1521],"class_list":["post-2851","post","type-post","status-publish","format-standard","has-post-thumbnail","hentry","category-allgemein","tag-abschlussarbeit","tag-anna-gripp","tag-diplom","tag-fh-dortmund","tag-nadine-preis","tag-portrat"],"_links":{"self":[{"href":"https:\/\/www.damianzimmermann.de\/blog\/wp-json\/wp\/v2\/posts\/2851","targetHints":{"allow":["GET"]}}],"collection":[{"href":"https:\/\/www.damianzimmermann.de\/blog\/wp-json\/wp\/v2\/posts"}],"about":[{"href":"https:\/\/www.damianzimmermann.de\/blog\/wp-json\/wp\/v2\/types\/post"}],"author":[{"embeddable":true,"href":"https:\/\/www.damianzimmermann.de\/blog\/wp-json\/wp\/v2\/users\/1"}],"replies":[{"embeddable":true,"href":"https:\/\/www.damianzimmermann.de\/blog\/wp-json\/wp\/v2\/comments?post=2851"}],"version-history":[{"count":21,"href":"https:\/\/www.damianzimmermann.de\/blog\/wp-json\/wp\/v2\/posts\/2851\/revisions"}],"predecessor-version":[{"id":20642,"href":"https:\/\/www.damianzimmermann.de\/blog\/wp-json\/wp\/v2\/posts\/2851\/revisions\/20642"}],"wp:featuredmedia":[{"embeddable":true,"href":"https:\/\/www.damianzimmermann.de\/blog\/wp-json\/wp\/v2\/media\/2865"}],"wp:attachment":[{"href":"https:\/\/www.damianzimmermann.de\/blog\/wp-json\/wp\/v2\/media?parent=2851"}],"wp:term":[{"taxonomy":"category","embeddable":true,"href":"https:\/\/www.damianzimmermann.de\/blog\/wp-json\/wp\/v2\/categories?post=2851"},{"taxonomy":"post_tag","embeddable":true,"href":"https:\/\/www.damianzimmermann.de\/blog\/wp-json\/wp\/v2\/tags?post=2851"}],"curies":[{"name":"wp","href":"https:\/\/api.w.org\/{rel}","templated":true}]}}