{"id":2705,"date":"2010-06-15T09:00:46","date_gmt":"2010-06-15T07:00:46","guid":{"rendered":"http:\/\/www.damianzimmermann.de\/blog\/?p=2705"},"modified":"2019-03-27T18:16:47","modified_gmt":"2019-03-27T17:16:47","slug":"alte-fotografien-aus-japan-und-china","status":"publish","type":"post","link":"https:\/\/www.damianzimmermann.de\/blog\/alte-fotografien-aus-japan-und-china\/","title":{"rendered":"Alte Fotografien aus Japan und China"},"content":{"rendered":"<p>Rund 50.000 Fotografien lagern im Archiv des<strong> Museum Ludwig<\/strong> in K\u00f6ln &#8211; neben der Sammlung L. Fritz Gruber und der Sammlung\u00a0<span id=\"main\" style=\"visibility: visible;\"><span id=\"search\" style=\"visibility: visible;\"> Agfa Foto-Historama<\/span><\/span> auch die umfangreiche Sammlung Robert Lebeck mit etwa 11.000 Daguerreotypien, Fotografien und Alben des 19. Jahrhunderts. Alles langweiliges Zeug? Von wegen! Nach der sehr sch\u00f6nen Ausstellung &#8222;Meisterwerke aus der Fotografischen Sammlung&#8220; in der extra daf\u00fcr eingerichteten Galerie im zweiten Obergeschoss pr\u00e4sentiert Kurator<strong> Bodo von Dewitz<\/strong> nun die Sch\u00e4tze aus Japan und China &#8211; unter anderem mit Arbeiten von <strong>Felice Beato<\/strong> und <strong>Kusakabe <\/strong><strong>Kimbei<\/strong>. Und die k\u00f6nnen sich wirklich blicken lassen.<\/p>\n<p>Wer mehr lesen m\u00f6chte, kann sich meine Besprechung aus dem K\u00f6lner Stadt-Anzeiger\u00a0<a href=\"https:\/\/www.damianzimmermann.de\/blog\/wp-content\/uploads\/Jap+Chin-Fotografie.pdf\" target=\"_blank\" rel=\"noopener noreferrer\">hier<\/a> als PDF herunterladen.<\/p>\n\n\t\t<style type=\"text\/css\">\n\t\t\t#gallery-1 {\n\t\t\t\tmargin: auto;\n\t\t\t}\n\t\t\t#gallery-1 .gallery-item {\n\t\t\t\tfloat: left;\n\t\t\t\tmargin-top: 10px;\n\t\t\t\ttext-align: center;\n\t\t\t\twidth: 100%;\n\t\t\t}\n\t\t\t#gallery-1 img {\n\t\t\t\tborder: 2px solid #cfcfcf;\n\t\t\t}\n\t\t\t#gallery-1 .gallery-caption {\n\t\t\t\tmargin-left: 0;\n\t\t\t}\n\t\t\t\/* see gallery_shortcode() in wp-includes\/media.php *\/\n\t\t<\/style>\n\t\t<div id='gallery-1' class='gallery galleryid-2705 gallery-columns-1 gallery-size-large'><dl class='gallery-item'>\n\t\t\t<dt class='gallery-icon portrait'>\n\t\t\t\t<img loading=\"lazy\" decoding=\"async\" width=\"564\" height=\"750\" src=\"https:\/\/www.damianzimmermann.de\/blog\/wp-content\/uploads\/022.jpg\" class=\"attachment-large size-large\" alt=\"\" aria-describedby=\"gallery-1-2767\" srcset=\"https:\/\/www.damianzimmermann.de\/blog\/wp-content\/uploads\/022.jpg 564w, https:\/\/www.damianzimmermann.de\/blog\/wp-content\/uploads\/022-112x150.jpg 112w, https:\/\/www.damianzimmermann.de\/blog\/wp-content\/uploads\/022-300x400.jpg 300w\" sizes=\"auto, (max-width: 564px) 100vw, 564px\" \/>\n\t\t\t<\/dt>\n\t\t\t\t<dd class='wp-caption-text gallery-caption' id='gallery-1-2767'>\n\t\t\t\tKusakabe Kimbei (1841-1934), Frau mit Regenschirm, Japan, um 1880, Albumin (koloriert) \u00a9 Museum Ludwig\/Fotografische Sammlung (Sammlung Lebeck)\n\t\t\t\t<\/dd><\/dl><br style=\"clear: both\" \/><dl class='gallery-item'>\n\t\t\t<dt class='gallery-icon portrait'>\n\t\t\t\t<img loading=\"lazy\" decoding=\"async\" width=\"620\" height=\"799\" src=\"https:\/\/www.damianzimmermann.de\/blog\/wp-content\/uploads\/08.jpg\" class=\"attachment-large size-large\" alt=\"\" aria-describedby=\"gallery-1-2724\" srcset=\"https:\/\/www.damianzimmermann.de\/blog\/wp-content\/uploads\/08.jpg 698w, https:\/\/www.damianzimmermann.de\/blog\/wp-content\/uploads\/08-116x150.jpg 116w, https:\/\/www.damianzimmermann.de\/blog\/wp-content\/uploads\/08-310x400.jpg 310w\" sizes=\"auto, (max-width: 620px) 100vw, 620px\" \/>\n\t\t\t<\/dt>\n\t\t\t\t<dd class='wp-caption-text gallery-caption' id='gallery-1-2724'>\n\t\t\t\tUnbekannter Fotograf (wahrscheinlich Kusakabe Kimbei), T\u00e4towierter Mann (hikkyaku), Japan um 1880, Albumin (koloriert) \u00a9 Museum Ludwig\/Fotografische Sammlung (Sammlung Lebeck)\n\t\t\t\t<\/dd><\/dl><br style=\"clear: both\" \/><dl class='gallery-item'>\n\t\t\t<dt class='gallery-icon portrait'>\n\t\t\t\t<img loading=\"lazy\" decoding=\"async\" width=\"620\" height=\"810\" src=\"https:\/\/www.damianzimmermann.de\/blog\/wp-content\/uploads\/011.jpg\" class=\"attachment-large size-large\" alt=\"\" aria-describedby=\"gallery-1-2717\" srcset=\"https:\/\/www.damianzimmermann.de\/blog\/wp-content\/uploads\/011.jpg 689w, https:\/\/www.damianzimmermann.de\/blog\/wp-content\/uploads\/011-114x150.jpg 114w, https:\/\/www.damianzimmermann.de\/blog\/wp-content\/uploads\/011-306x400.jpg 306w\" sizes=\"auto, (max-width: 620px) 100vw, 620px\" \/>\n\t\t\t<\/dt>\n\t\t\t\t<dd class='wp-caption-text gallery-caption' id='gallery-1-2717'>\n\t\t\t\tAtelier Beato, Sumo-Ringer, Japan, um 1890, Albumin (koloriert) \u00a9 Museum Ludwig\/Fotografische Sammlung (Sammlung Lebeck)\n\t\t\t\t<\/dd><\/dl><br style=\"clear: both\" \/><dl class='gallery-item'>\n\t\t\t<dt class='gallery-icon portrait'>\n\t\t\t\t<img loading=\"lazy\" decoding=\"async\" width=\"620\" height=\"897\" src=\"https:\/\/www.damianzimmermann.de\/blog\/wp-content\/uploads\/031.jpg\" class=\"attachment-large size-large\" alt=\"\" aria-describedby=\"gallery-1-2719\" srcset=\"https:\/\/www.damianzimmermann.de\/blog\/wp-content\/uploads\/031.jpg 622w, https:\/\/www.damianzimmermann.de\/blog\/wp-content\/uploads\/031-103x150.jpg 103w, https:\/\/www.damianzimmermann.de\/blog\/wp-content\/uploads\/031-276x400.jpg 276w\" sizes=\"auto, (max-width: 620px) 100vw, 620px\" \/>\n\t\t\t<\/dt>\n\t\t\t\t<dd class='wp-caption-text gallery-caption' id='gallery-1-2719'>\n\t\t\t\tUnbekannter Photograph, Junges Paar in westlicher Kleidung, Japan, um 1880, Albumin (koloriert) \u00a9 Museum Ludwig\/Fotografische Sammlung (Sammlung Lebeck)\n\t\t\t\t<\/dd><\/dl><br style=\"clear: both\" \/><dl class='gallery-item'>\n\t\t\t<dt class='gallery-icon portrait'>\n\t\t\t\t<img loading=\"lazy\" decoding=\"async\" width=\"620\" height=\"779\" src=\"https:\/\/www.damianzimmermann.de\/blog\/wp-content\/uploads\/04.jpg\" class=\"attachment-large size-large\" alt=\"\" aria-describedby=\"gallery-1-2720\" srcset=\"https:\/\/www.damianzimmermann.de\/blog\/wp-content\/uploads\/04.jpg 716w, https:\/\/www.damianzimmermann.de\/blog\/wp-content\/uploads\/04-119x150.jpg 119w, https:\/\/www.damianzimmermann.de\/blog\/wp-content\/uploads\/04-318x400.jpg 318w\" sizes=\"auto, (max-width: 620px) 100vw, 620px\" \/>\n\t\t\t<\/dt>\n\t\t\t\t<dd class='wp-caption-text gallery-caption' id='gallery-1-2720'>\n\t\t\t\tKusakabe Kimbei (1841-1934), Buddhistischer Priester, Japan, um 1880\/1890, Albumin \u00a9 Museum Ludwig\/Fotografische Sammlung (Sammlung Lebeck)\n\t\t\t\t<\/dd><\/dl><br style=\"clear: both\" \/><dl class='gallery-item'>\n\t\t\t<dt class='gallery-icon landscape'>\n\t\t\t\t<img loading=\"lazy\" decoding=\"async\" width=\"620\" height=\"444\" src=\"https:\/\/www.damianzimmermann.de\/blog\/wp-content\/uploads\/05.jpg\" class=\"attachment-large size-large\" alt=\"\" aria-describedby=\"gallery-1-2721\" srcset=\"https:\/\/www.damianzimmermann.de\/blog\/wp-content\/uploads\/05.jpg 900w, https:\/\/www.damianzimmermann.de\/blog\/wp-content\/uploads\/05-200x143.jpg 200w, https:\/\/www.damianzimmermann.de\/blog\/wp-content\/uploads\/05-400x286.jpg 400w\" sizes=\"auto, (max-width: 620px) 100vw, 620px\" \/>\n\t\t\t<\/dt>\n\t\t\t\t<dd class='wp-caption-text gallery-caption' id='gallery-1-2721'>\n\t\t\t\tKusakabe Kimbei (1841-1934), S\u00e4nftentr\u00e4ger,Japan, um 1890, Albumin \u00a9 Museum Ludwig\/Fotografische Sammlung (Sammlung Lebeck)\n\t\t\t\t<\/dd><\/dl><br style=\"clear: both\" \/><dl class='gallery-item'>\n\t\t\t<dt class='gallery-icon portrait'>\n\t\t\t\t<img loading=\"lazy\" decoding=\"async\" width=\"620\" height=\"887\" src=\"https:\/\/www.damianzimmermann.de\/blog\/wp-content\/uploads\/06.jpg\" class=\"attachment-large size-large\" alt=\"\" aria-describedby=\"gallery-1-2722\" srcset=\"https:\/\/www.damianzimmermann.de\/blog\/wp-content\/uploads\/06.jpg 629w, https:\/\/www.damianzimmermann.de\/blog\/wp-content\/uploads\/06-104x150.jpg 104w, https:\/\/www.damianzimmermann.de\/blog\/wp-content\/uploads\/06-279x400.jpg 279w\" sizes=\"auto, (max-width: 620px) 100vw, 620px\" \/>\n\t\t\t<\/dt>\n\t\t\t\t<dd class='wp-caption-text gallery-caption' id='gallery-1-2722'>\n\t\t\t\tUnbekannter Photograph, Besenverk\u00e4ufer, Japan, um 1890, Albumin (koloriert) \u00a9 Museum Ludwig\/Fotografische Sammlung (Sammlung Lebeck)\n\t\t\t\t<\/dd><\/dl><br style=\"clear: both\" \/><dl class='gallery-item'>\n\t\t\t<dt class='gallery-icon landscape'>\n\t\t\t\t<img loading=\"lazy\" decoding=\"async\" width=\"620\" height=\"458\" src=\"https:\/\/www.damianzimmermann.de\/blog\/wp-content\/uploads\/07.jpg\" class=\"attachment-large size-large\" alt=\"\" aria-describedby=\"gallery-1-2723\" srcset=\"https:\/\/www.damianzimmermann.de\/blog\/wp-content\/uploads\/07.jpg 900w, https:\/\/www.damianzimmermann.de\/blog\/wp-content\/uploads\/07-200x147.jpg 200w, https:\/\/www.damianzimmermann.de\/blog\/wp-content\/uploads\/07-400x295.jpg 400w\" sizes=\"auto, (max-width: 620px) 100vw, 620px\" \/>\n\t\t\t<\/dt>\n\t\t\t\t<dd class='wp-caption-text gallery-caption' id='gallery-1-2723'>\n\t\t\t\tFelice Beato, R\u00fcckenansicht von f\u00fcnf Japanerinnen im Kimono, Japan, vor 1881, Albumin (koloriert) \u00a9 Museum Ludwig\/Fotografische Sammlung (Sammlung Lebeck)\n\t\t\t\t<\/dd><\/dl><br style=\"clear: both\" \/>\n\t\t<\/div>\n\n","protected":false},"excerpt":{"rendered":"<p>Rund 50.000 Fotografien lagern im Archiv des Museum Ludwig in K\u00f6ln &#8211; neben der Sammlung L. Fritz Gruber und der Sammlung\u00a0 Agfa Foto-Historama auch die umfangreiche Sammlung Robert&#8230;<\/p>\n","protected":false},"author":1,"featured_media":2767,"comment_status":"closed","ping_status":"open","sticky":false,"template":"","format":"standard","meta":{"footnotes":""},"categories":[6],"tags":[352,354,356,355,357,353,358],"class_list":["post-2705","post","type-post","status-publish","format-standard","has-post-thumbnail","hentry","category-ausstellungen","tag-bodo-von-dewitz","tag-felice-beato","tag-hikoma-ueno","tag-john-thomson","tag-julius-menke","tag-kusakabe-kimbei","tag-robert-lebeck"],"_links":{"self":[{"href":"https:\/\/www.damianzimmermann.de\/blog\/wp-json\/wp\/v2\/posts\/2705","targetHints":{"allow":["GET"]}}],"collection":[{"href":"https:\/\/www.damianzimmermann.de\/blog\/wp-json\/wp\/v2\/posts"}],"about":[{"href":"https:\/\/www.damianzimmermann.de\/blog\/wp-json\/wp\/v2\/types\/post"}],"author":[{"embeddable":true,"href":"https:\/\/www.damianzimmermann.de\/blog\/wp-json\/wp\/v2\/users\/1"}],"replies":[{"embeddable":true,"href":"https:\/\/www.damianzimmermann.de\/blog\/wp-json\/wp\/v2\/comments?post=2705"}],"version-history":[{"count":27,"href":"https:\/\/www.damianzimmermann.de\/blog\/wp-json\/wp\/v2\/posts\/2705\/revisions"}],"predecessor-version":[{"id":20652,"href":"https:\/\/www.damianzimmermann.de\/blog\/wp-json\/wp\/v2\/posts\/2705\/revisions\/20652"}],"wp:featuredmedia":[{"embeddable":true,"href":"https:\/\/www.damianzimmermann.de\/blog\/wp-json\/wp\/v2\/media\/2767"}],"wp:attachment":[{"href":"https:\/\/www.damianzimmermann.de\/blog\/wp-json\/wp\/v2\/media?parent=2705"}],"wp:term":[{"taxonomy":"category","embeddable":true,"href":"https:\/\/www.damianzimmermann.de\/blog\/wp-json\/wp\/v2\/categories?post=2705"},{"taxonomy":"post_tag","embeddable":true,"href":"https:\/\/www.damianzimmermann.de\/blog\/wp-json\/wp\/v2\/tags?post=2705"}],"curies":[{"name":"wp","href":"https:\/\/api.w.org\/{rel}","templated":true}]}}