{"id":25804,"date":"2025-05-20T13:53:00","date_gmt":"2025-05-20T11:53:00","guid":{"rendered":"https:\/\/www.damianzimmermann.de\/blog\/?p=25804"},"modified":"2025-08-26T13:53:52","modified_gmt":"2025-08-26T11:53:52","slug":"why-am-i-sad-von-dana-stirling","status":"publish","type":"post","link":"https:\/\/www.damianzimmermann.de\/blog\/why-am-i-sad-von-dana-stirling\/","title":{"rendered":"\u201eWhy am I sad\u201c von Dana Stirling"},"content":{"rendered":"<p>Seit einigen Jahren werden Depressionen nicht mehr so stark tabuisiert wie es fr\u00fcher der Fall war. Das ist gut, denn weltweit leiden sch\u00e4tzungsweise 280 Millionen Menschen unter Depressionen. Doch wie dr\u00fcckt man die eigene tiefe Traurigkeit in Fotografien aus? <strong>Dana Stirling<\/strong> hat es versucht \u2013 und mit viel Humor reagiert.<\/p>\n<p>Meine Besprechung ihres Buches ist im fotoMagazin erschienen und <a href=\"https:\/\/www.damianzimmermann.de\/blog\/wp-content\/uploads\/FM0425_16_21_Portfolio_Stirling_gp_fin.pdf\" target=\"_blank\" rel=\"noopener\">gibt es hier als PDF<\/a>.<\/p>\n<p>Link: <a href=\"https:\/\/www.danastirling.com\/\" target=\"_blank\" rel=\"noopener\">Dana Stirling<\/a><\/p>\n\n\t\t<style type=\"text\/css\">\n\t\t\t#gallery-1 {\n\t\t\t\tmargin: auto;\n\t\t\t}\n\t\t\t#gallery-1 .gallery-item {\n\t\t\t\tfloat: left;\n\t\t\t\tmargin-top: 10px;\n\t\t\t\ttext-align: center;\n\t\t\t\twidth: 100%;\n\t\t\t}\n\t\t\t#gallery-1 img {\n\t\t\t\tborder: 2px solid #cfcfcf;\n\t\t\t}\n\t\t\t#gallery-1 .gallery-caption {\n\t\t\t\tmargin-left: 0;\n\t\t\t}\n\t\t\t\/* see gallery_shortcode() in wp-includes\/media.php *\/\n\t\t<\/style>\n\t\t<div id='gallery-1' class='gallery galleryid-25804 gallery-columns-1 gallery-size-large'><dl class='gallery-item'>\n\t\t\t<dt class='gallery-icon portrait'>\n\t\t\t\t<img loading=\"lazy\" decoding=\"async\" width=\"620\" height=\"729\" src=\"https:\/\/www.damianzimmermann.de\/blog\/wp-content\/uploads\/9783969001592_rgb-871x1024.jpg\" class=\"attachment-large size-large\" alt=\"Cover des Buches \u201eWhy am I sad\u201c von Dana Stirling\" aria-describedby=\"gallery-1-25795\" srcset=\"https:\/\/www.damianzimmermann.de\/blog\/wp-content\/uploads\/9783969001592_rgb-871x1024.jpg 871w, https:\/\/www.damianzimmermann.de\/blog\/wp-content\/uploads\/9783969001592_rgb-128x150.jpg 128w, https:\/\/www.damianzimmermann.de\/blog\/wp-content\/uploads\/9783969001592_rgb-768x903.jpg 768w, https:\/\/www.damianzimmermann.de\/blog\/wp-content\/uploads\/9783969001592_rgb-973x1144.jpg 973w, https:\/\/www.damianzimmermann.de\/blog\/wp-content\/uploads\/9783969001592_rgb-508x597.jpg 508w, https:\/\/www.damianzimmermann.de\/blog\/wp-content\/uploads\/9783969001592_rgb.jpg 1000w\" sizes=\"auto, (max-width: 620px) 100vw, 620px\" \/>\n\t\t\t<\/dt>\n\t\t\t\t<dd class='wp-caption-text gallery-caption' id='gallery-1-25795'>\n\t\t\t\tCover des Buches \u201eWhy am I sad\u201c von Dana Stirling\n\t\t\t\t<\/dd><\/dl><br style=\"clear: both\" \/><dl class='gallery-item'>\n\t\t\t<dt class='gallery-icon portrait'>\n\t\t\t\t<img loading=\"lazy\" decoding=\"async\" width=\"620\" height=\"770\" src=\"https:\/\/www.damianzimmermann.de\/blog\/wp-content\/uploads\/Dana-Stirling_Why-Am-I-Sad_Pride-of-Madeira-Shoreline-Highway-CA-825x1024.jpg\" class=\"attachment-large size-large\" alt=\"Aus dem Buch \u201eWhy am I sad\u201c von Dana Stirling\" aria-describedby=\"gallery-1-25801\" srcset=\"https:\/\/www.damianzimmermann.de\/blog\/wp-content\/uploads\/Dana-Stirling_Why-Am-I-Sad_Pride-of-Madeira-Shoreline-Highway-CA-825x1024.jpg 825w, https:\/\/www.damianzimmermann.de\/blog\/wp-content\/uploads\/Dana-Stirling_Why-Am-I-Sad_Pride-of-Madeira-Shoreline-Highway-CA-121x150.jpg 121w, https:\/\/www.damianzimmermann.de\/blog\/wp-content\/uploads\/Dana-Stirling_Why-Am-I-Sad_Pride-of-Madeira-Shoreline-Highway-CA-768x953.jpg 768w, https:\/\/www.damianzimmermann.de\/blog\/wp-content\/uploads\/Dana-Stirling_Why-Am-I-Sad_Pride-of-Madeira-Shoreline-Highway-CA-973x1207.jpg 973w, https:\/\/www.damianzimmermann.de\/blog\/wp-content\/uploads\/Dana-Stirling_Why-Am-I-Sad_Pride-of-Madeira-Shoreline-Highway-CA-508x630.jpg 508w, https:\/\/www.damianzimmermann.de\/blog\/wp-content\/uploads\/Dana-Stirling_Why-Am-I-Sad_Pride-of-Madeira-Shoreline-Highway-CA.jpg 1000w\" sizes=\"auto, (max-width: 620px) 100vw, 620px\" \/>\n\t\t\t<\/dt>\n\t\t\t\t<dd class='wp-caption-text gallery-caption' id='gallery-1-25801'>\n\t\t\t\tAus dem Buch \u201eWhy am I sad\u201c von Dana Stirling\n\t\t\t\t<\/dd><\/dl><br style=\"clear: both\" \/><dl class='gallery-item'>\n\t\t\t<dt class='gallery-icon landscape'>\n\t\t\t\t<img loading=\"lazy\" decoding=\"async\" width=\"620\" height=\"489\" src=\"https:\/\/www.damianzimmermann.de\/blog\/wp-content\/uploads\/Dana-Stirling_Why-Am-I-Sad_Pink-Balloons-Doylestown-PA.jpg\" class=\"attachment-large size-large\" alt=\"\" aria-describedby=\"gallery-1-25800\" srcset=\"https:\/\/www.damianzimmermann.de\/blog\/wp-content\/uploads\/Dana-Stirling_Why-Am-I-Sad_Pink-Balloons-Doylestown-PA.jpg 1000w, https:\/\/www.damianzimmermann.de\/blog\/wp-content\/uploads\/Dana-Stirling_Why-Am-I-Sad_Pink-Balloons-Doylestown-PA-190x150.jpg 190w, https:\/\/www.damianzimmermann.de\/blog\/wp-content\/uploads\/Dana-Stirling_Why-Am-I-Sad_Pink-Balloons-Doylestown-PA-768x606.jpg 768w, https:\/\/www.damianzimmermann.de\/blog\/wp-content\/uploads\/Dana-Stirling_Why-Am-I-Sad_Pink-Balloons-Doylestown-PA-973x768.jpg 973w, https:\/\/www.damianzimmermann.de\/blog\/wp-content\/uploads\/Dana-Stirling_Why-Am-I-Sad_Pink-Balloons-Doylestown-PA-508x401.jpg 508w\" sizes=\"auto, (max-width: 620px) 100vw, 620px\" \/>\n\t\t\t<\/dt>\n\t\t\t\t<dd class='wp-caption-text gallery-caption' id='gallery-1-25800'>\n\t\t\t\tAus dem Buch \u201eWhy am I sad\u201c von Dana Stirling\n\t\t\t\t<\/dd><\/dl><br style=\"clear: both\" \/><dl class='gallery-item'>\n\t\t\t<dt class='gallery-icon landscape'>\n\t\t\t\t<img loading=\"lazy\" decoding=\"async\" width=\"620\" height=\"506\" src=\"https:\/\/www.damianzimmermann.de\/blog\/wp-content\/uploads\/Dana-Stirling_Why-Am-I-Sad_On-the-Side-of-the-Road-Lake-Pleasant-NY.jpg\" class=\"attachment-large size-large\" alt=\"\" aria-describedby=\"gallery-1-25799\" srcset=\"https:\/\/www.damianzimmermann.de\/blog\/wp-content\/uploads\/Dana-Stirling_Why-Am-I-Sad_On-the-Side-of-the-Road-Lake-Pleasant-NY.jpg 1000w, https:\/\/www.damianzimmermann.de\/blog\/wp-content\/uploads\/Dana-Stirling_Why-Am-I-Sad_On-the-Side-of-the-Road-Lake-Pleasant-NY-184x150.jpg 184w, https:\/\/www.damianzimmermann.de\/blog\/wp-content\/uploads\/Dana-Stirling_Why-Am-I-Sad_On-the-Side-of-the-Road-Lake-Pleasant-NY-768x627.jpg 768w, https:\/\/www.damianzimmermann.de\/blog\/wp-content\/uploads\/Dana-Stirling_Why-Am-I-Sad_On-the-Side-of-the-Road-Lake-Pleasant-NY-973x794.jpg 973w, https:\/\/www.damianzimmermann.de\/blog\/wp-content\/uploads\/Dana-Stirling_Why-Am-I-Sad_On-the-Side-of-the-Road-Lake-Pleasant-NY-508x415.jpg 508w\" sizes=\"auto, (max-width: 620px) 100vw, 620px\" \/>\n\t\t\t<\/dt>\n\t\t\t\t<dd class='wp-caption-text gallery-caption' id='gallery-1-25799'>\n\t\t\t\tAus dem Buch \u201eWhy am I sad\u201c von Dana Stirling\n\t\t\t\t<\/dd><\/dl><br style=\"clear: both\" \/><dl class='gallery-item'>\n\t\t\t<dt class='gallery-icon portrait'>\n\t\t\t\t<img loading=\"lazy\" decoding=\"async\" width=\"620\" height=\"768\" src=\"https:\/\/www.damianzimmermann.de\/blog\/wp-content\/uploads\/Dana-Stirling_Why-Am-I-Sad_Motel-Salome-AZ-827x1024.jpg\" class=\"attachment-large size-large\" alt=\"\" aria-describedby=\"gallery-1-25798\" srcset=\"https:\/\/www.damianzimmermann.de\/blog\/wp-content\/uploads\/Dana-Stirling_Why-Am-I-Sad_Motel-Salome-AZ-827x1024.jpg 827w, https:\/\/www.damianzimmermann.de\/blog\/wp-content\/uploads\/Dana-Stirling_Why-Am-I-Sad_Motel-Salome-AZ-121x150.jpg 121w, https:\/\/www.damianzimmermann.de\/blog\/wp-content\/uploads\/Dana-Stirling_Why-Am-I-Sad_Motel-Salome-AZ-768x951.jpg 768w, https:\/\/www.damianzimmermann.de\/blog\/wp-content\/uploads\/Dana-Stirling_Why-Am-I-Sad_Motel-Salome-AZ-973x1205.jpg 973w, https:\/\/www.damianzimmermann.de\/blog\/wp-content\/uploads\/Dana-Stirling_Why-Am-I-Sad_Motel-Salome-AZ-508x629.jpg 508w, https:\/\/www.damianzimmermann.de\/blog\/wp-content\/uploads\/Dana-Stirling_Why-Am-I-Sad_Motel-Salome-AZ.jpg 1000w\" sizes=\"auto, (max-width: 620px) 100vw, 620px\" \/>\n\t\t\t<\/dt>\n\t\t\t\t<dd class='wp-caption-text gallery-caption' id='gallery-1-25798'>\n\t\t\t\tAus dem Buch \u201eWhy am I sad\u201c von Dana Stirling\n\t\t\t\t<\/dd><\/dl><br style=\"clear: both\" \/><dl class='gallery-item'>\n\t\t\t<dt class='gallery-icon landscape'>\n\t\t\t\t<img loading=\"lazy\" decoding=\"async\" width=\"620\" height=\"505\" src=\"https:\/\/www.damianzimmermann.de\/blog\/wp-content\/uploads\/Dana-Stirling_Why-Am-I-Sad_Graveside-Smile-Manns-Choice-PA.jpg\" class=\"attachment-large size-large\" alt=\"\" aria-describedby=\"gallery-1-25797\" srcset=\"https:\/\/www.damianzimmermann.de\/blog\/wp-content\/uploads\/Dana-Stirling_Why-Am-I-Sad_Graveside-Smile-Manns-Choice-PA.jpg 1000w, https:\/\/www.damianzimmermann.de\/blog\/wp-content\/uploads\/Dana-Stirling_Why-Am-I-Sad_Graveside-Smile-Manns-Choice-PA-184x150.jpg 184w, https:\/\/www.damianzimmermann.de\/blog\/wp-content\/uploads\/Dana-Stirling_Why-Am-I-Sad_Graveside-Smile-Manns-Choice-PA-768x625.jpg 768w, https:\/\/www.damianzimmermann.de\/blog\/wp-content\/uploads\/Dana-Stirling_Why-Am-I-Sad_Graveside-Smile-Manns-Choice-PA-973x792.jpg 973w, https:\/\/www.damianzimmermann.de\/blog\/wp-content\/uploads\/Dana-Stirling_Why-Am-I-Sad_Graveside-Smile-Manns-Choice-PA-508x414.jpg 508w\" sizes=\"auto, (max-width: 620px) 100vw, 620px\" \/>\n\t\t\t<\/dt>\n\t\t\t\t<dd class='wp-caption-text gallery-caption' id='gallery-1-25797'>\n\t\t\t\tAus dem Buch \u201eWhy am I sad\u201c von Dana Stirling\n\t\t\t\t<\/dd><\/dl><br style=\"clear: both\" \/><dl class='gallery-item'>\n\t\t\t<dt class='gallery-icon landscape'>\n\t\t\t\t<img loading=\"lazy\" decoding=\"async\" width=\"620\" height=\"503\" src=\"https:\/\/www.damianzimmermann.de\/blog\/wp-content\/uploads\/Dana-Stirling_Why-Am-I-Sad_Deer-Queens-NY.jpg\" class=\"attachment-large size-large\" alt=\"\" aria-describedby=\"gallery-1-25796\" srcset=\"https:\/\/www.damianzimmermann.de\/blog\/wp-content\/uploads\/Dana-Stirling_Why-Am-I-Sad_Deer-Queens-NY.jpg 1000w, https:\/\/www.damianzimmermann.de\/blog\/wp-content\/uploads\/Dana-Stirling_Why-Am-I-Sad_Deer-Queens-NY-185x150.jpg 185w, https:\/\/www.damianzimmermann.de\/blog\/wp-content\/uploads\/Dana-Stirling_Why-Am-I-Sad_Deer-Queens-NY-768x623.jpg 768w, https:\/\/www.damianzimmermann.de\/blog\/wp-content\/uploads\/Dana-Stirling_Why-Am-I-Sad_Deer-Queens-NY-973x789.jpg 973w, https:\/\/www.damianzimmermann.de\/blog\/wp-content\/uploads\/Dana-Stirling_Why-Am-I-Sad_Deer-Queens-NY-508x412.jpg 508w\" sizes=\"auto, (max-width: 620px) 100vw, 620px\" \/>\n\t\t\t<\/dt>\n\t\t\t\t<dd class='wp-caption-text gallery-caption' id='gallery-1-25796'>\n\t\t\t\tAus dem Buch \u201eWhy am I sad\u201c von Dana Stirling\n\t\t\t\t<\/dd><\/dl><br style=\"clear: both\" \/>\n\t\t<\/div>\n\n","protected":false},"excerpt":{"rendered":"<p>Seit einigen Jahren werden Depressionen nicht mehr so stark tabuisiert wie es fr\u00fcher der Fall war. Das ist gut, denn weltweit leiden sch\u00e4tzungsweise 280 Millionen Menschen unter Depressionen&#8230;.<\/p>\n","protected":false},"author":1,"featured_media":25802,"comment_status":"closed","ping_status":"closed","sticky":false,"template":"","format":"standard","meta":{"footnotes":""},"categories":[7],"tags":[2746],"class_list":["post-25804","post","type-post","status-publish","format-standard","has-post-thumbnail","hentry","category-fotobuecher","tag-dana-stirling"],"_links":{"self":[{"href":"https:\/\/www.damianzimmermann.de\/blog\/wp-json\/wp\/v2\/posts\/25804","targetHints":{"allow":["GET"]}}],"collection":[{"href":"https:\/\/www.damianzimmermann.de\/blog\/wp-json\/wp\/v2\/posts"}],"about":[{"href":"https:\/\/www.damianzimmermann.de\/blog\/wp-json\/wp\/v2\/types\/post"}],"author":[{"embeddable":true,"href":"https:\/\/www.damianzimmermann.de\/blog\/wp-json\/wp\/v2\/users\/1"}],"replies":[{"embeddable":true,"href":"https:\/\/www.damianzimmermann.de\/blog\/wp-json\/wp\/v2\/comments?post=25804"}],"version-history":[{"count":6,"href":"https:\/\/www.damianzimmermann.de\/blog\/wp-json\/wp\/v2\/posts\/25804\/revisions"}],"predecessor-version":[{"id":25810,"href":"https:\/\/www.damianzimmermann.de\/blog\/wp-json\/wp\/v2\/posts\/25804\/revisions\/25810"}],"wp:featuredmedia":[{"embeddable":true,"href":"https:\/\/www.damianzimmermann.de\/blog\/wp-json\/wp\/v2\/media\/25802"}],"wp:attachment":[{"href":"https:\/\/www.damianzimmermann.de\/blog\/wp-json\/wp\/v2\/media?parent=25804"}],"wp:term":[{"taxonomy":"category","embeddable":true,"href":"https:\/\/www.damianzimmermann.de\/blog\/wp-json\/wp\/v2\/categories?post=25804"},{"taxonomy":"post_tag","embeddable":true,"href":"https:\/\/www.damianzimmermann.de\/blog\/wp-json\/wp\/v2\/tags?post=25804"}],"curies":[{"name":"wp","href":"https:\/\/api.w.org\/{rel}","templated":true}]}}