{"id":25451,"date":"2024-11-05T22:00:02","date_gmt":"2024-11-05T21:00:02","guid":{"rendered":"https:\/\/www.damianzimmermann.de\/blog\/?p=25451"},"modified":"2025-01-26T22:03:57","modified_gmt":"2025-01-26T21:03:57","slug":"im-einsatz-der-autofotograf-wim-woeber","status":"publish","type":"post","link":"https:\/\/www.damianzimmermann.de\/blog\/im-einsatz-der-autofotograf-wim-woeber\/","title":{"rendered":"Im Einsatz: Der Autofotograf Wim Woeber"},"content":{"rendered":"<p>Die erste gr\u00f6\u00dfere Ver\u00e4nderung, die ich seit meiner \u00dcbernahme der Redaktionsleitung des <strong>fotoMagazin<\/strong> vorgenommen habe, ist die Einf\u00fchrung der Rubrik <a href=\"https:\/\/www.damianzimmermann.de\/blog\/?s=%22Im+Einsatz%22\" target=\"_blank\" rel=\"noopener\">Im Einsatz<\/a>. In diesem einseitigen Artikel stelle ich angewandte Fotografinnen und Fotografen vor, die sich auf ein eher ungew\u00f6hnliches Gebiet der Fotografie spezialisiert haben und frage sie, wie sie dazu gekommen sind, ob man f\u00fcr diese Arbeit besondere F\u00e4higkeiten braucht und ob es f\u00fcr sie auch schon mal gef\u00e4hrlich war.<\/p>\n<p>In Folge 3 habe ich <strong>Wim Woeber<\/strong> interviewt. Er fotografiert Editorial, PR und Corporate, die Auto-Fotografie kam erst vor gut zehn Jahren dazu. Manchmal arbeitet er im Studio, meist aber<br \/>\n\u201eon Location\u201c \u2013 und dann auch schon mal w\u00e4hrend der Fahrt aus dem Kofferraum eines vorausfahrenden Autos heraus.<\/p>\n<p>Den Beitrag <a href=\"https:\/\/www.damianzimmermann.de\/blog\/wp-content\/uploads\/FM1024_82_Im-Einsatz_WIM.pdf\" target=\"_blank\" rel=\"noopener\">gibt es hier als PDF<\/a>.<\/p>\n<p>Link: <a href=\"https:\/\/wimwoeber.de\/\" target=\"_blank\" rel=\"noopener\">Wim Woeber<\/a><\/p>\n<div id=\"attachment_25454\" style=\"width: 630px\" class=\"wp-caption aligncenter\"><a href=\"https:\/\/www.damianzimmermann.de\/blog\/wp-content\/uploads\/DSCF6135_web.jpg\"><img loading=\"lazy\" decoding=\"async\" aria-describedby=\"caption-attachment-25454\" class=\"wp-image-25454 size-large\" src=\"https:\/\/www.damianzimmermann.de\/blog\/wp-content\/uploads\/DSCF6135_web-1024x895.jpg\" alt=\"Wim Woeber im Einsatz. Foto: Privat\" width=\"620\" height=\"542\" srcset=\"https:\/\/www.damianzimmermann.de\/blog\/wp-content\/uploads\/DSCF6135_web-1024x895.jpg 1024w, https:\/\/www.damianzimmermann.de\/blog\/wp-content\/uploads\/DSCF6135_web-172x150.jpg 172w, https:\/\/www.damianzimmermann.de\/blog\/wp-content\/uploads\/DSCF6135_web-768x671.jpg 768w, https:\/\/www.damianzimmermann.de\/blog\/wp-content\/uploads\/DSCF6135_web-973x851.jpg 973w, https:\/\/www.damianzimmermann.de\/blog\/wp-content\/uploads\/DSCF6135_web-508x444.jpg 508w, https:\/\/www.damianzimmermann.de\/blog\/wp-content\/uploads\/DSCF6135_web.jpg 1280w\" sizes=\"auto, (max-width: 620px) 100vw, 620px\" \/><\/a><p id=\"caption-attachment-25454\" class=\"wp-caption-text\">Wim Woeber im Einsatz. Foto: Privat<\/p><\/div>\n<p><span style=\"color: #ff0000;\">Hat euch mein Beitrag gefallen und m\u00f6chtet ihr meinen Blog unterst\u00fctzen? Dann spendet mir gerne ein paar Euro via Paypal.<\/span><\/p>\n<!-- Begin PayPal Donations by https:\/\/www.tipsandtricks-hq.com\/paypal-donations-widgets-plugin -->\n\n<form action=\"https:\/\/www.paypal.com\/cgi-bin\/webscr\" method=\"post\" target=\"_blank\">\n    <div class=\"paypal-donations\">\n        <input type=\"hidden\" name=\"cmd\" value=\"_donations\" \/>\n        <input type=\"hidden\" name=\"bn\" value=\"TipsandTricks_SP\" \/>\n        <input type=\"hidden\" name=\"business\" value=\"info@damianzimmermann.de\" \/>\n        <input type=\"hidden\" name=\"return\" value=\"https:\/\/www.damianzimmermann.de\/blog\/vielen-dank-fuer-deine-spende\/\" \/>\n        <input type=\"hidden\" name=\"rm\" value=\"0\" \/>\n        <input type=\"hidden\" name=\"currency_code\" value=\"EUR\" \/>\n        <input type=\"image\" style=\"cursor: pointer;\" src=\"https:\/\/www.paypalobjects.com\/de_DE\/DE\/i\/btn\/btn_donate_LG.gif\" name=\"submit\" alt=\"PayPal - The safer, easier way to pay online.\" \/>\n        <img loading=\"lazy\" decoding=\"async\" alt=\"\" src=\"https:\/\/www.paypalobjects.com\/en_US\/i\/scr\/pixel.gif\" width=\"1\" height=\"1\" \/>\n    <\/div>\n<\/form>\n<!-- End PayPal Donations -->\n\n","protected":false},"excerpt":{"rendered":"<p>Die erste gr\u00f6\u00dfere Ver\u00e4nderung, die ich seit meiner \u00dcbernahme der Redaktionsleitung des fotoMagazin vorgenommen habe, ist die Einf\u00fchrung der Rubrik Im Einsatz. In diesem einseitigen Artikel stelle ich&#8230;<\/p>\n","protected":false},"author":1,"featured_media":25456,"comment_status":"closed","ping_status":"closed","sticky":false,"template":"","format":"standard","meta":{"footnotes":""},"categories":[1,1163],"tags":[2684,2664,2683],"class_list":["post-25451","post","type-post","status-publish","format-standard","has-post-thumbnail","hentry","category-allgemein","category-interviews","tag-autofotograf","tag-im-einsatz","tag-wim-woeber"],"_links":{"self":[{"href":"https:\/\/www.damianzimmermann.de\/blog\/wp-json\/wp\/v2\/posts\/25451","targetHints":{"allow":["GET"]}}],"collection":[{"href":"https:\/\/www.damianzimmermann.de\/blog\/wp-json\/wp\/v2\/posts"}],"about":[{"href":"https:\/\/www.damianzimmermann.de\/blog\/wp-json\/wp\/v2\/types\/post"}],"author":[{"embeddable":true,"href":"https:\/\/www.damianzimmermann.de\/blog\/wp-json\/wp\/v2\/users\/1"}],"replies":[{"embeddable":true,"href":"https:\/\/www.damianzimmermann.de\/blog\/wp-json\/wp\/v2\/comments?post=25451"}],"version-history":[{"count":5,"href":"https:\/\/www.damianzimmermann.de\/blog\/wp-json\/wp\/v2\/posts\/25451\/revisions"}],"predecessor-version":[{"id":25459,"href":"https:\/\/www.damianzimmermann.de\/blog\/wp-json\/wp\/v2\/posts\/25451\/revisions\/25459"}],"wp:featuredmedia":[{"embeddable":true,"href":"https:\/\/www.damianzimmermann.de\/blog\/wp-json\/wp\/v2\/media\/25456"}],"wp:attachment":[{"href":"https:\/\/www.damianzimmermann.de\/blog\/wp-json\/wp\/v2\/media?parent=25451"}],"wp:term":[{"taxonomy":"category","embeddable":true,"href":"https:\/\/www.damianzimmermann.de\/blog\/wp-json\/wp\/v2\/categories?post=25451"},{"taxonomy":"post_tag","embeddable":true,"href":"https:\/\/www.damianzimmermann.de\/blog\/wp-json\/wp\/v2\/tags?post=25451"}],"curies":[{"name":"wp","href":"https:\/\/api.w.org\/{rel}","templated":true}]}}