{"id":25241,"date":"2024-10-05T13:14:09","date_gmt":"2024-10-05T11:14:09","guid":{"rendered":"https:\/\/www.damianzimmermann.de\/blog\/?p=25241"},"modified":"2025-01-26T15:12:38","modified_gmt":"2025-01-26T14:12:38","slug":"im-einsatz-verena-bruening-fotografin-zur-see","status":"publish","type":"post","link":"https:\/\/www.damianzimmermann.de\/blog\/im-einsatz-verena-bruening-fotografin-zur-see\/","title":{"rendered":"Im Einsatz: Verena Br\u00fcning, Fotografin zur See"},"content":{"rendered":"<p>Die erste gr\u00f6\u00dfere Ver\u00e4nderung, die ich seit meiner \u00dcbernahme der Redaktionsleitung des <strong>fotoMagazin<\/strong> vorgenommen habe, ist die Einf\u00fchrung der Rubrik <a href=\"https:\/\/www.damianzimmermann.de\/blog\/?s=%22Im+Einsatz%22\" target=\"_blank\" rel=\"noopener\">Im Einsatz<\/a>. In diesem einseitigen Artikel stelle ich angewandte Fotografinnen und Fotografen vor, die sich auf ein eher ungew\u00f6hnliches Gebiet der Fotografie spezialisiert haben und frage sie, wie sie dazu gekommen sind, ob man f\u00fcr diese Arbeit besondere F\u00e4higkeiten braucht und ob es f\u00fcr sie auch schon mal gef\u00e4hrlich war.<\/p>\n<p>In Folge 2 habe ich <strong>Verena Br\u00fcning<\/strong> interviewt. Sie kam eher durch Zufall dazu, auf Segelschiffen zu fotografieren, aber mittlerweile ist sie Spezialistin auf diesem Gebiet. Vor eineinhalb Jahren nahm sie dabei an einer Atlantik\u00fcberquerung teil \u2013 mit 46\u00a0anderen Frauen an Bord.<\/p>\n<p>Den Beitrag <a href=\"https:\/\/www.damianzimmermann.de\/blog\/wp-content\/uploads\/FM0924_82_Im-Einsatz_fin.pdf\" target=\"_blank\" rel=\"noopener\">gibt es hier als PDF<\/a>.<\/p>\n<p>Link: <a href=\"https:\/\/verenabruening.de\/\" target=\"_blank\" rel=\"noopener\">Verena Br\u00fcning<\/a><\/p>\n<div id=\"attachment_25248\" style=\"width: 630px\" class=\"wp-caption aligncenter\"><a href=\"https:\/\/www.damianzimmermann.de\/blog\/wp-content\/uploads\/Portrait-Verena-Bruening\u00a9Irma-Entenmann.jpg\"><img loading=\"lazy\" decoding=\"async\" aria-describedby=\"caption-attachment-25248\" class=\"wp-image-25248 size-large\" src=\"https:\/\/www.damianzimmermann.de\/blog\/wp-content\/uploads\/Portrait-Verena-Bruening\u00a9Irma-Entenmann-1024x683.jpg\" alt=\"Portr\u00e4t von Verena Br\u00fcning. Foto: Irma Entenmann\" width=\"620\" height=\"414\" srcset=\"https:\/\/www.damianzimmermann.de\/blog\/wp-content\/uploads\/Portrait-Verena-Bruening\u00a9Irma-Entenmann-1024x683.jpg 1024w, https:\/\/www.damianzimmermann.de\/blog\/wp-content\/uploads\/Portrait-Verena-Bruening\u00a9Irma-Entenmann-200x133.jpg 200w, https:\/\/www.damianzimmermann.de\/blog\/wp-content\/uploads\/Portrait-Verena-Bruening\u00a9Irma-Entenmann-768x512.jpg 768w, https:\/\/www.damianzimmermann.de\/blog\/wp-content\/uploads\/Portrait-Verena-Bruening\u00a9Irma-Entenmann-973x649.jpg 973w, https:\/\/www.damianzimmermann.de\/blog\/wp-content\/uploads\/Portrait-Verena-Bruening\u00a9Irma-Entenmann-508x339.jpg 508w, https:\/\/www.damianzimmermann.de\/blog\/wp-content\/uploads\/Portrait-Verena-Bruening\u00a9Irma-Entenmann.jpg 1500w\" sizes=\"auto, (max-width: 620px) 100vw, 620px\" \/><\/a><p id=\"caption-attachment-25248\" class=\"wp-caption-text\">Portr\u00e4t von Verena Br\u00fcning. Foto: Irma Entenmann<\/p><\/div>\n","protected":false},"excerpt":{"rendered":"<p>Die erste gr\u00f6\u00dfere Ver\u00e4nderung, die ich seit meiner \u00dcbernahme der Redaktionsleitung des fotoMagazin vorgenommen habe, ist die Einf\u00fchrung der Rubrik Im Einsatz. In diesem einseitigen Artikel stelle ich&#8230;<\/p>\n","protected":false},"author":1,"featured_media":25249,"comment_status":"closed","ping_status":"closed","sticky":false,"template":"","format":"standard","meta":{"footnotes":""},"categories":[1,1163],"tags":[2666,2664,2633],"class_list":["post-25241","post","type-post","status-publish","format-standard","has-post-thumbnail","hentry","category-allgemein","category-interviews","tag-fotografin-zur-see","tag-im-einsatz","tag-verena-bruening"],"_links":{"self":[{"href":"https:\/\/www.damianzimmermann.de\/blog\/wp-json\/wp\/v2\/posts\/25241","targetHints":{"allow":["GET"]}}],"collection":[{"href":"https:\/\/www.damianzimmermann.de\/blog\/wp-json\/wp\/v2\/posts"}],"about":[{"href":"https:\/\/www.damianzimmermann.de\/blog\/wp-json\/wp\/v2\/types\/post"}],"author":[{"embeddable":true,"href":"https:\/\/www.damianzimmermann.de\/blog\/wp-json\/wp\/v2\/users\/1"}],"replies":[{"embeddable":true,"href":"https:\/\/www.damianzimmermann.de\/blog\/wp-json\/wp\/v2\/comments?post=25241"}],"version-history":[{"count":9,"href":"https:\/\/www.damianzimmermann.de\/blog\/wp-json\/wp\/v2\/posts\/25241\/revisions"}],"predecessor-version":[{"id":25319,"href":"https:\/\/www.damianzimmermann.de\/blog\/wp-json\/wp\/v2\/posts\/25241\/revisions\/25319"}],"wp:featuredmedia":[{"embeddable":true,"href":"https:\/\/www.damianzimmermann.de\/blog\/wp-json\/wp\/v2\/media\/25249"}],"wp:attachment":[{"href":"https:\/\/www.damianzimmermann.de\/blog\/wp-json\/wp\/v2\/media?parent=25241"}],"wp:term":[{"taxonomy":"category","embeddable":true,"href":"https:\/\/www.damianzimmermann.de\/blog\/wp-json\/wp\/v2\/categories?post=25241"},{"taxonomy":"post_tag","embeddable":true,"href":"https:\/\/www.damianzimmermann.de\/blog\/wp-json\/wp\/v2\/tags?post=25241"}],"curies":[{"name":"wp","href":"https:\/\/api.w.org\/{rel}","templated":true}]}}