{"id":25079,"date":"2024-06-26T11:55:40","date_gmt":"2024-06-26T09:55:40","guid":{"rendered":"https:\/\/www.damianzimmermann.de\/blog\/?p=25079"},"modified":"2024-07-28T11:56:28","modified_gmt":"2024-07-28T09:56:28","slug":"interview-mit-till-broenner","status":"publish","type":"post","link":"https:\/\/www.damianzimmermann.de\/blog\/interview-mit-till-broenner\/","title":{"rendered":"Interview mit Till Br\u00f6nner"},"content":{"rendered":"<p class=\"western\"><strong>Till Br\u00f6nner<\/strong> (Jahrgang 1971) ist nicht nur einer der bekanntesten Trompeter und Jazz-Musiker Deutschlands, sondern auch ein erfolgreicher Portr\u00e4t- und Landschaftsfotograf. Seine Arbeit \u201eIdentity \u2013 Landscape Europe\u201c wird aktuell im Ludwig M\u00fazeum in Budapest gezeigt<\/p>\n<p>F\u00fcr die ProfiFoto habe ich Br\u00f6nner zum virtuellen Interview via Zoom getroffen &#8211; ich sa\u00df an meinem Schreibtisch, er fuhr gerade mit seinem Auto durch die Stadt. Es war ein sehr nettes und interessiertes Gespr\u00e4ch \u00fcber Europa, Kultur und Politik, warum er durch <strong>William Claxton<\/strong> und <strong>Jim Rakete<\/strong> zur Fotografie kam und auch dar\u00fcber, worin er die Unterschiede zwischen seinen Leben als Musiker und Fotograf sieht. <a href=\"https:\/\/www.damianzimmermann.de\/blog\/wp-content\/uploads\/32-35_Interview_Broenner.pdf\" target=\"_blank\" rel=\"noopener\">Das Interview k\u00f6nnt ihr hier als PDF nachlesen<\/a>.<\/p>\n<p>Link: <a href=\"http:\/\/www.tillbroenner-photography.com\/\" target=\"_blank\" rel=\"noopener\">Till Br\u00f6nner<\/a><\/p>\n<p>&nbsp;<\/p>\n","protected":false},"excerpt":{"rendered":"<p>Till Br\u00f6nner (Jahrgang 1971) ist nicht nur einer der bekanntesten Trompeter und Jazz-Musiker Deutschlands, sondern auch ein erfolgreicher Portr\u00e4t- und Landschaftsfotograf. Seine Arbeit \u201eIdentity \u2013 Landscape Europe\u201c wird&#8230;<\/p>\n","protected":false},"author":1,"featured_media":25084,"comment_status":"closed","ping_status":"closed","sticky":false,"template":"","format":"standard","meta":{"footnotes":""},"categories":[1,6],"tags":[2627,1296,358,588,2626,2628],"class_list":["post-25079","post","type-post","status-publish","format-standard","has-post-thumbnail","hentry","category-allgemein","category-ausstellungen","tag-jazz","tag-jim-rakete","tag-robert-lebeck","tag-thomas-hoepker","tag-till-broenner","tag-william-claxton"],"_links":{"self":[{"href":"https:\/\/www.damianzimmermann.de\/blog\/wp-json\/wp\/v2\/posts\/25079","targetHints":{"allow":["GET"]}}],"collection":[{"href":"https:\/\/www.damianzimmermann.de\/blog\/wp-json\/wp\/v2\/posts"}],"about":[{"href":"https:\/\/www.damianzimmermann.de\/blog\/wp-json\/wp\/v2\/types\/post"}],"author":[{"embeddable":true,"href":"https:\/\/www.damianzimmermann.de\/blog\/wp-json\/wp\/v2\/users\/1"}],"replies":[{"embeddable":true,"href":"https:\/\/www.damianzimmermann.de\/blog\/wp-json\/wp\/v2\/comments?post=25079"}],"version-history":[{"count":4,"href":"https:\/\/www.damianzimmermann.de\/blog\/wp-json\/wp\/v2\/posts\/25079\/revisions"}],"predecessor-version":[{"id":25085,"href":"https:\/\/www.damianzimmermann.de\/blog\/wp-json\/wp\/v2\/posts\/25079\/revisions\/25085"}],"wp:featuredmedia":[{"embeddable":true,"href":"https:\/\/www.damianzimmermann.de\/blog\/wp-json\/wp\/v2\/media\/25084"}],"wp:attachment":[{"href":"https:\/\/www.damianzimmermann.de\/blog\/wp-json\/wp\/v2\/media?parent=25079"}],"wp:term":[{"taxonomy":"category","embeddable":true,"href":"https:\/\/www.damianzimmermann.de\/blog\/wp-json\/wp\/v2\/categories?post=25079"},{"taxonomy":"post_tag","embeddable":true,"href":"https:\/\/www.damianzimmermann.de\/blog\/wp-json\/wp\/v2\/tags?post=25079"}],"curies":[{"name":"wp","href":"https:\/\/api.w.org\/{rel}","templated":true}]}}