{"id":24948,"date":"2024-02-26T13:35:48","date_gmt":"2024-02-26T12:35:48","guid":{"rendered":"https:\/\/www.damianzimmermann.de\/blog\/?p=24948"},"modified":"2024-04-04T13:36:30","modified_gmt":"2024-04-04T11:36:30","slug":"das-waren-die-highlights-2023","status":"publish","type":"post","link":"https:\/\/www.damianzimmermann.de\/blog\/das-waren-die-highlights-2023\/","title":{"rendered":"Das waren die Highlights 2023!"},"content":{"rendered":"<p>Das Jahr 2023 war wieder einmal voll mit Ausstellungen, Festivals, Messen, Fotobuch-Neuerscheinungen sowie Diskussionen um die Gr\u00fcndung des Bundesinstituts f\u00fcr Fotografie, K\u00fcnstlicher Intelligenz und die Aufnahme des Fotorats in den Deutschen Kulturrat. Ich wollte deshalb von den Experten <strong>Alexa Becker<\/strong>, <strong>Michael Biedowicz<\/strong>, <strong>Stefan Gronert<\/strong>, <strong>Juliane Herrmann<\/strong>, <strong>Klaus Honnef<\/strong>, <strong>Simone Klein<\/strong>, <strong>Ute Noll<\/strong>, <strong>Josefine Raab<\/strong>, <strong>Markus Schaden<\/strong>, <strong>Kerstin Stremmel<\/strong> und <strong>Wolfgang Zurborn<\/strong> und aus ihren unterschiedlichen Blickwinkeln wissen, was f\u00fcr sie die Highlights 2023 waren.<\/p>\n<p>Die kompletten Antworten <a href=\"https:\/\/www.damianzimmermann.de\/blog\/wp-content\/uploads\/Umfrage_1-2_24.pdf\" target=\"_blank\" rel=\"noopener\">findet ihr wie gewohnt hier als PDF<\/a>.<\/p>\n<p>&nbsp;<\/p>\n<p>&nbsp;<\/p>\n","protected":false},"excerpt":{"rendered":"<p>Das Jahr 2023 war wieder einmal voll mit Ausstellungen, Festivals, Messen, Fotobuch-Neuerscheinungen sowie Diskussionen um die Gr\u00fcndung des Bundesinstituts f\u00fcr Fotografie, K\u00fcnstlicher Intelligenz und die Aufnahme des Fotorats&#8230;<\/p>\n","protected":false},"author":1,"featured_media":24954,"comment_status":"closed","ping_status":"closed","sticky":false,"template":"","format":"standard","meta":{"footnotes":""},"categories":[1,6,1006,7,1632],"tags":[422,2594,851,1506,707,184,137,936,1410,1404,397,209],"class_list":["post-24948","post","type-post","status-publish","format-standard","has-post-thumbnail","hentry","category-allgemein","category-ausstellungen","category-festivalsmessen","category-fotobuecher","category-umfrage","tag-alexa-becker","tag-highlights-2023","tag-josefine-raab","tag-juliane-herrmann","tag-kerstin-stremmel","tag-klaus-honnef","tag-markus-schaden","tag-michael-biedowicz","tag-simone-klein","tag-stefan-gronert","tag-ute-noll","tag-wolfgang-zurborn"],"_links":{"self":[{"href":"https:\/\/www.damianzimmermann.de\/blog\/wp-json\/wp\/v2\/posts\/24948","targetHints":{"allow":["GET"]}}],"collection":[{"href":"https:\/\/www.damianzimmermann.de\/blog\/wp-json\/wp\/v2\/posts"}],"about":[{"href":"https:\/\/www.damianzimmermann.de\/blog\/wp-json\/wp\/v2\/types\/post"}],"author":[{"embeddable":true,"href":"https:\/\/www.damianzimmermann.de\/blog\/wp-json\/wp\/v2\/users\/1"}],"replies":[{"embeddable":true,"href":"https:\/\/www.damianzimmermann.de\/blog\/wp-json\/wp\/v2\/comments?post=24948"}],"version-history":[{"count":6,"href":"https:\/\/www.damianzimmermann.de\/blog\/wp-json\/wp\/v2\/posts\/24948\/revisions"}],"predecessor-version":[{"id":24956,"href":"https:\/\/www.damianzimmermann.de\/blog\/wp-json\/wp\/v2\/posts\/24948\/revisions\/24956"}],"wp:featuredmedia":[{"embeddable":true,"href":"https:\/\/www.damianzimmermann.de\/blog\/wp-json\/wp\/v2\/media\/24954"}],"wp:attachment":[{"href":"https:\/\/www.damianzimmermann.de\/blog\/wp-json\/wp\/v2\/media?parent=24948"}],"wp:term":[{"taxonomy":"category","embeddable":true,"href":"https:\/\/www.damianzimmermann.de\/blog\/wp-json\/wp\/v2\/categories?post=24948"},{"taxonomy":"post_tag","embeddable":true,"href":"https:\/\/www.damianzimmermann.de\/blog\/wp-json\/wp\/v2\/tags?post=24948"}],"curies":[{"name":"wp","href":"https:\/\/api.w.org\/{rel}","templated":true}]}}