{"id":24895,"date":"2024-02-28T15:49:47","date_gmt":"2024-02-28T14:49:47","guid":{"rendered":"https:\/\/www.damianzimmermann.de\/blog\/?p=24895"},"modified":"2024-02-28T15:51:44","modified_gmt":"2024-02-28T14:51:44","slug":"archiv-michael-schmidt-kommt-ans-museum-folkwang","status":"publish","type":"post","link":"https:\/\/www.damianzimmermann.de\/blog\/archiv-michael-schmidt-kommt-ans-museum-folkwang\/","title":{"rendered":"Archiv Michael Schmidt kommt ans Museum Folkwang"},"content":{"rendered":"<p><span class=\"x193iq5w xeuugli x13faqbe x1vvkbs x1xmvt09 x1lliihq x1s928wv xhkezso x1gmr53x x1cpjm7i x1fgarty x1943h6x xudqn12 x3x7a5m x6prxxf xvq8zen xo1l8bm xzsf02u x1yc453h\" dir=\"auto\">W\u00e4hrend im Wettbewerb um ein neues <strong>Bundesinstitut f\u00fcr Fotografie<\/strong> D\u00fcsseldorf bereits mit der Standortfrage \u00fcberfordert zu sein scheint, wurde nun in Essen der Verein <strong>Zentrum f\u00fcr Fotografie Essen<\/strong> gegr\u00fcndet und das <strong>Museum Folkwang<\/strong> \u00fcbernimmt das Archiv des Fotografen <strong>Michael Schmidt<\/strong>.<\/span><\/p>\n<p><a href=\"https:\/\/www.monopol-magazin.de\/paukenschlaege-aus-essen\" target=\"_blank\" rel=\"noopener\">In der Monpol habe ich \u00fcber die Neuigkeiten aus dem Ruhrgebiet berichtet<\/a> und sie in die Diskussion um das Bundesinstitut eingeordnet.<\/p>\n<p>Links: <a href=\"https:\/\/www.museum-folkwang.de\/de\" target=\"_blank\" rel=\"noopener\">Museum Folkwang<\/a>, <a href=\"https:\/\/foto.folkwang-uni.de\/de\/journal\/news\/zentrum-fuer-fotografie-essen\/detail\/\" target=\"_blank\" rel=\"noopener\">Folkwang Universit\u00e4t der K\u00fcnste<\/a>, <a href=\"https:\/\/www.archivmichaelschmidt.de\/de\/home\/\" target=\"_blank\" rel=\"noopener\">Archiv Michael Schmidt<\/a><\/p>\n\n\t\t<style type=\"text\/css\">\n\t\t\t#gallery-1 {\n\t\t\t\tmargin: auto;\n\t\t\t}\n\t\t\t#gallery-1 .gallery-item {\n\t\t\t\tfloat: left;\n\t\t\t\tmargin-top: 10px;\n\t\t\t\ttext-align: center;\n\t\t\t\twidth: 100%;\n\t\t\t}\n\t\t\t#gallery-1 img {\n\t\t\t\tborder: 2px solid #cfcfcf;\n\t\t\t}\n\t\t\t#gallery-1 .gallery-caption {\n\t\t\t\tmargin-left: 0;\n\t\t\t}\n\t\t\t\/* see gallery_shortcode() in wp-includes\/media.php *\/\n\t\t<\/style>\n\t\t<div id='gallery-1' class='gallery galleryid-24895 gallery-columns-1 gallery-size-large'><dl class='gallery-item'>\n\t\t\t<dt class='gallery-icon portrait'>\n\t\t\t\t<img loading=\"lazy\" decoding=\"async\" width=\"620\" height=\"764\" src=\"https:\/\/www.damianzimmermann.de\/blog\/wp-content\/uploads\/MFolkwang_Michael-Schmidt_o.T-aus-Waffenruhe_1987-1997_06.015_400dpi.jpg\" class=\"attachment-large size-large\" alt=\"\" aria-describedby=\"gallery-1-24902\" srcset=\"https:\/\/www.damianzimmermann.de\/blog\/wp-content\/uploads\/MFolkwang_Michael-Schmidt_o.T-aus-Waffenruhe_1987-1997_06.015_400dpi.jpg 811w, https:\/\/www.damianzimmermann.de\/blog\/wp-content\/uploads\/MFolkwang_Michael-Schmidt_o.T-aus-Waffenruhe_1987-1997_06.015_400dpi-122x150.jpg 122w, https:\/\/www.damianzimmermann.de\/blog\/wp-content\/uploads\/MFolkwang_Michael-Schmidt_o.T-aus-Waffenruhe_1987-1997_06.015_400dpi-768x947.jpg 768w, https:\/\/www.damianzimmermann.de\/blog\/wp-content\/uploads\/MFolkwang_Michael-Schmidt_o.T-aus-Waffenruhe_1987-1997_06.015_400dpi-508x626.jpg 508w\" sizes=\"auto, (max-width: 620px) 100vw, 620px\" \/>\n\t\t\t<\/dt>\n\t\t\t\t<dd class='wp-caption-text gallery-caption' id='gallery-1-24902'>\n\t\t\t\tMichael Schmidt: Ohne Titel, aus Waffenruhe, 1987 \u00a9 Stiftung f\u00fcr Fotografie und Medienkunst\n\t\t\t\t<\/dd><\/dl><br style=\"clear: both\" \/><dl class='gallery-item'>\n\t\t\t<dt class='gallery-icon landscape'>\n\t\t\t\t<img loading=\"lazy\" decoding=\"async\" width=\"620\" height=\"442\" src=\"https:\/\/www.damianzimmermann.de\/blog\/wp-content\/uploads\/MFolkwang_Michael-Schmidt_Benachteiligt-Buch_1982_MG_7100_300dpi.jpg\" class=\"attachment-large size-large\" alt=\"\" aria-describedby=\"gallery-1-24901\" srcset=\"https:\/\/www.damianzimmermann.de\/blog\/wp-content\/uploads\/MFolkwang_Michael-Schmidt_Benachteiligt-Buch_1982_MG_7100_300dpi.jpg 1000w, https:\/\/www.damianzimmermann.de\/blog\/wp-content\/uploads\/MFolkwang_Michael-Schmidt_Benachteiligt-Buch_1982_MG_7100_300dpi-200x143.jpg 200w, https:\/\/www.damianzimmermann.de\/blog\/wp-content\/uploads\/MFolkwang_Michael-Schmidt_Benachteiligt-Buch_1982_MG_7100_300dpi-768x548.jpg 768w, https:\/\/www.damianzimmermann.de\/blog\/wp-content\/uploads\/MFolkwang_Michael-Schmidt_Benachteiligt-Buch_1982_MG_7100_300dpi-973x694.jpg 973w, https:\/\/www.damianzimmermann.de\/blog\/wp-content\/uploads\/MFolkwang_Michael-Schmidt_Benachteiligt-Buch_1982_MG_7100_300dpi-508x362.jpg 508w\" sizes=\"auto, (max-width: 620px) 100vw, 620px\" \/>\n\t\t\t<\/dt>\n\t\t\t\t<dd class='wp-caption-text gallery-caption' id='gallery-1-24901'>\n\t\t\t\tMichael Schmidt: Benachteiligt (Buch), Senator f\u00fcr Gesundheit, Soziales und Familie, Berlin 1982, Gestaltung Gabriele G\u00f6tz \u00a9 Stiftung f\u00fcr Fotografie und Medienkunst\n\t\t\t\t<\/dd><\/dl><br style=\"clear: both\" \/><dl class='gallery-item'>\n\t\t\t<dt class='gallery-icon portrait'>\n\t\t\t\t<img loading=\"lazy\" decoding=\"async\" width=\"620\" height=\"770\" src=\"https:\/\/www.damianzimmermann.de\/blog\/wp-content\/uploads\/MFolkwang_Michael-Schmidt_Ausstellungsabzuege_B146_300dpi.jpg\" class=\"attachment-large size-large\" alt=\"\" aria-describedby=\"gallery-1-24900\" srcset=\"https:\/\/www.damianzimmermann.de\/blog\/wp-content\/uploads\/MFolkwang_Michael-Schmidt_Ausstellungsabzuege_B146_300dpi.jpg 805w, https:\/\/www.damianzimmermann.de\/blog\/wp-content\/uploads\/MFolkwang_Michael-Schmidt_Ausstellungsabzuege_B146_300dpi-121x150.jpg 121w, https:\/\/www.damianzimmermann.de\/blog\/wp-content\/uploads\/MFolkwang_Michael-Schmidt_Ausstellungsabzuege_B146_300dpi-768x954.jpg 768w, https:\/\/www.damianzimmermann.de\/blog\/wp-content\/uploads\/MFolkwang_Michael-Schmidt_Ausstellungsabzuege_B146_300dpi-508x631.jpg 508w\" sizes=\"auto, (max-width: 620px) 100vw, 620px\" \/>\n\t\t\t<\/dt>\n\t\t\t\t<dd class='wp-caption-text gallery-caption' id='gallery-1-24900'>\n\t\t\t\tMichael Schmidt: Aus Gastland Bundesrepublik Deutschland, 1984\/85\n\u00a9 Stiftung f\u00fcr Fotografie und Medienkunst\n\t\t\t\t<\/dd><\/dl><br style=\"clear: both\" \/>\n\t\t<\/div>\n\n","protected":false},"excerpt":{"rendered":"<p>W\u00e4hrend im Wettbewerb um ein neues Bundesinstitut f\u00fcr Fotografie D\u00fcsseldorf bereits mit der Standortfrage \u00fcberfordert zu sein scheint, wurde nun in Essen der Verein Zentrum f\u00fcr Fotografie Essen&#8230;<\/p>\n","protected":false},"author":1,"featured_media":24899,"comment_status":"closed","ping_status":"closed","sticky":false,"template":"","format":"standard","meta":{"footnotes":""},"categories":[1],"tags":[2055,1876,2583,790,2582,2584],"class_list":["post-24895","post","type-post","status-publish","format-standard","has-post-thumbnail","hentry","category-allgemein","tag-archiv","tag-bundesinstitut-fuer-fotografie","tag-folkwang-universitaet-der-kuenste","tag-michael-schmidt","tag-museum-folkwang","tag-zentrum-fuer-fotografie-essen"],"_links":{"self":[{"href":"https:\/\/www.damianzimmermann.de\/blog\/wp-json\/wp\/v2\/posts\/24895","targetHints":{"allow":["GET"]}}],"collection":[{"href":"https:\/\/www.damianzimmermann.de\/blog\/wp-json\/wp\/v2\/posts"}],"about":[{"href":"https:\/\/www.damianzimmermann.de\/blog\/wp-json\/wp\/v2\/types\/post"}],"author":[{"embeddable":true,"href":"https:\/\/www.damianzimmermann.de\/blog\/wp-json\/wp\/v2\/users\/1"}],"replies":[{"embeddable":true,"href":"https:\/\/www.damianzimmermann.de\/blog\/wp-json\/wp\/v2\/comments?post=24895"}],"version-history":[{"count":7,"href":"https:\/\/www.damianzimmermann.de\/blog\/wp-json\/wp\/v2\/posts\/24895\/revisions"}],"predecessor-version":[{"id":24906,"href":"https:\/\/www.damianzimmermann.de\/blog\/wp-json\/wp\/v2\/posts\/24895\/revisions\/24906"}],"wp:featuredmedia":[{"embeddable":true,"href":"https:\/\/www.damianzimmermann.de\/blog\/wp-json\/wp\/v2\/media\/24899"}],"wp:attachment":[{"href":"https:\/\/www.damianzimmermann.de\/blog\/wp-json\/wp\/v2\/media?parent=24895"}],"wp:term":[{"taxonomy":"category","embeddable":true,"href":"https:\/\/www.damianzimmermann.de\/blog\/wp-json\/wp\/v2\/categories?post=24895"},{"taxonomy":"post_tag","embeddable":true,"href":"https:\/\/www.damianzimmermann.de\/blog\/wp-json\/wp\/v2\/tags?post=24895"}],"curies":[{"name":"wp","href":"https:\/\/api.w.org\/{rel}","templated":true}]}}