{"id":24756,"date":"2023-10-30T16:23:49","date_gmt":"2023-10-30T15:23:49","guid":{"rendered":"https:\/\/www.damianzimmermann.de\/blog\/?p=24756"},"modified":"2023-10-31T22:33:02","modified_gmt":"2023-10-31T21:33:02","slug":"paare-editionsbox-im-art-books-store-in-koeln-deutz","status":"publish","type":"post","link":"https:\/\/www.damianzimmermann.de\/blog\/paare-editionsbox-im-art-books-store-in-koeln-deutz\/","title":{"rendered":"Paare-Editionsbox im Artbooks Store in K\u00f6ln-Deutz"},"content":{"rendered":"<p>Das Paareprojekt ist zur\u00fcck! Zusammen mit Artbooks bringen <strong>Beate Rose<\/strong>, <strong>Nadine Prei\u00df<\/strong> und ich eine Editionsbox <a href=\"http:\/\/www.paareprojekt.de\/?p=2032\" target=\"_blank\" rel=\"noopener\">mit unserem Buch<\/a> und zwei wundersch\u00f6nen und limitierten Prints im Format A4 heraus. Im Rahmen der Ausstellung &#8222;books &amp; art&#8220; ist die Editionsbox in einer 5er Auflage und zum Preis von 599 Euro ab 3. November erh\u00e4ltlich. Die Vernissage findet von 18 bis 21 Uhr im Artbooks Store, Deutzer Freiheit 107, in K\u00f6ln statt.<\/p>\n<p>Checkt au\u00dferdem auch die anderen wunderbaren Editionen von beispielsweise <strong>Julia B\u00fcnnagel<\/strong>, <strong>Tamara Lorenz<\/strong>, <strong>Johann Husser<\/strong> und <strong>Alex Simon Klug &amp; Kristina Lenz<\/strong>.<\/p>\n<p>Mehr Infos zum Paareprojekt findet ihr <a href=\"http:\/\/www.paareprojekt.de\/\" target=\"_blank\" rel=\"noopener\">auf der Website<\/a>.<\/p>\n<p>Link: <a href=\"https:\/\/www.artbooksonline.eu\/\" target=\"_blank\" rel=\"noopener\">Art Books Online<\/a><\/p>\n\n\t\t<style type=\"text\/css\">\n\t\t\t#gallery-1 {\n\t\t\t\tmargin: auto;\n\t\t\t}\n\t\t\t#gallery-1 .gallery-item {\n\t\t\t\tfloat: left;\n\t\t\t\tmargin-top: 10px;\n\t\t\t\ttext-align: center;\n\t\t\t\twidth: 100%;\n\t\t\t}\n\t\t\t#gallery-1 img {\n\t\t\t\tborder: 2px solid #cfcfcf;\n\t\t\t}\n\t\t\t#gallery-1 .gallery-caption {\n\t\t\t\tmargin-left: 0;\n\t\t\t}\n\t\t\t\/* see gallery_shortcode() in wp-includes\/media.php *\/\n\t\t<\/style>\n\t\t<div id='gallery-1' class='gallery galleryid-24756 gallery-columns-1 gallery-size-large'><dl class='gallery-item'>\n\t\t\t<dt class='gallery-icon landscape'>\n\t\t\t\t<img loading=\"lazy\" decoding=\"async\" width=\"620\" height=\"414\" src=\"https:\/\/www.damianzimmermann.de\/blog\/wp-content\/uploads\/DMZ9090.jpg\" class=\"attachment-large size-large\" alt=\"\" aria-describedby=\"gallery-1-24763\" srcset=\"https:\/\/www.damianzimmermann.de\/blog\/wp-content\/uploads\/DMZ9090.jpg 1000w, https:\/\/www.damianzimmermann.de\/blog\/wp-content\/uploads\/DMZ9090-200x133.jpg 200w, https:\/\/www.damianzimmermann.de\/blog\/wp-content\/uploads\/DMZ9090-768x512.jpg 768w, https:\/\/www.damianzimmermann.de\/blog\/wp-content\/uploads\/DMZ9090-973x649.jpg 973w, https:\/\/www.damianzimmermann.de\/blog\/wp-content\/uploads\/DMZ9090-508x339.jpg 508w\" sizes=\"auto, (max-width: 620px) 100vw, 620px\" \/>\n\t\t\t<\/dt>\n\t\t\t\t<dd class='wp-caption-text gallery-caption' id='gallery-1-24763'>\n\t\t\t\tDie Editionsbox zum Paareprojek erscheint in einer Auflage von 5 Exemplaren &#8230;\n\t\t\t\t<\/dd><\/dl><br style=\"clear: both\" \/><dl class='gallery-item'>\n\t\t\t<dt class='gallery-icon landscape'>\n\t\t\t\t<img loading=\"lazy\" decoding=\"async\" width=\"620\" height=\"414\" src=\"https:\/\/www.damianzimmermann.de\/blog\/wp-content\/uploads\/DMZ9078.jpg\" class=\"attachment-large size-large\" alt=\"\" aria-describedby=\"gallery-1-24759\" srcset=\"https:\/\/www.damianzimmermann.de\/blog\/wp-content\/uploads\/DMZ9078.jpg 1000w, https:\/\/www.damianzimmermann.de\/blog\/wp-content\/uploads\/DMZ9078-200x133.jpg 200w, https:\/\/www.damianzimmermann.de\/blog\/wp-content\/uploads\/DMZ9078-768x512.jpg 768w, https:\/\/www.damianzimmermann.de\/blog\/wp-content\/uploads\/DMZ9078-973x649.jpg 973w, https:\/\/www.damianzimmermann.de\/blog\/wp-content\/uploads\/DMZ9078-508x339.jpg 508w\" sizes=\"auto, (max-width: 620px) 100vw, 620px\" \/>\n\t\t\t<\/dt>\n\t\t\t\t<dd class='wp-caption-text gallery-caption' id='gallery-1-24759'>\n\t\t\t\t&#8230; und beinhaltet neben einem Print von Nadine Prei\u00df und mir &#8230;\n\t\t\t\t<\/dd><\/dl><br style=\"clear: both\" \/><dl class='gallery-item'>\n\t\t\t<dt class='gallery-icon landscape'>\n\t\t\t\t<img loading=\"lazy\" decoding=\"async\" width=\"620\" height=\"414\" src=\"https:\/\/www.damianzimmermann.de\/blog\/wp-content\/uploads\/DMZ9082.jpg\" class=\"attachment-large size-large\" alt=\"\" aria-describedby=\"gallery-1-24762\" srcset=\"https:\/\/www.damianzimmermann.de\/blog\/wp-content\/uploads\/DMZ9082.jpg 1000w, https:\/\/www.damianzimmermann.de\/blog\/wp-content\/uploads\/DMZ9082-200x133.jpg 200w, https:\/\/www.damianzimmermann.de\/blog\/wp-content\/uploads\/DMZ9082-768x512.jpg 768w, https:\/\/www.damianzimmermann.de\/blog\/wp-content\/uploads\/DMZ9082-973x649.jpg 973w, https:\/\/www.damianzimmermann.de\/blog\/wp-content\/uploads\/DMZ9082-508x339.jpg 508w\" sizes=\"auto, (max-width: 620px) 100vw, 620px\" \/>\n\t\t\t<\/dt>\n\t\t\t\t<dd class='wp-caption-text gallery-caption' id='gallery-1-24762'>\n\t\t\t\t&#8230; auch einen Print von Beate Rose aus dem Jahr 1971.\n\t\t\t\t<\/dd><\/dl><br style=\"clear: both\" \/><dl class='gallery-item'>\n\t\t\t<dt class='gallery-icon landscape'>\n\t\t\t\t<img loading=\"lazy\" decoding=\"async\" width=\"620\" height=\"414\" src=\"https:\/\/www.damianzimmermann.de\/blog\/wp-content\/uploads\/DMZ9091.jpg\" class=\"attachment-large size-large\" alt=\"\" aria-describedby=\"gallery-1-24764\" srcset=\"https:\/\/www.damianzimmermann.de\/blog\/wp-content\/uploads\/DMZ9091.jpg 1000w, https:\/\/www.damianzimmermann.de\/blog\/wp-content\/uploads\/DMZ9091-200x133.jpg 200w, https:\/\/www.damianzimmermann.de\/blog\/wp-content\/uploads\/DMZ9091-768x512.jpg 768w, https:\/\/www.damianzimmermann.de\/blog\/wp-content\/uploads\/DMZ9091-973x649.jpg 973w, https:\/\/www.damianzimmermann.de\/blog\/wp-content\/uploads\/DMZ9091-508x339.jpg 508w\" sizes=\"auto, (max-width: 620px) 100vw, 620px\" \/>\n\t\t\t<\/dt>\n\t\t\t\t<dd class='wp-caption-text gallery-caption' id='gallery-1-24764'>\n\t\t\t\tSelbstverst\u00e4ndlich sind die Prints signiert.\n\t\t\t\t<\/dd><\/dl><br style=\"clear: both\" \/><dl class='gallery-item'>\n\t\t\t<dt class='gallery-icon landscape'>\n\t\t\t\t<img loading=\"lazy\" decoding=\"async\" width=\"620\" height=\"414\" src=\"https:\/\/www.damianzimmermann.de\/blog\/wp-content\/uploads\/DMZ9100.jpg\" class=\"attachment-large size-large\" alt=\"\" aria-describedby=\"gallery-1-24765\" srcset=\"https:\/\/www.damianzimmermann.de\/blog\/wp-content\/uploads\/DMZ9100.jpg 1000w, https:\/\/www.damianzimmermann.de\/blog\/wp-content\/uploads\/DMZ9100-200x133.jpg 200w, https:\/\/www.damianzimmermann.de\/blog\/wp-content\/uploads\/DMZ9100-768x512.jpg 768w, https:\/\/www.damianzimmermann.de\/blog\/wp-content\/uploads\/DMZ9100-973x649.jpg 973w, https:\/\/www.damianzimmermann.de\/blog\/wp-content\/uploads\/DMZ9100-508x339.jpg 508w\" sizes=\"auto, (max-width: 620px) 100vw, 620px\" \/>\n\t\t\t<\/dt>\n\t\t\t\t<dd class='wp-caption-text gallery-caption' id='gallery-1-24765'>\n\t\t\t\tAu\u00dferdem befindet sich in der Editionsbox ein Exemplar des Buches &#8230;\n\t\t\t\t<\/dd><\/dl><br style=\"clear: both\" \/><dl class='gallery-item'>\n\t\t\t<dt class='gallery-icon landscape'>\n\t\t\t\t<img loading=\"lazy\" decoding=\"async\" width=\"620\" height=\"414\" src=\"https:\/\/www.damianzimmermann.de\/blog\/wp-content\/uploads\/DMZ9116.jpg\" class=\"attachment-large size-large\" alt=\"\" aria-describedby=\"gallery-1-24767\" srcset=\"https:\/\/www.damianzimmermann.de\/blog\/wp-content\/uploads\/DMZ9116.jpg 1000w, https:\/\/www.damianzimmermann.de\/blog\/wp-content\/uploads\/DMZ9116-200x133.jpg 200w, https:\/\/www.damianzimmermann.de\/blog\/wp-content\/uploads\/DMZ9116-768x512.jpg 768w, https:\/\/www.damianzimmermann.de\/blog\/wp-content\/uploads\/DMZ9116-973x649.jpg 973w, https:\/\/www.damianzimmermann.de\/blog\/wp-content\/uploads\/DMZ9116-508x339.jpg 508w\" sizes=\"auto, (max-width: 620px) 100vw, 620px\" \/>\n\t\t\t<\/dt>\n\t\t\t\t<dd class='wp-caption-text gallery-caption' id='gallery-1-24767'>\n\t\t\t\t&#8230; &#8222;Paare &#8211; Menschenbilder aus der Bundesrepublik Deutschland zu Beginn des 21. Jahrhunderts&#8220;.\n\t\t\t\t<\/dd><\/dl><br style=\"clear: both\" \/><dl class='gallery-item'>\n\t\t\t<dt class='gallery-icon landscape'>\n\t\t\t\t<img loading=\"lazy\" decoding=\"async\" width=\"620\" height=\"395\" src=\"https:\/\/www.damianzimmermann.de\/blog\/wp-content\/uploads\/R018134.jpg\" class=\"attachment-large size-large\" alt=\"\" aria-describedby=\"gallery-1-24768\" srcset=\"https:\/\/www.damianzimmermann.de\/blog\/wp-content\/uploads\/R018134.jpg 1000w, https:\/\/www.damianzimmermann.de\/blog\/wp-content\/uploads\/R018134-200x127.jpg 200w, https:\/\/www.damianzimmermann.de\/blog\/wp-content\/uploads\/R018134-768x489.jpg 768w, https:\/\/www.damianzimmermann.de\/blog\/wp-content\/uploads\/R018134-973x620.jpg 973w, https:\/\/www.damianzimmermann.de\/blog\/wp-content\/uploads\/R018134-508x324.jpg 508w\" sizes=\"auto, (max-width: 620px) 100vw, 620px\" \/>\n\t\t\t<\/dt>\n\t\t\t\t<dd class='wp-caption-text gallery-caption' id='gallery-1-24768'>\n\t\t\t\tSchwarz gerahmt sehen die Prints besonders gut aus.\n\t\t\t\t<\/dd><\/dl><br style=\"clear: both\" \/><dl class='gallery-item'>\n\t\t\t<dt class='gallery-icon portrait'>\n\t\t\t\t<img loading=\"lazy\" decoding=\"async\" width=\"620\" height=\"874\" src=\"https:\/\/www.damianzimmermann.de\/blog\/wp-content\/uploads\/books-n-art-vorne.jpg\" class=\"attachment-large size-large\" alt=\"\" aria-describedby=\"gallery-1-24770\" srcset=\"https:\/\/www.damianzimmermann.de\/blog\/wp-content\/uploads\/books-n-art-vorne.jpg 709w, https:\/\/www.damianzimmermann.de\/blog\/wp-content\/uploads\/books-n-art-vorne-106x150.jpg 106w, https:\/\/www.damianzimmermann.de\/blog\/wp-content\/uploads\/books-n-art-vorne-508x717.jpg 508w\" sizes=\"auto, (max-width: 620px) 100vw, 620px\" \/>\n\t\t\t<\/dt>\n\t\t\t\t<dd class='wp-caption-text gallery-caption' id='gallery-1-24770'>\n\t\t\t\tDie Ausstellung &#8222;books &#038; art&#8220; er\u00f6ffnet am 3. November 2023 um 18 Uhr &#8230;\n\t\t\t\t<\/dd><\/dl><br style=\"clear: both\" \/><dl class='gallery-item'>\n\t\t\t<dt class='gallery-icon portrait'>\n\t\t\t\t<img loading=\"lazy\" decoding=\"async\" width=\"620\" height=\"874\" src=\"https:\/\/www.damianzimmermann.de\/blog\/wp-content\/uploads\/books-n-art-hinten.jpg\" class=\"attachment-large size-large\" alt=\"\" aria-describedby=\"gallery-1-24769\" srcset=\"https:\/\/www.damianzimmermann.de\/blog\/wp-content\/uploads\/books-n-art-hinten.jpg 709w, https:\/\/www.damianzimmermann.de\/blog\/wp-content\/uploads\/books-n-art-hinten-106x150.jpg 106w, https:\/\/www.damianzimmermann.de\/blog\/wp-content\/uploads\/books-n-art-hinten-508x717.jpg 508w\" sizes=\"auto, (max-width: 620px) 100vw, 620px\" \/>\n\t\t\t<\/dt>\n\t\t\t\t<dd class='wp-caption-text gallery-caption' id='gallery-1-24769'>\n\t\t\t\t&#8230; und zusammen mit den anderne K\u00fcnstlerinnen und K\u00fcnstler freuen wir uns sehr auf ihren Besuch.\n\t\t\t\t<\/dd><\/dl><br style=\"clear: both\" \/>\n\t\t<\/div>\n\n","protected":false},"excerpt":{"rendered":"<p>Das Paareprojekt ist zur\u00fcck! Zusammen mit Artbooks bringen Beate Rose, Nadine Prei\u00df und ich eine Editionsbox mit unserem Buch und zwei wundersch\u00f6nen und limitierten Prints im Format A4&#8230;<\/p>\n","protected":false},"author":1,"featured_media":24768,"comment_status":"closed","ping_status":"closed","sticky":false,"template":"","format":"standard","meta":{"footnotes":""},"categories":[1,7,612],"tags":[681,2538,2537,103,1523,1182],"class_list":["post-24756","post","type-post","status-publish","format-standard","has-post-thumbnail","hentry","category-allgemein","category-fotobuecher","category-paareprojekt","tag-beate-rose","tag-johann-husser-und-alex-simon-klug-kristina-lenz","tag-julia-buennagel","tag-nadine-preis","tag-paareprojekt","tag-tamara-lorenz"],"_links":{"self":[{"href":"https:\/\/www.damianzimmermann.de\/blog\/wp-json\/wp\/v2\/posts\/24756","targetHints":{"allow":["GET"]}}],"collection":[{"href":"https:\/\/www.damianzimmermann.de\/blog\/wp-json\/wp\/v2\/posts"}],"about":[{"href":"https:\/\/www.damianzimmermann.de\/blog\/wp-json\/wp\/v2\/types\/post"}],"author":[{"embeddable":true,"href":"https:\/\/www.damianzimmermann.de\/blog\/wp-json\/wp\/v2\/users\/1"}],"replies":[{"embeddable":true,"href":"https:\/\/www.damianzimmermann.de\/blog\/wp-json\/wp\/v2\/comments?post=24756"}],"version-history":[{"count":8,"href":"https:\/\/www.damianzimmermann.de\/blog\/wp-json\/wp\/v2\/posts\/24756\/revisions"}],"predecessor-version":[{"id":24776,"href":"https:\/\/www.damianzimmermann.de\/blog\/wp-json\/wp\/v2\/posts\/24756\/revisions\/24776"}],"wp:featuredmedia":[{"embeddable":true,"href":"https:\/\/www.damianzimmermann.de\/blog\/wp-json\/wp\/v2\/media\/24768"}],"wp:attachment":[{"href":"https:\/\/www.damianzimmermann.de\/blog\/wp-json\/wp\/v2\/media?parent=24756"}],"wp:term":[{"taxonomy":"category","embeddable":true,"href":"https:\/\/www.damianzimmermann.de\/blog\/wp-json\/wp\/v2\/categories?post=24756"},{"taxonomy":"post_tag","embeddable":true,"href":"https:\/\/www.damianzimmermann.de\/blog\/wp-json\/wp\/v2\/tags?post=24756"}],"curies":[{"name":"wp","href":"https:\/\/api.w.org\/{rel}","templated":true}]}}