{"id":24746,"date":"2023-10-05T13:53:53","date_gmt":"2023-10-05T11:53:53","guid":{"rendered":"https:\/\/www.damianzimmermann.de\/blog\/?p=24746"},"modified":"2023-10-26T13:56:24","modified_gmt":"2023-10-26T11:56:24","slug":"ki-bildredaktionen-im-umbruch","status":"publish","type":"post","link":"https:\/\/www.damianzimmermann.de\/blog\/ki-bildredaktionen-im-umbruch\/","title":{"rendered":"KI: Bildredaktionen im Umbruch?"},"content":{"rendered":"<p>Als vor einem Jahr K\u00fcnstliche Intelligenz in der Erschaffung, Bearbeitung und Verwaltung von Bildern f\u00fcr die breite Masse m\u00f6glich geworden ist, wurden sofort auch die Sorgen laut, dass Fotografen nun arbeitslos und <a href=\"https:\/\/www.damianzimmermann.de\/blog\/wie-veraendert-ki-die-journalistische-fotografie\/\" target=\"_blank\" rel=\"noopener\">wir von gef\u00e4lschten Fotografien und Fake News \u00fcberschwemmt w\u00fcrden<\/a>. Doch wie schaut es ganz konkret in den Bildredaktionen der gro\u00dfen Zeitungen, Zeitschriften und Agenturen in Deutschland aus? Haben sich die Verantwortlichen bereits mit dem Thema besch\u00e4ftigt? Und welche Gefahren, aber auch welchen Nutzen sehen sie in der neuen Technologie?<\/p>\n<p>F\u00fcr meine monatliche Umfrage in der ProfiFoto konnte ich <strong>Mascha Zuder<\/strong> vom <strong>Spiegel<\/strong>, <strong>Derik Meink\u00f6hn<\/strong> vom <strong>Stern<\/strong>, <strong>Stefan Runne<\/strong> von der <strong>Welt<\/strong>, <strong>Mark-Oliver Multhaup<\/strong> von der <strong>Funke Mediengruppe<\/strong>, <strong>Henner Flohr<\/strong> von der <strong>Frankfurter Allgemeinen Zeitung<\/strong> sowie <strong>Silke Frigge<\/strong> von der Agentur Laif gewinnen, mir vier Fragen zu beantworten.<\/p>\n<p>Das Ergebnis der Umfrage <a href=\"https:\/\/www.damianzimmermann.de\/blog\/wp-content\/uploads\/20-23_Umfrage-5.pdf\" target=\"_blank\" rel=\"noopener\">k\u00f6nnt ihr hier als PDF nachlesen<\/a>.<\/p>\n<p>Links: <a href=\"https:\/\/www.spiegel.de\/\" target=\"_blank\" rel=\"noopener\">Der Spiegel<\/a>, <a href=\"https:\/\/www.stern.de\/\" target=\"_blank\" rel=\"noopener\">Stern<\/a>, <a href=\"https:\/\/www.faz.net\" target=\"_blank\" rel=\"noopener\">FAZ<\/a>, <a href=\"https:\/\/www.funkemedien.de\/de\/\" target=\"_blank\" rel=\"noopener\">Funke<\/a>, <a href=\"https:\/\/www.welt.de\" target=\"_blank\" rel=\"noopener\">Welt<\/a>, <a href=\"https:\/\/laif.de\/\" target=\"_blank\" rel=\"noopener\">Laif<\/a><\/p>\n","protected":false},"excerpt":{"rendered":"<p>Als vor einem Jahr K\u00fcnstliche Intelligenz in der Erschaffung, Bearbeitung und Verwaltung von Bildern f\u00fcr die breite Masse m\u00f6glich geworden ist, wurden sofort auch die Sorgen laut, dass&#8230;<\/p>\n","protected":false},"author":1,"featured_media":21655,"comment_status":"closed","ping_status":"closed","sticky":false,"template":"","format":"standard","meta":{"footnotes":""},"categories":[1,1632],"tags":[2527,2532,2530,2531,2529,2535,458,2534,2526,2536,2533,2230,2528],"class_list":["post-24746","post","type-post","status-publish","format-standard","has-post-thumbnail","hentry","category-allgemein","category-umfrage","tag-der-spiegel","tag-derik-meinkoehn","tag-faz","tag-frankfurter-allgemeine-zeitung","tag-funke-mediengruppe","tag-henner-flohr","tag-laif","tag-mark-oliver-multhaup","tag-mascha-zuder","tag-silke-frigge","tag-stefan-runne","tag-stern","tag-welt"],"_links":{"self":[{"href":"https:\/\/www.damianzimmermann.de\/blog\/wp-json\/wp\/v2\/posts\/24746","targetHints":{"allow":["GET"]}}],"collection":[{"href":"https:\/\/www.damianzimmermann.de\/blog\/wp-json\/wp\/v2\/posts"}],"about":[{"href":"https:\/\/www.damianzimmermann.de\/blog\/wp-json\/wp\/v2\/types\/post"}],"author":[{"embeddable":true,"href":"https:\/\/www.damianzimmermann.de\/blog\/wp-json\/wp\/v2\/users\/1"}],"replies":[{"embeddable":true,"href":"https:\/\/www.damianzimmermann.de\/blog\/wp-json\/wp\/v2\/comments?post=24746"}],"version-history":[{"count":8,"href":"https:\/\/www.damianzimmermann.de\/blog\/wp-json\/wp\/v2\/posts\/24746\/revisions"}],"predecessor-version":[{"id":24755,"href":"https:\/\/www.damianzimmermann.de\/blog\/wp-json\/wp\/v2\/posts\/24746\/revisions\/24755"}],"wp:featuredmedia":[{"embeddable":true,"href":"https:\/\/www.damianzimmermann.de\/blog\/wp-json\/wp\/v2\/media\/21655"}],"wp:attachment":[{"href":"https:\/\/www.damianzimmermann.de\/blog\/wp-json\/wp\/v2\/media?parent=24746"}],"wp:term":[{"taxonomy":"category","embeddable":true,"href":"https:\/\/www.damianzimmermann.de\/blog\/wp-json\/wp\/v2\/categories?post=24746"},{"taxonomy":"post_tag","embeddable":true,"href":"https:\/\/www.damianzimmermann.de\/blog\/wp-json\/wp\/v2\/tags?post=24746"}],"curies":[{"name":"wp","href":"https:\/\/api.w.org\/{rel}","templated":true}]}}