{"id":24317,"date":"2023-04-26T09:00:07","date_gmt":"2023-04-26T07:00:07","guid":{"rendered":"http:\/\/www.damianzimmermann.de\/blog\/?p=24317"},"modified":"2023-05-26T09:21:09","modified_gmt":"2023-05-26T07:21:09","slug":"interview-mit-mitch-epstein","status":"publish","type":"post","link":"https:\/\/www.damianzimmermann.de\/blog\/interview-mit-mitch-epstein\/","title":{"rendered":"Interview mit Mitch Epstein"},"content":{"rendered":"<p>Der New Yorker <strong>Mitch Epstein<\/strong> (Jahrgang 1952) geh\u00f6rt zu den wohl wichtigsten fotografischen Chronisten des amerikanischen Lebens. Gerade sind seine beiden B\u00fccher &#8222;Recreation&#8220; und &#8222;Silver + Chrome&#8220; erschienen und die K\u00f6lner Galerie Thomas Zander hat seine fr\u00fchen Fotografien aus &#8222;Silver + Chrome&#8220; in einer (mal wieder) sehr beeindruckenden Ausstellung gezeigt<\/p>\n<p>F\u00fcr ein Interview f\u00fcr die ProfiFoto konnte ich Mitch Epstein in der Galerie treffen. Wir unterhielten uns \u00fcber seine neuen B\u00fccher, warum es manchmal sinnvoll ist alte Entscheidungen neu zu \u00fcberdenken und nat\u00fcrlich auch \u00fcber seinen Lehrer <strong>Garry Winogrand<\/strong>.<\/p>\n<p>Das Interview ist in der ProfiFoto erschienen <a href=\"https:\/\/www.damianzimmermann.de\/blog\/wp-content\/uploads\/32-35_Interview-Mitch-Epstein.pdf\" target=\"_blank\" rel=\"noopener\">und gibt es hier als PDF<\/a>.<\/p>\n<p>Links: <a href=\"https:\/\/mitchepstein.net\/\" target=\"_blank\" rel=\"noopener\">Mitch Epstein<\/a>, <a href=\"https:\/\/steidl.de\/Kuenstler\/Mitch-Epstein-0304203047.html\" target=\"_blank\" rel=\"noopener\">Steidl Verlag<\/a>, <a href=\"https:\/\/www.galeriezander.com\/exhibitions\/46693\/mitch-epstein-silver-chrome\/works\/\" target=\"_blank\" rel=\"noopener\">Galerie Thomas Zander<\/a><\/p>\n\n\t\t<style type=\"text\/css\">\n\t\t\t#gallery-1 {\n\t\t\t\tmargin: auto;\n\t\t\t}\n\t\t\t#gallery-1 .gallery-item {\n\t\t\t\tfloat: left;\n\t\t\t\tmargin-top: 10px;\n\t\t\t\ttext-align: center;\n\t\t\t\twidth: 100%;\n\t\t\t}\n\t\t\t#gallery-1 img {\n\t\t\t\tborder: 2px solid #cfcfcf;\n\t\t\t}\n\t\t\t#gallery-1 .gallery-caption {\n\t\t\t\tmargin-left: 0;\n\t\t\t}\n\t\t\t\/* see gallery_shortcode() in wp-includes\/media.php *\/\n\t\t<\/style>\n\t\t<div id='gallery-1' class='gallery galleryid-24317 gallery-columns-1 gallery-size-large'><dl class='gallery-item'>\n\t\t\t<dt class='gallery-icon landscape'>\n\t\t\t\t<img loading=\"lazy\" decoding=\"async\" width=\"620\" height=\"414\" src=\"https:\/\/www.damianzimmermann.de\/blog\/wp-content\/uploads\/52-05.1974-33-Fifth-Avenue-New-York-City-VI-1974.jpg\" class=\"attachment-large size-large\" alt=\"\" aria-describedby=\"gallery-1-24323\" srcset=\"https:\/\/www.damianzimmermann.de\/blog\/wp-content\/uploads\/52-05.1974-33-Fifth-Avenue-New-York-City-VI-1974.jpg 1000w, https:\/\/www.damianzimmermann.de\/blog\/wp-content\/uploads\/52-05.1974-33-Fifth-Avenue-New-York-City-VI-1974-200x133.jpg 200w, https:\/\/www.damianzimmermann.de\/blog\/wp-content\/uploads\/52-05.1974-33-Fifth-Avenue-New-York-City-VI-1974-768x512.jpg 768w, https:\/\/www.damianzimmermann.de\/blog\/wp-content\/uploads\/52-05.1974-33-Fifth-Avenue-New-York-City-VI-1974-973x649.jpg 973w, https:\/\/www.damianzimmermann.de\/blog\/wp-content\/uploads\/52-05.1974-33-Fifth-Avenue-New-York-City-VI-1974-508x339.jpg 508w\" sizes=\"auto, (max-width: 620px) 100vw, 620px\" \/>\n\t\t\t<\/dt>\n\t\t\t\t<dd class='wp-caption-text gallery-caption' id='gallery-1-24323'>\n\t\t\t\tMitch Epstein: &#8222;Fifth Avenue, New York City VI&#8220; 1974\n\t\t\t\t<\/dd><\/dl><br style=\"clear: both\" \/><dl class='gallery-item'>\n\t\t\t<dt class='gallery-icon landscape'>\n\t\t\t\t<img loading=\"lazy\" decoding=\"async\" width=\"620\" height=\"414\" src=\"https:\/\/www.damianzimmermann.de\/blog\/wp-content\/uploads\/05-01.1974-2-Fifth-Avenue-New-York-City-II-1974.jpg\" class=\"attachment-large size-large\" alt=\"\" aria-describedby=\"gallery-1-24319\" srcset=\"https:\/\/www.damianzimmermann.de\/blog\/wp-content\/uploads\/05-01.1974-2-Fifth-Avenue-New-York-City-II-1974.jpg 1000w, https:\/\/www.damianzimmermann.de\/blog\/wp-content\/uploads\/05-01.1974-2-Fifth-Avenue-New-York-City-II-1974-200x133.jpg 200w, https:\/\/www.damianzimmermann.de\/blog\/wp-content\/uploads\/05-01.1974-2-Fifth-Avenue-New-York-City-II-1974-768x512.jpg 768w, https:\/\/www.damianzimmermann.de\/blog\/wp-content\/uploads\/05-01.1974-2-Fifth-Avenue-New-York-City-II-1974-973x649.jpg 973w, https:\/\/www.damianzimmermann.de\/blog\/wp-content\/uploads\/05-01.1974-2-Fifth-Avenue-New-York-City-II-1974-508x339.jpg 508w\" sizes=\"auto, (max-width: 620px) 100vw, 620px\" \/>\n\t\t\t<\/dt>\n\t\t\t\t<dd class='wp-caption-text gallery-caption' id='gallery-1-24319'>\n\t\t\t\tMitch Epstein: &#8222;Fifth Avenue, New York City II&#8220; 1974\n\t\t\t\t<\/dd><\/dl><br style=\"clear: both\" \/><dl class='gallery-item'>\n\t\t\t<dt class='gallery-icon landscape'>\n\t\t\t\t<img loading=\"lazy\" decoding=\"async\" width=\"620\" height=\"414\" src=\"https:\/\/www.damianzimmermann.de\/blog\/wp-content\/uploads\/30-02.1975-13-Mardi-Gras-New-Orleans-Louisiana-III-1975.jpg\" class=\"attachment-large size-large\" alt=\"\" aria-describedby=\"gallery-1-24320\" srcset=\"https:\/\/www.damianzimmermann.de\/blog\/wp-content\/uploads\/30-02.1975-13-Mardi-Gras-New-Orleans-Louisiana-III-1975.jpg 1000w, https:\/\/www.damianzimmermann.de\/blog\/wp-content\/uploads\/30-02.1975-13-Mardi-Gras-New-Orleans-Louisiana-III-1975-200x133.jpg 200w, https:\/\/www.damianzimmermann.de\/blog\/wp-content\/uploads\/30-02.1975-13-Mardi-Gras-New-Orleans-Louisiana-III-1975-768x512.jpg 768w, https:\/\/www.damianzimmermann.de\/blog\/wp-content\/uploads\/30-02.1975-13-Mardi-Gras-New-Orleans-Louisiana-III-1975-973x649.jpg 973w, https:\/\/www.damianzimmermann.de\/blog\/wp-content\/uploads\/30-02.1975-13-Mardi-Gras-New-Orleans-Louisiana-III-1975-508x339.jpg 508w\" sizes=\"auto, (max-width: 620px) 100vw, 620px\" \/>\n\t\t\t<\/dt>\n\t\t\t\t<dd class='wp-caption-text gallery-caption' id='gallery-1-24320'>\n\t\t\t\tMitch Epstein: &#8222;Mardi Gras, New Orleans, Louisiana III&#8220; 1975\n\t\t\t\t<\/dd><\/dl><br style=\"clear: both\" \/><dl class='gallery-item'>\n\t\t\t<dt class='gallery-icon landscape'>\n\t\t\t\t<img loading=\"lazy\" decoding=\"async\" width=\"620\" height=\"412\" src=\"https:\/\/www.damianzimmermann.de\/blog\/wp-content\/uploads\/01-F.55.75-32-Bethesda-Fountain-Central-Park-New-York-City-1975.jpg\" class=\"attachment-large size-large\" alt=\"\" aria-describedby=\"gallery-1-24318\" srcset=\"https:\/\/www.damianzimmermann.de\/blog\/wp-content\/uploads\/01-F.55.75-32-Bethesda-Fountain-Central-Park-New-York-City-1975.jpg 1000w, https:\/\/www.damianzimmermann.de\/blog\/wp-content\/uploads\/01-F.55.75-32-Bethesda-Fountain-Central-Park-New-York-City-1975-200x133.jpg 200w, https:\/\/www.damianzimmermann.de\/blog\/wp-content\/uploads\/01-F.55.75-32-Bethesda-Fountain-Central-Park-New-York-City-1975-768x511.jpg 768w, https:\/\/www.damianzimmermann.de\/blog\/wp-content\/uploads\/01-F.55.75-32-Bethesda-Fountain-Central-Park-New-York-City-1975-973x647.jpg 973w, https:\/\/www.damianzimmermann.de\/blog\/wp-content\/uploads\/01-F.55.75-32-Bethesda-Fountain-Central-Park-New-York-City-1975-508x338.jpg 508w\" sizes=\"auto, (max-width: 620px) 100vw, 620px\" \/>\n\t\t\t<\/dt>\n\t\t\t\t<dd class='wp-caption-text gallery-caption' id='gallery-1-24318'>\n\t\t\t\tMitch Epstein: &#8222;Bethesda Fountain, Central Park, New York City&#8220; 1975\n\t\t\t\t<\/dd><\/dl><br style=\"clear: both\" \/><dl class='gallery-item'>\n\t\t\t<dt class='gallery-icon landscape'>\n\t\t\t\t<img loading=\"lazy\" decoding=\"async\" width=\"620\" height=\"412\" src=\"https:\/\/www.damianzimmermann.de\/blog\/wp-content\/uploads\/42-W.76.45-27-Fifth-Avenue-New-York-City-V-1976.jpg\" class=\"attachment-large size-large\" alt=\"\" aria-describedby=\"gallery-1-24321\" srcset=\"https:\/\/www.damianzimmermann.de\/blog\/wp-content\/uploads\/42-W.76.45-27-Fifth-Avenue-New-York-City-V-1976.jpg 1000w, https:\/\/www.damianzimmermann.de\/blog\/wp-content\/uploads\/42-W.76.45-27-Fifth-Avenue-New-York-City-V-1976-200x133.jpg 200w, https:\/\/www.damianzimmermann.de\/blog\/wp-content\/uploads\/42-W.76.45-27-Fifth-Avenue-New-York-City-V-1976-768x510.jpg 768w, https:\/\/www.damianzimmermann.de\/blog\/wp-content\/uploads\/42-W.76.45-27-Fifth-Avenue-New-York-City-V-1976-973x646.jpg 973w, https:\/\/www.damianzimmermann.de\/blog\/wp-content\/uploads\/42-W.76.45-27-Fifth-Avenue-New-York-City-V-1976-508x337.jpg 508w\" sizes=\"auto, (max-width: 620px) 100vw, 620px\" \/>\n\t\t\t<\/dt>\n\t\t\t\t<dd class='wp-caption-text gallery-caption' id='gallery-1-24321'>\n\t\t\t\tMitch Epstein: &#8222;Fifth Avenue, New York City V&#8220; 1976\n\t\t\t\t<\/dd><\/dl><br style=\"clear: both\" \/><dl class='gallery-item'>\n\t\t\t<dt class='gallery-icon landscape'>\n\t\t\t\t<img loading=\"lazy\" decoding=\"async\" width=\"620\" height=\"413\" src=\"https:\/\/www.damianzimmermann.de\/blog\/wp-content\/uploads\/51-W.76.58-28-Fifth-Avenue-New-York-City-VI-1976.jpg\" class=\"attachment-large size-large\" alt=\"\" aria-describedby=\"gallery-1-24322\" srcset=\"https:\/\/www.damianzimmermann.de\/blog\/wp-content\/uploads\/51-W.76.58-28-Fifth-Avenue-New-York-City-VI-1976.jpg 1000w, https:\/\/www.damianzimmermann.de\/blog\/wp-content\/uploads\/51-W.76.58-28-Fifth-Avenue-New-York-City-VI-1976-200x133.jpg 200w, https:\/\/www.damianzimmermann.de\/blog\/wp-content\/uploads\/51-W.76.58-28-Fifth-Avenue-New-York-City-VI-1976-768x511.jpg 768w, https:\/\/www.damianzimmermann.de\/blog\/wp-content\/uploads\/51-W.76.58-28-Fifth-Avenue-New-York-City-VI-1976-973x648.jpg 973w, https:\/\/www.damianzimmermann.de\/blog\/wp-content\/uploads\/51-W.76.58-28-Fifth-Avenue-New-York-City-VI-1976-508x338.jpg 508w\" sizes=\"auto, (max-width: 620px) 100vw, 620px\" \/>\n\t\t\t<\/dt>\n\t\t\t\t<dd class='wp-caption-text gallery-caption' id='gallery-1-24322'>\n\t\t\t\tMitch Epstein: &#8222;Fifth Avenue, New York City VI&#8220; 1976\n\t\t\t\t<\/dd><\/dl><br style=\"clear: both\" \/>\n\t\t<\/div>\n\n","protected":false},"excerpt":{"rendered":"<p>Der New Yorker Mitch Epstein (Jahrgang 1952) geh\u00f6rt zu den wohl wichtigsten fotografischen Chronisten des amerikanischen Lebens. Gerade sind seine beiden B\u00fccher &#8222;Recreation&#8220; und &#8222;Silver + Chrome&#8220; erschienen&#8230;<\/p>\n","protected":false},"author":1,"featured_media":24324,"comment_status":"closed","ping_status":"closed","sticky":false,"template":"","format":"standard","meta":{"footnotes":""},"categories":[6,7,1163],"tags":[359,935,2433,145],"class_list":["post-24317","post","type-post","status-publish","format-standard","has-post-thumbnail","hentry","category-ausstellungen","category-fotobuecher","category-interviews","tag-garry-winogrand","tag-mitch-epstein","tag-new-york","tag-the-new-color-photography"],"_links":{"self":[{"href":"https:\/\/www.damianzimmermann.de\/blog\/wp-json\/wp\/v2\/posts\/24317","targetHints":{"allow":["GET"]}}],"collection":[{"href":"https:\/\/www.damianzimmermann.de\/blog\/wp-json\/wp\/v2\/posts"}],"about":[{"href":"https:\/\/www.damianzimmermann.de\/blog\/wp-json\/wp\/v2\/types\/post"}],"author":[{"embeddable":true,"href":"https:\/\/www.damianzimmermann.de\/blog\/wp-json\/wp\/v2\/users\/1"}],"replies":[{"embeddable":true,"href":"https:\/\/www.damianzimmermann.de\/blog\/wp-json\/wp\/v2\/comments?post=24317"}],"version-history":[{"count":8,"href":"https:\/\/www.damianzimmermann.de\/blog\/wp-json\/wp\/v2\/posts\/24317\/revisions"}],"predecessor-version":[{"id":24333,"href":"https:\/\/www.damianzimmermann.de\/blog\/wp-json\/wp\/v2\/posts\/24317\/revisions\/24333"}],"wp:featuredmedia":[{"embeddable":true,"href":"https:\/\/www.damianzimmermann.de\/blog\/wp-json\/wp\/v2\/media\/24324"}],"wp:attachment":[{"href":"https:\/\/www.damianzimmermann.de\/blog\/wp-json\/wp\/v2\/media?parent=24317"}],"wp:term":[{"taxonomy":"category","embeddable":true,"href":"https:\/\/www.damianzimmermann.de\/blog\/wp-json\/wp\/v2\/categories?post=24317"},{"taxonomy":"post_tag","embeddable":true,"href":"https:\/\/www.damianzimmermann.de\/blog\/wp-json\/wp\/v2\/tags?post=24317"}],"curies":[{"name":"wp","href":"https:\/\/api.w.org\/{rel}","templated":true}]}}